{"id":110677,"date":"2012-11-10T00:05:21","date_gmt":"2012-11-10T06:05:21","guid":{"rendered":"http:\/\/www.diarioimagen.net\/?p=110677"},"modified":"2012-11-12T02:45:10","modified_gmt":"2012-11-12T08:45:10","slug":"enrique-pena-nieto-y-felipe-calderon-se-reunen-nuevamente-en-los-pinos","status":"publish","type":"post","link":"https:\/\/www.diarioimagen.net\/?p=110677","title":{"rendered":"Enrique Pe\u00f1a Nieto y Felipe Calder\u00f3n se re\u00fanen nuevamente en Los Pinos"},"content":{"rendered":"<div id=\"attachment_108683\" style=\"width: 250px\" class=\"wp-caption alignleft\"><a class=\"highslide\" onclick=\"return vz.expand(this)\" href=\"http:\/\/www.diarioimagen.net\/wp-content\/uploads\/2012\/10\/epn-1965.jpg\"><img loading=\"lazy\" decoding=\"async\" aria-describedby=\"caption-attachment-108683\" class=\"size-medium wp-image-108683\" title=\"epn-1965\" src=\"http:\/\/www.diarioimagen.net\/wp-content\/uploads\/2012\/10\/epn-1965-240x135.jpg\" alt=\"\" width=\"240\" height=\"135\" \/><\/a><p id=\"caption-attachment-108683\" class=\"wp-caption-text\">Un nuevo encuentro entre los presidentes constitucional y electo, Felipe Calder\u00f3n y Enrique Pe\u00f1a Nieto, se produjo ayer en Los Pinos.<\/p><\/div>\n<p>El presidente, Felipe Calder\u00f3n Hinojosa y el mandatario electo de M\u00e9xico, Enrique Pe\u00f1a Nieto, concluyeron la reuni\u00f3n de seguimiento al proceso de entrega\u00a0<label>recepci\u00f3n<\/label>\u00a0de la administraci\u00f3n\u00a0<label>p\u00fablica<\/label>\u00a0federal, tras\u00a0<label>casi<\/label>\u00a0dos horas de conversaciones privadas en la residencia oficial de Los Pinos.<\/p>\n<p>El presidente electo lleg\u00f3 a la Casa Presidencial a las 11:35 horas y se retir\u00f3 a las 13:22 horas de ayer, a bordo de una camioneta\u00a0<label>tipo<\/label>\u00a0Suburban color azul, que integraba un convoy de veh\u00edculos en los que tambi\u00e9n viajaban algunos de sus colaboradores.<\/p>\n<p>Calder\u00f3n Hinojosa y Pe\u00f1a Nieto se han reunido siete veces desde la elecci\u00f3n de julio pasado, de las cuales la primera fue como candidato que obtuvo el mayor n\u00famero de votos en los comicios presidenciales, mientras que las seis restantes han sido en su calidad de Presidente Electo, y entre los temas que han tratado se encuentran seguridad, econom\u00eda y pol\u00edtica exterior.<\/p>\n<p>&nbsp;<\/p>\n","protected":false},"excerpt":{"rendered":"<p>El presidente, Felipe Calder\u00f3n Hinojosa y el mandatario electo de M\u00e9xico, Enrique Pe\u00f1a Nieto, concluyeron la reuni\u00f3n de seguimiento al proceso de entrega recepci\u00f3n de la administraci\u00f3n p\u00fablica federal, tras casi dos horas de conversaciones privadas en la residencia oficial de Los Pinos.<\/p>\n","protected":false},"author":1,"featured_media":0,"comment_status":"open","ping_status":"open","sticky":false,"template":"","format":"standard","meta":{"_monsterinsights_skip_tracking":false,"_monsterinsights_sitenote_active":false,"_monsterinsights_sitenote_note":"","_monsterinsights_sitenote_category":0,"footnotes":""},"categories":[17],"tags":[18,43673],"class_list":["post-110677","post","type-post","status-publish","format-standard","hentry","category-especiales","tag-enrique-pena-nieto","tag-nacional"],"_links":{"self":[{"href":"https:\/\/www.diarioimagen.net\/index.php?rest_route=\/wp\/v2\/posts\/110677","targetHints":{"allow":["GET"]}}],"collection":[{"href":"https:\/\/www.diarioimagen.net\/index.php?rest_route=\/wp\/v2\/posts"}],"about":[{"href":"https:\/\/www.diarioimagen.net\/index.php?rest_route=\/wp\/v2\/types\/post"}],"author":[{"embeddable":true,"href":"https:\/\/www.diarioimagen.net\/index.php?rest_route=\/wp\/v2\/users\/1"}],"replies":[{"embeddable":true,"href":"https:\/\/www.diarioimagen.net\/index.php?rest_route=%2Fwp%2Fv2%2Fcomments&post=110677"}],"version-history":[{"count":0,"href":"https:\/\/www.diarioimagen.net\/index.php?rest_route=\/wp\/v2\/posts\/110677\/revisions"}],"wp:attachment":[{"href":"https:\/\/www.diarioimagen.net\/index.php?rest_route=%2Fwp%2Fv2%2Fmedia&parent=110677"}],"wp:term":[{"taxonomy":"category","embeddable":true,"href":"https:\/\/www.diarioimagen.net\/index.php?rest_route=%2Fwp%2Fv2%2Fcategories&post=110677"},{"taxonomy":"post_tag","embeddable":true,"href":"https:\/\/www.diarioimagen.net\/index.php?rest_route=%2Fwp%2Fv2%2Ftags&post=110677"}],"curies":[{"name":"wp","href":"https:\/\/api.w.org\/{rel}","templated":true}]}}