{"id":110726,"date":"2012-11-12T00:06:04","date_gmt":"2012-11-12T06:06:04","guid":{"rendered":"http:\/\/www.diarioimagen.net\/?p=110726"},"modified":"2012-11-13T01:30:40","modified_gmt":"2012-11-13T07:30:40","slug":"oooootra-policia-federal","status":"publish","type":"post","link":"https:\/\/www.diarioimagen.net\/?p=110726","title":{"rendered":"Oooootra Polic\u00eda Federal"},"content":{"rendered":"<h2>\u00cdndice pol\u00edtico<\/h2>\n<h5>Francisco Rodr\u00edguez<\/h5>\n<p><span><br \/>\nGenaro Garc\u00eda Luna tiene manos de est\u00f3mago. Todo lo que toca lo convierte en\u2026 detritus. \u201cInvent\u00f3\u201d la Agencia Federal de Investigaciones \u2014para sustituir a la Polic\u00eda Judicial de la Federaci\u00f3n\u2014 y la hizo po\u2026 polvo.<\/span><\/p>\n<p>Ha sucedido igual con su nueva \u201cocurrencia\u201d, la Polic\u00eda Federal, de la que ahora nos dicen los legisladores es una mi\u2026 asma.\u00a0 Pruebas de ello hay por todas partes. Y es que, tambi\u00e9n se ha dicho muchas veces, a Garc\u00eda Luna \u2014ingeniero electricista de profesi\u00f3n\u2014, se le da m\u00e1s lo de iluminador de sets televisivos que de estratega policiaco.<\/p>\n<p>Lo ha favorecido esta \u00e9poca televisiva del<em> reality show<\/em>, basado en el morbo que produce al televidente ser testigo directo de las desgracias y periplos ajenos, y la ha perfeccionado mediante la t\u00e9cnica de tirotearlo con una sarta de tristes testimonios sobre sus interioridades.<\/p>\n<p>En previsi\u00f3n de su declive, comienzan a probarse otras f\u00f3rmulas, y qu\u00e9 mejor que ahondar en profesiones \u2014como la policial- con reconocido gancho, a pesar de que haya que manipularlas para hacerlas rentables.<\/p>\n<p>Hagamos memoria. Ante los espectadores, la primera aproximaci\u00f3n a la polic\u00eda la abord\u00f3 el cine, que desde su \u00e9poca muda ya gustaba de utilizar al cl\u00e1sico <em>bobby<\/em> (polic\u00eda ingl\u00e9s) que era normalmente ridiculizado.<\/p>\n<p>M\u00e1s tarde, los filmes del oeste americano nos acercaron al ideal de la ley y el orden mediante la ya inmortalizada figura del sheriff, todo un ejemplo de honradez y valent\u00eda.<\/p>\n<p>Modernizado el celuloide, \u00e9ste se reorient\u00f3 hacia las pel\u00edculas del llamado g\u00e9nero polic\u00edaco. Y aqu\u00ed hay de todo: desde s\u00faperpolic\u00edas superh\u00e9roes, hasta el manido ejemplo del polic\u00eda corrupto (del que en todas partes hay de sobra), pasando por la archiconocida pareja de polic\u00eda bueno-polic\u00eda malo.<\/p>\n<p>Y Garc\u00eda Luna se mont\u00f3 en todos esos g\u00e9neros para sus producciones m\u00e1s que \u201cchafitas\u201d.<\/p>\n<p>Antes, con la AFI la que a\u00fan estelariza la francesa Florence Cassez. Ahora con la PF, otras muy memorables, como la del secuestrador de un avi\u00f3n que portaba peligrosa lata de jugo hasta la emboscada a los agentes estadounidenses con los que la Marina Armada ha hecho dupla.<\/p>\n<p>Caras producciones, fallidos resultados.<\/p>\n<p>Garc\u00eda Luna es as\u00ed como el \u201cmagazo\u201d de la televisi\u00f3n. Siempre deja ver el esqueleto del truco.<\/p>\n<p align=\"center\"><strong>EL PLAN PE\u00d1A NIETO<\/strong><\/p>\n<p>De sus viajes internacionales en calidad de presidente electo, el se\u00f1or Enrique Pe\u00f1a ha tra\u00eddo novedades no tan nuevas. Crear <em>oooootra<\/em> polic\u00eda de la Federaci\u00f3n. En su reciente visita a Francia, por ejemplo, dijo que su propuesta se inspira en la gendarmer\u00eda del pa\u00eds galo, precisamente.<\/p>\n<p>Denominada desde 2009 como Polic\u00eda Nacional de Francia, la <em>gendarmerie<\/em> es una fuerza del Ej\u00e9rcito dedicada a actividades policiacas. Esto es que, de concretar su anuncio el mexiquense , tendr\u00edamos que los gendarmes mexicanos depender\u00edan de la Defensa Nacional o, como reci\u00e9n ocurri\u00f3 en la propia Francia, pasar\u00edan al control de lo que aqu\u00ed llamamos Secretar\u00eda de Gobernaci\u00f3n.<\/p>\n<p>Desaparecer a la Secretar\u00eda de Seguridad P\u00fablica parece, en todo caso, la intenci\u00f3n del pr\u00f3ximo gobierno. Pero de ser as\u00ed, debe responsabilizarse a Garc\u00eda Luna de tan estrepitoso y, adem\u00e1s, muy oneroso fracaso.<\/p>\n<p>Ya recibi\u00f3 don Genaro un primer \u201ctoquecito\u201d con el nombramiento de Roberto Campa Cifri\u00e1n \u2013a quien ech\u00f3 de su cargo, mediante uno de sus cl\u00e1sicos montajes medi\u00e1ticos\u2014, como responsable de la transici\u00f3n en materia de seguridad p\u00fablica.<\/p>\n<p>No ser\u00eda de extra\u00f1ar que en los pr\u00f3ximos d\u00edas recibiera varios m\u00e1s, tras hacerse p\u00fablica la indebida protecci\u00f3n que brind\u00f3 a los delincuentes, habilitados como polic\u00edas federales, que emboscaron y tirotearon a la camioneta en la que viajaban los dos agentes estadounidenses y un oficial de la Marina Armada, en el rumbo de Tres Mar\u00edas, del estado de Morelos. <em>Sic gloria transit mundi<\/em>, don Genaro.<\/p>\n<p><strong><em>\u00cdndice Flam\u00edgero: <\/em><\/strong>Es preocupante y alarmante el nivel de corrupci\u00f3n que se manifiesta al interior de la Polic\u00eda Federal, dijo apenas el senador Pablo Escudero Morales, presidente de la Comisi\u00f3n Anticorrupci\u00f3n y Participaci\u00f3n Ciudadana de la C\u00e1mara Alta. + + + S\u00f3lo 18 d\u00edas nos separan del fin de uno de los sexenios m\u00e1s corruptos de la historia reciente de M\u00e9xico. En 18 d\u00edas se va Felipe Calder\u00f3n, pero \u00bfno habr\u00eda que responsabilizarlo tambi\u00e9n de tantos fracasos, retrocesos y corruptelas?<\/p>\n<p><em><a href=\"http:\/\/www.indicepolitico.com\/\" target=\"_blank\"><em>www.indicepolitico.com<\/em><\/a><br \/>\n<\/em><em><a href=\"mailto:pacorodriguez@journalist.com\" target=\"_blank\">pacorodriguez@journalist.com<\/a><\/em><\/p>\n","protected":false},"excerpt":{"rendered":"<p><span style=\"color: #005497;\"><strong>Francisco Rodr\u00edguez<\/strong><\/span><\/p>\n","protected":false},"author":3,"featured_media":0,"comment_status":"open","ping_status":"open","sticky":false,"template":"","format":"standard","meta":{"_monsterinsights_skip_tracking":false,"_monsterinsights_sitenote_active":false,"_monsterinsights_sitenote_note":"","_monsterinsights_sitenote_category":0,"footnotes":""},"categories":[549],"tags":[15806,43689,550,43674],"class_list":["post-110726","post","type-post","status-publish","format-standard","hentry","category-francisco-rodriguez","tag-afi","tag-francisco-rodriguez","tag-indice-politico","tag-opinion"],"_links":{"self":[{"href":"https:\/\/www.diarioimagen.net\/index.php?rest_route=\/wp\/v2\/posts\/110726","targetHints":{"allow":["GET"]}}],"collection":[{"href":"https:\/\/www.diarioimagen.net\/index.php?rest_route=\/wp\/v2\/posts"}],"about":[{"href":"https:\/\/www.diarioimagen.net\/index.php?rest_route=\/wp\/v2\/types\/post"}],"author":[{"embeddable":true,"href":"https:\/\/www.diarioimagen.net\/index.php?rest_route=\/wp\/v2\/users\/3"}],"replies":[{"embeddable":true,"href":"https:\/\/www.diarioimagen.net\/index.php?rest_route=%2Fwp%2Fv2%2Fcomments&post=110726"}],"version-history":[{"count":0,"href":"https:\/\/www.diarioimagen.net\/index.php?rest_route=\/wp\/v2\/posts\/110726\/revisions"}],"wp:attachment":[{"href":"https:\/\/www.diarioimagen.net\/index.php?rest_route=%2Fwp%2Fv2%2Fmedia&parent=110726"}],"wp:term":[{"taxonomy":"category","embeddable":true,"href":"https:\/\/www.diarioimagen.net\/index.php?rest_route=%2Fwp%2Fv2%2Fcategories&post=110726"},{"taxonomy":"post_tag","embeddable":true,"href":"https:\/\/www.diarioimagen.net\/index.php?rest_route=%2Fwp%2Fv2%2Ftags&post=110726"}],"curies":[{"name":"wp","href":"https:\/\/api.w.org\/{rel}","templated":true}]}}