{"id":110766,"date":"2012-11-12T00:03:39","date_gmt":"2012-11-12T06:03:39","guid":{"rendered":"http:\/\/www.diarioimagen.net\/?p=110766"},"modified":"2012-11-13T03:57:27","modified_gmt":"2012-11-13T09:57:27","slug":"calderon-solo-deja-luto-en-miles-de-familias-amlo","status":"publish","type":"post","link":"https:\/\/www.diarioimagen.net\/?p=110766","title":{"rendered":"Calder\u00f3n s\u00f3lo deja luto en miles de familias: AMLO"},"content":{"rendered":"<ul>\n<li><strong><em>Se va, pero no podr\u00e1 vivir con la conciencia tranquila<\/em><\/strong><\/li>\n<\/ul>\n<div id=\"attachment_110809\" style=\"width: 250px\" class=\"wp-caption alignleft\"><a class=\"highslide\" onclick=\"return vz.expand(this)\" href=\"http:\/\/www.diarioimagen.net\/wp-content\/uploads\/2012\/11\/AMLO-1978.jpg\"><img loading=\"lazy\" decoding=\"async\" aria-describedby=\"caption-attachment-110809\" class=\"size-medium wp-image-110809\" title=\"AMLO-1978\" src=\"http:\/\/www.diarioimagen.net\/wp-content\/uploads\/2012\/11\/AMLO-1978-240x135.jpg\" alt=\"\" width=\"240\" height=\"135\" \/><\/a><p id=\"caption-attachment-110809\" class=\"wp-caption-text\">El ex candidato presidencial, Andr\u00e9s Manuel L\u00f3pez Obrador, reproch\u00f3 desde Chiapas al presidente Calder\u00f3n su forma de gobernar.<\/p><\/div>\n<p><strong>Tuxtla Guti\u00e9rrez, Chiapas<\/strong>.- Andr\u00e9s Manuel L\u00f3pez Obrador asegur\u00f3 ayer que los seis a\u00f1os de mal gobierno de Felipe Calder\u00f3n s\u00f3lo llen\u00f3 de luto a miles de familias mexicanas, hubo mucho sufrimiento.<\/p>\n<p>Indic\u00f3 que Calder\u00f3n Hinojosa termin\u00f3 su sexenio y \u00a0\u201cse va ahora protegido, pero no va a poder vivir con su conciencia tranquila\u201d.<\/p>\n<p>En entrevista con medios de comunicaci\u00f3n anunci\u00f3 que presentar\u00e1 hoy \u00a0a las 18:00 horas, su nuevo libro: \u201cNo decir adi\u00f3s a la esperanza\u201d, en el Centro Cultural San \u00c1ngel, donde sostiene como tesis \u201cque debemos de dedicar nuestra existencia a buscar la felicidad del pr\u00f3jimo, que podemos ser felices buscando la felicidad del pr\u00f3jimo, si as\u00ed entendemos las cosas, vamos a poder salir adelante\u201d.<\/p>\n<p>En otro orden de ideas, inform\u00f3 que ayer termin\u00f3 su recorrido por las 32 entidades del pa\u00eds, que inici\u00f3 el pasado 10 de octubre, para participar en los congresos estatales.<\/p>\n<p>Al concluir los congresos en las entidades, L\u00f3pez Obrador inform\u00f3 que la gente voto en su mayor\u00eda que el Movimiento Regeneraci\u00f3n Nacional (Morena) se convierta en partido pol\u00edtico, aunque parece una paradoja o una contradicci\u00f3n.<\/p>\n<p>\u201cLas personas quieren que Morena sea un partido, porque creen que Morena va a ser algo diferente, distinto y eso nos obliga a cuidar a Morena que no haya desviaciones, que no haya vicios como sabemos que hay en los partidos y en las organizaciones sociales\u201d, mencion\u00f3.<\/p>\n<p>Explic\u00f3 que iniciar\u00e1 una nueva etapa en Morena para que siga siendo un referente moral, que sea un instrumento de lucha al servicio de la sociedad, al servicio del pueblo y no un instrumento para beneficio de dirigentes, y mucho menos para estar al servicio del poder.<\/p>\n","protected":false},"excerpt":{"rendered":"<p>Andr\u00e9s Manuel L\u00f3pez Obrador asegur\u00f3 ayer que los seis a\u00f1os de mal gobierno de Felipe Calder\u00f3n s\u00f3lo llen\u00f3 de luto a miles de familias mexicanas, hubo mucho sufrimiento. Indic\u00f3 que Calder\u00f3n Hinojosa termin\u00f3 su sexenio y  \u201cse va ahora protegido, pero no va a poder vivir con su conciencia tranquila\u201d.<\/p>\n","protected":false},"author":3,"featured_media":0,"comment_status":"open","ping_status":"open","sticky":false,"template":"","format":"standard","meta":{"_monsterinsights_skip_tracking":false,"_monsterinsights_sitenote_active":false,"_monsterinsights_sitenote_note":"","_monsterinsights_sitenote_category":0,"footnotes":""},"categories":[17,3],"tags":[2545,1352,2269,43673,3150],"class_list":["post-110766","post","type-post","status-publish","format-standard","hentry","category-especiales","category-nacional","tag-amlo","tag-andres-manuel-lopez-obrador","tag-chiapas","tag-nacional","tag-tuxtla-gutierrez"],"_links":{"self":[{"href":"https:\/\/www.diarioimagen.net\/index.php?rest_route=\/wp\/v2\/posts\/110766","targetHints":{"allow":["GET"]}}],"collection":[{"href":"https:\/\/www.diarioimagen.net\/index.php?rest_route=\/wp\/v2\/posts"}],"about":[{"href":"https:\/\/www.diarioimagen.net\/index.php?rest_route=\/wp\/v2\/types\/post"}],"author":[{"embeddable":true,"href":"https:\/\/www.diarioimagen.net\/index.php?rest_route=\/wp\/v2\/users\/3"}],"replies":[{"embeddable":true,"href":"https:\/\/www.diarioimagen.net\/index.php?rest_route=%2Fwp%2Fv2%2Fcomments&post=110766"}],"version-history":[{"count":0,"href":"https:\/\/www.diarioimagen.net\/index.php?rest_route=\/wp\/v2\/posts\/110766\/revisions"}],"wp:attachment":[{"href":"https:\/\/www.diarioimagen.net\/index.php?rest_route=%2Fwp%2Fv2%2Fmedia&parent=110766"}],"wp:term":[{"taxonomy":"category","embeddable":true,"href":"https:\/\/www.diarioimagen.net\/index.php?rest_route=%2Fwp%2Fv2%2Fcategories&post=110766"},{"taxonomy":"post_tag","embeddable":true,"href":"https:\/\/www.diarioimagen.net\/index.php?rest_route=%2Fwp%2Fv2%2Ftags&post=110766"}],"curies":[{"name":"wp","href":"https:\/\/api.w.org\/{rel}","templated":true}]}}