{"id":110768,"date":"2012-11-12T00:02:50","date_gmt":"2012-11-12T06:02:50","guid":{"rendered":"http:\/\/www.diarioimagen.net\/?p=110768"},"modified":"2012-11-13T03:57:19","modified_gmt":"2012-11-13T09:57:19","slug":"humberto-moreira-demanda-al-empresario-guadiana-tijerina","status":"publish","type":"post","link":"https:\/\/www.diarioimagen.net\/?p=110768","title":{"rendered":"Humberto Moreira demanda al empresario Guadiana Tijerina"},"content":{"rendered":"<ul>\n<li><strong><em>Por presunto da\u00f1o moral<\/em><\/strong><\/li>\n<\/ul>\n<div id=\"attachment_110811\" style=\"width: 250px\" class=\"wp-caption alignleft\"><a class=\"highslide\" onclick=\"return vz.expand(this)\" href=\"http:\/\/www.diarioimagen.net\/wp-content\/uploads\/2012\/11\/MOREIRA-1978.jpg\"><img loading=\"lazy\" decoding=\"async\" aria-describedby=\"caption-attachment-110811\" class=\"size-medium wp-image-110811\" title=\"MOREIRA-1978\" src=\"http:\/\/www.diarioimagen.net\/wp-content\/uploads\/2012\/11\/MOREIRA-1978-240x135.jpg\" alt=\"\" width=\"240\" height=\"135\" \/><\/a><p id=\"caption-attachment-110811\" class=\"wp-caption-text\">El ex gobernador de Coahuila anunci\u00f3 su demanda a Armando Guadiana.<\/p><\/div>\n<p>Humberto Moreira, ex presidente nacional del PRI, demand\u00f3 al empresario Armando Guadiana Tijerina por presunto da\u00f1o moral y adelant\u00f3 que interpondr\u00e1 una nueva queja para que se investiguen supuestos v\u00ednculos con el crimen organizado.<\/p>\n<p>En un comunicado fechado en Saltillo, el tambi\u00e9n ex gobernador de Coahuila explic\u00f3 que como parte de las investigaciones del asesinato de su hijo Jos\u00e9 Eduardo, pidi\u00f3 a las autoridades investigar a quienes presuntamente financiaron el crimen, de manera especial en el \u00e1rea del carb\u00f3n.<\/p>\n<p>\u201cDe inmediato sali\u00f3 a la luz el ex habitante del penal del Topo Chico, Armando Guadiana Tijerina a pedir nombres, apareci\u00f3 en un medio nacional la vinculaci\u00f3n de su hermano Jos\u00e9 Luis con quien hace semanas fue detenido por la Secretar\u00eda de la Marina, el se\u00f1or Reynold Bermea\u201d.<\/p>\n<p>\u201cDe ah\u00ed se desprendi\u00f3 una entrevista en la que se\u00f1al\u00e9 y se\u00f1alo que deben ser investigados los hermanos Armando y Jos\u00e9 Luis Guadiana\u201d, refiri\u00f3 el ex dirigente del Partido Revolucionario Institucional.<\/p>\n","protected":false},"excerpt":{"rendered":"<p>Humberto Moreira, ex presidente nacional del PRI, demand\u00f3 al empresario Armando Guadiana Tijerina por presunto da\u00f1o moral y adelant\u00f3 que interpondr\u00e1 una nueva queja para que se investiguen supuestos v\u00ednculos con el crimen organizado. En un comunicado fechado en Saltillo, el tambi\u00e9n ex gobernador de Coahuila explic\u00f3 que como parte de las investigaciones del asesinato de su hijo Jos\u00e9 Eduardo, pidi\u00f3 a las autoridades investigar a quienes presuntamente financiaron el crimen, de manera especial en el \u00e1rea del carb\u00f3n.<\/p>\n","protected":false},"author":3,"featured_media":0,"comment_status":"open","ping_status":"open","sticky":false,"template":"","format":"standard","meta":{"_monsterinsights_skip_tracking":false,"_monsterinsights_sitenote_active":false,"_monsterinsights_sitenote_note":"","_monsterinsights_sitenote_category":0,"footnotes":""},"categories":[17,7],"tags":[38,11593,12713,362,43677],"class_list":["post-110768","post","type-post","status-publish","format-standard","hentry","category-especiales","category-seguridad","tag-coahuila","tag-demanda","tag-humberto-moreira-valdes","tag-pri","tag-seguridad"],"_links":{"self":[{"href":"https:\/\/www.diarioimagen.net\/index.php?rest_route=\/wp\/v2\/posts\/110768","targetHints":{"allow":["GET"]}}],"collection":[{"href":"https:\/\/www.diarioimagen.net\/index.php?rest_route=\/wp\/v2\/posts"}],"about":[{"href":"https:\/\/www.diarioimagen.net\/index.php?rest_route=\/wp\/v2\/types\/post"}],"author":[{"embeddable":true,"href":"https:\/\/www.diarioimagen.net\/index.php?rest_route=\/wp\/v2\/users\/3"}],"replies":[{"embeddable":true,"href":"https:\/\/www.diarioimagen.net\/index.php?rest_route=%2Fwp%2Fv2%2Fcomments&post=110768"}],"version-history":[{"count":0,"href":"https:\/\/www.diarioimagen.net\/index.php?rest_route=\/wp\/v2\/posts\/110768\/revisions"}],"wp:attachment":[{"href":"https:\/\/www.diarioimagen.net\/index.php?rest_route=%2Fwp%2Fv2%2Fmedia&parent=110768"}],"wp:term":[{"taxonomy":"category","embeddable":true,"href":"https:\/\/www.diarioimagen.net\/index.php?rest_route=%2Fwp%2Fv2%2Fcategories&post=110768"},{"taxonomy":"post_tag","embeddable":true,"href":"https:\/\/www.diarioimagen.net\/index.php?rest_route=%2Fwp%2Fv2%2Ftags&post=110768"}],"curies":[{"name":"wp","href":"https:\/\/api.w.org\/{rel}","templated":true}]}}