{"id":110783,"date":"2012-11-12T00:07:11","date_gmt":"2012-11-12T06:07:11","guid":{"rendered":"http:\/\/www.diarioimagen.net\/?p=110783"},"modified":"2012-11-12T02:51:01","modified_gmt":"2012-11-12T08:51:01","slug":"canacintra-urge-a-reactivar-los-sectores-que-impulsen-economia-y-mercado-interno","status":"publish","type":"post","link":"https:\/\/www.diarioimagen.net\/?p=110783","title":{"rendered":"Canacintra urge a reactivar los sectores que impulsen econom\u00eda y mercado interno"},"content":{"rendered":"<ul>\n<li><strong><em>Tambi\u00e9n se\u00f1ala que se deben reestructurar cadenas productivas a niveles superiores al 5.0 por ciento<\/em><\/strong><\/li>\n<\/ul>\n<div id=\"attachment_110836\" style=\"width: 250px\" class=\"wp-caption alignleft\"><a class=\"highslide\" onclick=\"return vz.expand(this)\" href=\"http:\/\/www.diarioimagen.net\/wp-content\/uploads\/2012\/11\/canacintra-1978.jpg\"><img loading=\"lazy\" decoding=\"async\" aria-describedby=\"caption-attachment-110836\" class=\"size-medium wp-image-110836\" title=\"canacintra-1978\" src=\"http:\/\/www.diarioimagen.net\/wp-content\/uploads\/2012\/11\/canacintra-1978-240x135.jpg\" alt=\"\" width=\"240\" height=\"135\" \/><\/a><p id=\"caption-attachment-110836\" class=\"wp-caption-text\">El organismo reiter\u00f3 su petici\u00f3n de cambiar el modelo econ\u00f3mico para reactivar el mercado interno, que es condici\u00f3n para recuperar el crecimiento.<\/p><\/div>\n<p>Ante el cambio de gobierno en el pa\u00eds, la C\u00e1mara Nacional de la Industria de la Transformaci\u00f3n (Canacintra) se\u00f1al\u00f3 la necesidad de reactivar los sectores industriales que impulsan el mercado interno y reestructurar las cadenas productivas que fomenten el crecimiento econ\u00f3mico a niveles superiores al 5.0 por ciento.<\/p>\n<p>El organismo expone, en el documento semanal \u201cSinopsis Econ\u00f3mica\u201d, que frente a las muestras evidentes de que el mercado es incapaz de asignar recursos y de que sus reglas no tienen que ver con la competencia, es indispensable replantear una estrategia industrial sobre la base de un diagn\u00f3stico estructural, es una condici\u00f3n b\u00e1sica para atender los problemas y abrir nuevas opciones de crecimiento.<\/p>\n<p>En estos momentos, precisa, existe un patr\u00f3n dual de crecimiento en la industria manufacturera en donde por un lado se encuentran pocas actividades din\u00e1micas, cuyas estrategias de crecimiento se fundan en la demanda de los mercados internacionales, y cuentan con la visi\u00f3n y los recursos suficientes para modernizar sus plantas productivas.<\/p>\n<p>Por otro lado, se ubican la mayor\u00eda de ramas industriales en las cuales a\u00fan persiste una l\u00f3gica tradicional para llevar a cabo sus actividades productivas, por falta de recursos y\/o por carecer de las estrategias empresariales acordes para enfrentar el reto de la competitividad global.<\/p>\n","protected":false},"excerpt":{"rendered":"<p>Ante el cambio de gobierno en el pa\u00eds, la C\u00e1mara Nacional de la Industria de la Transformaci\u00f3n (Canacintra) se\u00f1al\u00f3 la necesidad de reactivar los sectores industriales que impulsan el mercado interno y reestructurar las cadenas productivas que fomenten el crecimiento econ\u00f3mico a niveles superiores al 5.0 por ciento.\u2028\u2028<\/p>\n","protected":false},"author":3,"featured_media":0,"comment_status":"open","ping_status":"open","sticky":false,"template":"","format":"standard","meta":{"_monsterinsights_skip_tracking":false,"_monsterinsights_sitenote_active":false,"_monsterinsights_sitenote_note":"","_monsterinsights_sitenote_category":0,"footnotes":""},"categories":[3],"tags":[3004,3005,43673],"class_list":["post-110783","post","type-post","status-publish","format-standard","hentry","category-nacional","tag-camara-nacional-de-la-industria-de-la-transformacion","tag-canacintra","tag-nacional"],"_links":{"self":[{"href":"https:\/\/www.diarioimagen.net\/index.php?rest_route=\/wp\/v2\/posts\/110783","targetHints":{"allow":["GET"]}}],"collection":[{"href":"https:\/\/www.diarioimagen.net\/index.php?rest_route=\/wp\/v2\/posts"}],"about":[{"href":"https:\/\/www.diarioimagen.net\/index.php?rest_route=\/wp\/v2\/types\/post"}],"author":[{"embeddable":true,"href":"https:\/\/www.diarioimagen.net\/index.php?rest_route=\/wp\/v2\/users\/3"}],"replies":[{"embeddable":true,"href":"https:\/\/www.diarioimagen.net\/index.php?rest_route=%2Fwp%2Fv2%2Fcomments&post=110783"}],"version-history":[{"count":0,"href":"https:\/\/www.diarioimagen.net\/index.php?rest_route=\/wp\/v2\/posts\/110783\/revisions"}],"wp:attachment":[{"href":"https:\/\/www.diarioimagen.net\/index.php?rest_route=%2Fwp%2Fv2%2Fmedia&parent=110783"}],"wp:term":[{"taxonomy":"category","embeddable":true,"href":"https:\/\/www.diarioimagen.net\/index.php?rest_route=%2Fwp%2Fv2%2Fcategories&post=110783"},{"taxonomy":"post_tag","embeddable":true,"href":"https:\/\/www.diarioimagen.net\/index.php?rest_route=%2Fwp%2Fv2%2Ftags&post=110783"}],"curies":[{"name":"wp","href":"https:\/\/api.w.org\/{rel}","templated":true}]}}