{"id":110786,"date":"2012-11-12T00:06:21","date_gmt":"2012-11-12T06:06:21","guid":{"rendered":"http:\/\/www.diarioimagen.net\/?p=110786"},"modified":"2012-11-12T02:51:43","modified_gmt":"2012-11-12T08:51:43","slug":"texcoco-la-mejor-ubicacion-para-nuevo-aeropuerto-del-df-oaci","status":"publish","type":"post","link":"https:\/\/www.diarioimagen.net\/?p=110786","title":{"rendered":"Texcoco, la mejor ubicaci\u00f3n para nuevo aeropuerto del DF: OACI"},"content":{"rendered":"<ul>\n<li><strong><em>La organizaci\u00f3n dice que se puede edificar sobre unos terrenos federales para no molestar a nadie<\/em><\/strong><\/li>\n<\/ul>\n<div id=\"attachment_110838\" style=\"width: 250px\" class=\"wp-caption alignleft\"><a class=\"highslide\" onclick=\"return vz.expand(this)\" href=\"http:\/\/www.diarioimagen.net\/wp-content\/uploads\/2012\/11\/aeropuerto-1978.jpg\"><img loading=\"lazy\" decoding=\"async\" aria-describedby=\"caption-attachment-110838\" class=\"size-medium wp-image-110838\" title=\"aeropuerto-1978\" src=\"http:\/\/www.diarioimagen.net\/wp-content\/uploads\/2012\/11\/aeropuerto-1978-240x135.jpg\" alt=\"\" width=\"240\" height=\"135\" \/><\/a><p id=\"caption-attachment-110838\" class=\"wp-caption-text\">La mejor ubicaci\u00f3n para un nuevo aeropuerto en el Distrito Federal es Texcoco, dice el presidente del consejo de la Organizaci\u00f3n de Aviaci\u00f3n Civil Internacional, Roberto Kobeh.<\/p><\/div>\n<p>M\u00e9xico requiere de otro aeropuerto en la capital del pa\u00eds que satisfaga la actual demanda y la mejor ubicaci\u00f3n es Texcoco, en el Estado de M\u00e9xico, consider\u00f3 el presidente del consejo de la Organizaci\u00f3n de Aviaci\u00f3n Civil Internacional (OACI), Roberto Kobeh.<\/p>\n<p>\u201cLa ciudad tiene una muy buena ubicaci\u00f3n, un espacio en Texcoco, es una gran suerte. No podemos hacer un aeropuerto a 200 kil\u00f3metros de la ciudad, entonces no ser\u00eda el aeropuerto de la ciudad de M\u00e9xico, Texcoco ah\u00ed est\u00e1 y est\u00e1 cerca\u201d, expres\u00f3.<\/p>\n<p>En entrevista, coment\u00f3 que los estudios que se han realiza- do en los \u00faltimos 15 a\u00f1os sobre la ejecuci\u00f3n de la obra en esa zona han sido los m\u00e1s analizados en temas como espacio a\u00e9reo, impacto ambiental, terrenos y meteorolog\u00eda, por mencionar algunos.<\/p>\n<p>Opin\u00f3 que la edificaci\u00f3n se podr\u00eda realizar de una manera m\u00e1s r\u00e1pida en los terrenos federales \u201csin molestar a nadie\u201d, pues al Aeropuerto Internacional Benito Ju\u00e1rez de la Ciudad de M\u00e9xico (AICM) se le pueden sumar edificios, pero s\u00f3lo hay dos pistas con una separaci\u00f3n que impide aumentar la capacidad del aeropuerto.<\/p>\n<p>Sobre la implementaci\u00f3n del Sistema Metropolitano de Aeropuertos, que incluyen las terminales de Puebla, Quer\u00e9taro, Cuernavaca y Toluca, Roberto Kobeh expres\u00f3 que aunque fue un alivio para la saturaci\u00f3n que se registra en el AICM, en el largo plazo se necesitar\u00e1 un aer\u00f3dromo moderno.<\/p>\n<p>De acuerdo con el director Ejecutivo de la Asociaci\u00f3n Latinoamericana y del Cari- be del Transporte A\u00e9reo (ALTA), Alex de Guten, pa\u00edses como Brasil, Colombia y M\u00e9xico presentan cierto nivel de congestionamiento, que para 2014 se podr\u00eda reflejar un aumento considerable.<\/p>\n","protected":false},"excerpt":{"rendered":"<p>M\u00e9xico requiere de otro aeropuerto en la capital del pa\u00eds que satisfaga la actual demanda y la mejor ubicaci\u00f3n es Texcoco, en el Estado de M\u00e9xico, consider\u00f3 el presidente del consejo de la Organizaci\u00f3n de Aviaci\u00f3n Civil Internacional (OACI), Roberto Kobeh.<\/p>\n","protected":false},"author":3,"featured_media":0,"comment_status":"open","ping_status":"open","sticky":false,"template":"","format":"standard","meta":{"_monsterinsights_skip_tracking":false,"_monsterinsights_sitenote_active":false,"_monsterinsights_sitenote_note":"","_monsterinsights_sitenote_category":0,"footnotes":""},"categories":[3],"tags":[43675,43673,540],"class_list":["post-110786","post","type-post","status-publish","format-standard","hentry","category-nacional","tag-estado-de-mexico","tag-nacional","tag-texcoco"],"_links":{"self":[{"href":"https:\/\/www.diarioimagen.net\/index.php?rest_route=\/wp\/v2\/posts\/110786","targetHints":{"allow":["GET"]}}],"collection":[{"href":"https:\/\/www.diarioimagen.net\/index.php?rest_route=\/wp\/v2\/posts"}],"about":[{"href":"https:\/\/www.diarioimagen.net\/index.php?rest_route=\/wp\/v2\/types\/post"}],"author":[{"embeddable":true,"href":"https:\/\/www.diarioimagen.net\/index.php?rest_route=\/wp\/v2\/users\/3"}],"replies":[{"embeddable":true,"href":"https:\/\/www.diarioimagen.net\/index.php?rest_route=%2Fwp%2Fv2%2Fcomments&post=110786"}],"version-history":[{"count":0,"href":"https:\/\/www.diarioimagen.net\/index.php?rest_route=\/wp\/v2\/posts\/110786\/revisions"}],"wp:attachment":[{"href":"https:\/\/www.diarioimagen.net\/index.php?rest_route=%2Fwp%2Fv2%2Fmedia&parent=110786"}],"wp:term":[{"taxonomy":"category","embeddable":true,"href":"https:\/\/www.diarioimagen.net\/index.php?rest_route=%2Fwp%2Fv2%2Fcategories&post=110786"},{"taxonomy":"post_tag","embeddable":true,"href":"https:\/\/www.diarioimagen.net\/index.php?rest_route=%2Fwp%2Fv2%2Ftags&post=110786"}],"curies":[{"name":"wp","href":"https:\/\/api.w.org\/{rel}","templated":true}]}}