{"id":110942,"date":"2012-11-13T00:03:33","date_gmt":"2012-11-13T06:03:33","guid":{"rendered":"http:\/\/www.diarioimagen.net\/?p=110942"},"modified":"2012-11-14T04:18:30","modified_gmt":"2012-11-14T10:18:30","slug":"senadores-del-prd-asistiran-a-toma-de-posesion-de-epn","status":"publish","type":"post","link":"https:\/\/www.diarioimagen.net\/?p=110942","title":{"rendered":"Senadores del PRD asistir\u00e1n a toma de posesi\u00f3n de EPN"},"content":{"rendered":"<ul>\n<li><strong><em>El coordinador de la bancada perredista afirma que presentar\u00e1n un posicionamiento conjunto, cr\u00edtico, pero respetuoso<\/em><\/strong><\/li>\n<\/ul>\n<div id=\"attachment_110980\" style=\"width: 250px\" class=\"wp-caption alignleft\"><a class=\"highslide\" onclick=\"return vz.expand(this)\" href=\"http:\/\/www.diarioimagen.net\/wp-content\/uploads\/2012\/11\/barbosa-1979.jpg\"><img loading=\"lazy\" decoding=\"async\" aria-describedby=\"caption-attachment-110980\" class=\"size-medium wp-image-110980\" title=\"barbosa-1979\" src=\"http:\/\/www.diarioimagen.net\/wp-content\/uploads\/2012\/11\/barbosa-1979-240x135.jpg\" alt=\"\" width=\"240\" height=\"135\" \/><\/a><p id=\"caption-attachment-110980\" class=\"wp-caption-text\">El coordinador de la bancada del PRD en el Senado, Miguel Barbosa, dijo que su fracci\u00f3n completa asistir\u00e1 a la toma de posesi\u00f3n de Pe\u00f1a Nieto.<\/p><\/div>\n<p>Miguel Barbosa Huerta, coordinador\u00a0 de la bancada del Partido de la Revoluci\u00f3n\u00a0 Democr\u00e1tica (PRD) en el Senado de la Rep\u00fablica, confirm\u00f3 la asistencia a la toma de protesta de Enrique Pe\u00f1a Nieto el 1 de diciembre de los legisladores perredistas y que mantendr\u00e1n una conducta respetuosa.<\/p>\n<p>\u201cEstaremos presentes porque es un hecho pol\u00edtico de los poderes p\u00fablicos\u201d.<\/p>\n<p>\u201cLos senadores tendremos una conducta republicana y respetuosa, porque vamos a asistir a un acto protocolario\u201d.<\/p>\n<p>Barbosa adelant\u00f3 que el PRD presentar\u00e1 un posicionamiento conjunto, que ser\u00e1 cr\u00edtico, pero no irrespetuoso.<\/p>\n<p>\u201cSe pronunciar\u00e1 un discurso de partido de oposici\u00f3n, un discurso fuerte, pero que no ofenda ni denigre la pol\u00edtica\u201d, sostuvo.<\/p>\n<p>El prerredista se pronunci\u00f3 por lograr un acuerdo con el presidente electo, Enrique Pe\u00f1a Nieto para lograr las reformas necesarias del pa\u00eds.<\/p>\n<p>\u201cLo volvemos a emplazar a que construyamos un acuerdo nacional, a que fijemos los temas por los que hay que transitar para construir una sociedad que viva en un mejor estado de bienestar, estamos dispuestos a discutir y a debatir todos los temas, todos, que no haya tab\u00faes en el Congreso, la izquierda no se va a marginar, la izquierda va a estar en las mesas de di\u00e1logo, va a discutir y va a acordar\u201d.<\/p>\n","protected":false},"excerpt":{"rendered":"<p>Miguel Barbosa Huerta, coordinador  de la bancada del Partido de la Revoluci\u00f3n  Democr\u00e1tica (PRD) en el Senado de la Rep\u00fablica, confirm\u00f3 la asistencia a la toma de protesta de Enrique Pe\u00f1a Nieto el 1 de diciembre de los legisladores perredistas y que mantendr\u00e1n una conducta respetuosa.<\/p>\n","protected":false},"author":3,"featured_media":0,"comment_status":"open","ping_status":"open","sticky":false,"template":"","format":"standard","meta":{"_monsterinsights_skip_tracking":false,"_monsterinsights_sitenote_active":false,"_monsterinsights_sitenote_note":"","_monsterinsights_sitenote_category":0,"footnotes":""},"categories":[17,3],"tags":[18,25304,43673,1214,211,116,25305],"class_list":["post-110942","post","type-post","status-publish","format-standard","hentry","category-especiales","category-nacional","tag-enrique-pena-nieto","tag-miguel-barbosa-huerta","tag-nacional","tag-partido-de-la-revolucion-democratica","tag-prd","tag-senado-de-la-republica","tag-toma-de-protesta"],"_links":{"self":[{"href":"https:\/\/www.diarioimagen.net\/index.php?rest_route=\/wp\/v2\/posts\/110942","targetHints":{"allow":["GET"]}}],"collection":[{"href":"https:\/\/www.diarioimagen.net\/index.php?rest_route=\/wp\/v2\/posts"}],"about":[{"href":"https:\/\/www.diarioimagen.net\/index.php?rest_route=\/wp\/v2\/types\/post"}],"author":[{"embeddable":true,"href":"https:\/\/www.diarioimagen.net\/index.php?rest_route=\/wp\/v2\/users\/3"}],"replies":[{"embeddable":true,"href":"https:\/\/www.diarioimagen.net\/index.php?rest_route=%2Fwp%2Fv2%2Fcomments&post=110942"}],"version-history":[{"count":0,"href":"https:\/\/www.diarioimagen.net\/index.php?rest_route=\/wp\/v2\/posts\/110942\/revisions"}],"wp:attachment":[{"href":"https:\/\/www.diarioimagen.net\/index.php?rest_route=%2Fwp%2Fv2%2Fmedia&parent=110942"}],"wp:term":[{"taxonomy":"category","embeddable":true,"href":"https:\/\/www.diarioimagen.net\/index.php?rest_route=%2Fwp%2Fv2%2Fcategories&post=110942"},{"taxonomy":"post_tag","embeddable":true,"href":"https:\/\/www.diarioimagen.net\/index.php?rest_route=%2Fwp%2Fv2%2Ftags&post=110942"}],"curies":[{"name":"wp","href":"https:\/\/api.w.org\/{rel}","templated":true}]}}