{"id":111046,"date":"2012-11-14T00:09:04","date_gmt":"2012-11-14T06:09:04","guid":{"rendered":"http:\/\/www.diarioimagen.net\/?p=111046"},"modified":"2012-11-14T04:23:25","modified_gmt":"2012-11-14T10:23:25","slug":"edomex-impulsa-la-cultura-cientifica-entre-estudiantes","status":"publish","type":"post","link":"https:\/\/www.diarioimagen.net\/?p=111046","title":{"rendered":"Edomex impulsa la cultura cient\u00edfica entre estudiantes"},"content":{"rendered":"<ul>\n<li><strong><em>El gobernador mexiquense anuncia la construcci\u00f3n del Centro de Atenci\u00f3n M\u00faltiple n\u00famero 95 en el municipio Villa de Allende<\/em><\/strong><\/li>\n<\/ul>\n<div id=\"attachment_111167\" style=\"width: 250px\" class=\"wp-caption alignleft\"><a class=\"highslide\" onclick=\"return vz.expand(this)\" href=\"http:\/\/www.diarioimagen.net\/wp-content\/uploads\/2012\/11\/eruviel-1980.jpg\"><img loading=\"lazy\" decoding=\"async\" aria-describedby=\"caption-attachment-111167\" class=\"size-medium wp-image-111167\" title=\"eruviel-1980\" src=\"http:\/\/www.diarioimagen.net\/wp-content\/uploads\/2012\/11\/eruviel-1980-240x135.jpg\" alt=\"\" width=\"240\" height=\"135\" \/><\/a><p id=\"caption-attachment-111167\" class=\"wp-caption-text\">El gobernador Eruviel \u00c1vila Villegas entreg\u00f3 ayer apoyos a 1,500 escuelas.<\/p><\/div>\n<p><strong>Villa de Allende, Estado de M\u00e9xico<\/strong>.- Para refozar la formaci\u00f3n de alumnos en \u00e1reas como matem\u00e1ticas, f\u00edsica, geograf\u00eda, c\u00e1lculo, m\u00fasica e impulsar la cultura cient\u00edfica, el gobernador Eruviel \u00c1vila Villegas entreg\u00f3 ayer auxiliares did\u00e1cticos a mil 500 escuelas de educaci\u00f3n b\u00e1sica.<\/p>\n<p>Asimismo, el mandatario estatal anunci\u00f3 la construcci\u00f3n del Centro de Atenci\u00f3n M\u00faltiple (CAM) n\u00famero 95, en este municipio, en apoyo a los escolares que tienen alguna discapacidad f\u00edsica o motriz.<\/p>\n<p>\u201cHoy reciben mil 500 escuelas estos apoyos did\u00e1cticos respectivos y con estos materiales los alumnos, en forma l\u00fadica, en forma agradable, hasta jugando, puedan estar aprendiendo, relacion\u00e1ndose con temas, por ejemplo, como las matem\u00e1ticas, que a veces les tenemos un poquito de miedo, pero para nada, son muy interesantes, son muy bonitas, y con este tipo de apoyos, los alumnos podr\u00e1n interesarse a\u00fan m\u00e1s\u201d, indic\u00f3.<\/p>\n<p>Precis\u00f3 que en estas acciones se destinaron 5 millones 734 mil pesos para planteles de preescolar, primaria, secundaria y telesecundaria, que requieren acciones especiales al encontrarse en regiones rurales.<\/p>\n<p>El gobernador mexiquense anunci\u00f3 la construcci\u00f3n del Centro de Atenci\u00f3n M\u00faltiple (CAM) n\u00famero 95, en este municipio, para mejorar la formaci\u00f3n acad\u00e9mica de los estudiantes de nivel b\u00e1sico de esta regi\u00f3n, especialmente de quienes tienen alg\u00fan tipo de discapacidad motriz o psicol\u00f3gica.<\/p>\n<p>Ante m\u00e1s de 4 mil estudiantes, docentes y padres de familia, reunidos en el ejido del Barrio Santiago, en la comunidad de Bosencheve, el titular del Ejecutivo estatal tambi\u00e9n otorg\u00f3, como parte de las Acciones por la Educaci\u00f3n, vales de paquetes para la rehabilitaci\u00f3n de sanitarios de 500 escuelas, est\u00edmulos econ\u00f3micos a integrantes de escoltas y bandas de guerra, vales de monederos para enseres y rehabilitaci\u00f3n de desayunadores escolares, becas a alumnos que sufren alguna discapacidad y equipo de c\u00f3mputo.<\/p>\n","protected":false},"excerpt":{"rendered":"<p>Para refozar la formaci\u00f3n de alumnos en \u00e1reas como matem\u00e1ticas, f\u00edsica, geograf\u00eda, c\u00e1lculo, m\u00fasica e impulsar la cultura cient\u00edfica, el gobernador Eruviel \u00c1vila Villegas entreg\u00f3 ayer auxiliares did\u00e1cticos a mil 500 escuelas de educaci\u00f3n b\u00e1sica.<\/p>\n","protected":false},"author":3,"featured_media":0,"comment_status":"open","ping_status":"open","sticky":false,"template":"","format":"standard","meta":{"_monsterinsights_skip_tracking":false,"_monsterinsights_sitenote_active":false,"_monsterinsights_sitenote_note":"","_monsterinsights_sitenote_category":0,"footnotes":""},"categories":[5],"tags":[68,43675,2014,23757],"class_list":["post-111046","post","type-post","status-publish","format-standard","hentry","category-estado-de-mexico","tag-edomex","tag-estado-de-mexico","tag-estudiantes","tag-villa-de-allende"],"_links":{"self":[{"href":"https:\/\/www.diarioimagen.net\/index.php?rest_route=\/wp\/v2\/posts\/111046","targetHints":{"allow":["GET"]}}],"collection":[{"href":"https:\/\/www.diarioimagen.net\/index.php?rest_route=\/wp\/v2\/posts"}],"about":[{"href":"https:\/\/www.diarioimagen.net\/index.php?rest_route=\/wp\/v2\/types\/post"}],"author":[{"embeddable":true,"href":"https:\/\/www.diarioimagen.net\/index.php?rest_route=\/wp\/v2\/users\/3"}],"replies":[{"embeddable":true,"href":"https:\/\/www.diarioimagen.net\/index.php?rest_route=%2Fwp%2Fv2%2Fcomments&post=111046"}],"version-history":[{"count":0,"href":"https:\/\/www.diarioimagen.net\/index.php?rest_route=\/wp\/v2\/posts\/111046\/revisions"}],"wp:attachment":[{"href":"https:\/\/www.diarioimagen.net\/index.php?rest_route=%2Fwp%2Fv2%2Fmedia&parent=111046"}],"wp:term":[{"taxonomy":"category","embeddable":true,"href":"https:\/\/www.diarioimagen.net\/index.php?rest_route=%2Fwp%2Fv2%2Fcategories&post=111046"},{"taxonomy":"post_tag","embeddable":true,"href":"https:\/\/www.diarioimagen.net\/index.php?rest_route=%2Fwp%2Fv2%2Ftags&post=111046"}],"curies":[{"name":"wp","href":"https:\/\/api.w.org\/{rel}","templated":true}]}}