{"id":111049,"date":"2012-11-14T00:06:57","date_gmt":"2012-11-14T06:06:57","guid":{"rendered":"http:\/\/www.diarioimagen.net\/?p=111049"},"modified":"2012-11-15T05:22:52","modified_gmt":"2012-11-15T11:22:52","slug":"pena-entrega-hoy-iniciativas-al-senado-y-a-diputados","status":"publish","type":"post","link":"https:\/\/www.diarioimagen.net\/?p=111049","title":{"rendered":"Pe\u00f1a entrega hoy iniciativas al Senado y a diputados"},"content":{"rendered":"<h2>Tras la puerta del poder<\/h2>\n<h5>Roberto Vizca\u00edno<\/h5>\n<p>&nbsp;<\/p>\n<ul>\n<li><strong><em>Beltrones desech\u00f3 la posibilidad de ser el secretario de Gobernaci\u00f3n de Pe\u00f1a Nieto<\/em><\/strong><\/li>\n<li><strong><em>Ayer, finalmente, fue aprobada la fase \u00faltima de la reforma laboral para que la promulgue Calder\u00f3n<\/em><\/strong><\/li>\n<li><strong><em>La importancia de rehabilitar el entorno de San L\u00e1zaro y recuperar la calle de Corregidora<\/em><\/strong><\/li>\n<\/ul>\n<div id=\"attachment_108218\" style=\"width: 250px\" class=\"wp-caption alignleft\"><a class=\"highslide\" onclick=\"return vz.expand(this)\" href=\"http:\/\/www.diarioimagen.net\/wp-content\/uploads\/2012\/10\/epn-020.jpg\"><img loading=\"lazy\" decoding=\"async\" aria-describedby=\"caption-attachment-108218\" class=\"size-medium wp-image-108218\" title=\"epn-020\" src=\"http:\/\/www.diarioimagen.net\/wp-content\/uploads\/2012\/10\/epn-020-240x135.jpg\" alt=\"\" width=\"240\" height=\"135\" \/><\/a><p id=\"caption-attachment-108218\" class=\"wp-caption-text\">Enrique Pe\u00f1a Nieto, presidente electo de M\u00e9xico.<\/p><\/div>\n<p>Como lo anunci\u00f3 \u00e9l mismo, el presidente electo Enrique Pe\u00f1a Nieto entregar\u00e1 hoy a sus bancadas en el Senado y la C\u00e1mara de Diputados sus iniciativas para crear la Comisi\u00f3n Nacional Anticorrupci\u00f3n (que sustituir\u00e1 a la secretar\u00eda de la Funci\u00f3n P\u00fablica) y para restructurar la administraci\u00f3n p\u00fablica, que incluye regresarle facultades de Seguridad P\u00fablica y de Seguridad Nacional a la Secretar\u00eda de Gobernaci\u00f3n y restituir as\u00ed su funci\u00f3n de interlocuci\u00f3n con todas las fuerzas pol\u00edticas en el pa\u00eds, y sobre todo su responsabilidad como coordinadora y garante de la gobernabilidad en M\u00e9xico.<\/p>\n<p>El tr\u00e1mite lo realizar\u00e1 Pe\u00f1a Nieto a trav\u00e9s de los coordinadores de las fracciones pri\u00edstas en el Congreso, Emilio Gamboa Patr\u00f3n y Manlio Fabio Beltrones, porque todav\u00eda no puede hacerlo directamente como Jefe del Ejecutivo.<\/p>\n<p>En el caso de Beltrones y los 212 diputados del PRI, as\u00ed como los 29 del PVEM, la entrega de la iniciativa se realizar\u00e1 durante un encuentro con el presidente electo.<\/p>\n<p>En el caso de Gamboa y los 54 legisladores del PRI y los 7 del PVEM, se sabe que el posible encuentro ser\u00eda por la tarde, luego de que el Senado entregue, con la asistencia del presidente Felipe Calder\u00f3n, la medalla Belisario Dom\u00ednguez a Ernesto de la Pe\u00f1a, fallecido recientemente.<\/p>\n<p>Manlio Fabio Beltrones indic\u00f3 que la remodelaci\u00f3n administrativa que plantear\u00e1 Pe\u00f1a Nieto con su iniciativa de reforma de la administraci\u00f3n p\u00fablica prev\u00e9 lo ya se\u00f1alado: que las funciones de la Secretar\u00eda de Seguridad P\u00fablica regresen a la Secretar\u00eda de Gobernaci\u00f3n.<\/p>\n<p>Ser\u00eda apenas una parte de la enorme respuesta que dar\u00e1 Pe\u00f1a Nieto al reto de gobernar este pa\u00eds en este momento, dijo el sonorense.<\/p>\n<p>\u201cEnrique Pe\u00f1a Nieto (sabe que), a partir del primero de diciembre, deber\u00e1 tener resultados r\u00e1pidos en materia de crecimiento econ\u00f3mico, de empleo, de combate a la delincuencia y para lograr la paz social\u2026<\/p>\n<p>\u201cNosotros (los senadores del PRI) estamos pendientes de la iniciativa de reformas a la Ley Org\u00e1nica de la Administraci\u00f3n P\u00fablica Federal, que permita reordenar el gobierno, para poder fijar mejores objetivos y exigir mayores resultados.<\/p>\n<p>\u201cPor ello, el Grupo Parlamentario del PRI platicar\u00e1 el d\u00eda de ma\u00f1ana con el presidente electo Enrique Pe\u00f1a Nieto, sobre esta iniciativa, pensando hacerla nuestra, ya que hasta el pr\u00f3ximo primero de diciembre el presidente Enrique Pe\u00f1a Nieto tendr\u00e1 derecho de iniciativa.<\/p>\n<p>\u201cPero esto no puede esperar, y el Grupo Parlamentario del PRI quiere ser solidario con el Presidente Pe\u00f1a Nieto.<\/p>\n<p>\u201cEn el tema de su contenido y la restructuraci\u00f3n, esperamos que cada una de las instancias tenga enorme fortaleza, como es el caso de la Secretar\u00eda de Gobernaci\u00f3n, sobre todo en la implementaci\u00f3n de estrategias y pol\u00edticas p\u00fablicas en materia de seguridad p\u00fablica, que den mejores resultados que hasta ahora\u201d.<\/p>\n<p>En cuanto a la viabilidad de estas iniciativas, Beltrones record\u00f3 que los pri\u00edstas fueron clave para sacar adelante la reforma laboral enviada como iniciativa preferente por el presidente Felipe Calder\u00f3n.<\/p>\n<p>\u201cDemostramos que en C\u00e1mara de Diputados las reformas pasan\u201d, enfatiz\u00f3.<\/p>\n<p>Y agreg\u00f3:<\/p>\n<p>\u201cEn el futuro atenderemos la necesidad de reformas en materia energ\u00e9tica y hacendaria. Con esto, estoy seguro, nos acercaremos mucho a acompa\u00f1ar las nuevas pol\u00edticas p\u00fablicas en materia de seguridad p\u00fablica\u201d.<\/p>\n<p>Respecto de las advertencias que hacen los perredistas afiliados a las corrientes lopezobradoristas dentro del Congreso, en cuanto a que el primero de diciembre, durante la ceremonia de toma de posesi\u00f3n de Enrique Pe\u00f1a Nieto realizar\u00e1n protestas, Beltrones dijo:<\/p>\n<p>\u201cEl primero de diciembre es una ceremonia solemne, en la cual el Presidente electo rinde protesta y con esto termina por instalarse formalmente el nuevo gobierno.<\/p>\n<p>\u201cSer\u00eda una pena que no la vi\u00e9ramos de esa forma; una ceremonia en la cual todos debemos cumplir con nuestra obligaci\u00f3n, sobre todo trat\u00e1ndose de quienes fuimos electos para un cargo de elecci\u00f3n popular, como es el caso de diputados y senadores\u201d.<\/p>\n<p>Al evento acudir\u00e1n varios presidentes y Jefes de Estado de otros pa\u00edses; el cuerpo diplom\u00e1tico acreditado en M\u00e9xico; los gobernadores, los representantes de bancos, industria y empresa, as\u00ed como los dirigentes pol\u00edticos y las representaciones de los congresos estatales y de los alcaldes todos.<\/p>\n<p>&#8211; \u00bfDespu\u00e9s del primero de diciembre ir\u00e1 usted a ocupar la cartera de Gobernaci\u00f3n como dicen algunos?, se le pregunt\u00f3.<\/p>\n<p>\u201cNo. Yo tengo un compromiso de tres a\u00f1os con la C\u00e1mara de Diputados y lo cumplir\u00e9\u201d, respondi\u00f3.<\/p>\n<p align=\"center\">\u00a0<strong>FINALMENTE SALI\u00d3 LA LABORAL<\/strong><\/p>\n<p>Setenta y cuatro d\u00edas despu\u00e9s de que Felipe Calder\u00f3n la entreg\u00f3 al Congreso, en medio de amagos y recriminaciones, e intentos por recuperar art\u00edculos desechados en la C\u00e1mara de Diputados, por 99 votos contra 28 y una abstenci\u00f3n el Senado de la Rep\u00fablica aprob\u00f3 ayer finalmente la minuta de reforma laboral que le ser\u00e1 enviada de inmediato al presidente saliente para su inmediata promulgaci\u00f3n.<\/p>\n<p>Al informar lo anterior, el senador Emilio Gamboa, indic\u00f3 que ni cree en estallidos sociales a causa de la aprobaci\u00f3n de esta reforma, ni que vaya a haber da\u00f1o masivo a los trabajadores en el pa\u00eds con su aplicaci\u00f3n. Por el contrario, dijo, esta reforma contiene enormes beneficios para la clase trabajadora, \u00a0en materia de competitividad, de productividad, de apoyo a las mujeres, a los j\u00f3venes que salen de las universidades o de las escuelas t\u00e9cnicas y para la recuperaci\u00f3n del crecimiento de M\u00e9xico.<\/p>\n<p align=\"center\"><strong>\u00a0RECUPERAR\u00c1N EL V\u00cdNCULO<\/strong><\/p>\n<p>Para no pocos el proyecto se antojar\u00e1 irrelevante y quiz\u00e1 hasta fuera de tiempo y contexto, pero para los pri\u00edstas como Manlio Fabio Beltrones, y la mayor\u00eda de sus 212 diputados federales, el rescate de la zona donde se encuentra el Palacio Legislativo de San L\u00e1zaro es esencial.<\/p>\n<p>Dentro de ese rescate, al que ya se ha invitado al arquitecto Pedro Ram\u00edrez V\u00e1zquez, quien lo proyect\u00f3 hace 35 a\u00f1os, ser\u00e1 esencial rehabilitar la calle de Corregidora que a lo largo de 10 cuadras comunica directamente al Palacio Legislativo de Palacio Nacional.<\/p>\n<p>Al anunciar lo anterior, Beltrones indic\u00f3 que esta rehabilitaci\u00f3n corregir\u00e1 el obst\u00e1culo que constituye la l\u00ednea 4 del Metro y que signific\u00f3 el corte del v\u00ednculo entre los dos palacios.<\/p>\n<p>Debido al paso del Metro por Avenida del Congreso, es decir por enfrente de San L\u00e1zaro, s\u00f3lo se puede acceder de Corregidora a la C\u00e1mara de Diputados a trav\u00e9s de un paso a desnivel, que con el tiempo se convirti\u00f3 en un refugio maloliente de mendigos y ladrones.<\/p>\n<p>Del otro lado de este paso a desnivel se construy\u00f3 a su vez una serie de unidades habitacionales y el parque \u201cGuadalupe Victoria\u201d, que cerraron el flujo de la calle Corregidora que antes desembocaba directamente en la puerta central del Palacio Legislativo.<\/p>\n<p>Este acontecimiento fue como un preludio de la incomunicaci\u00f3n entre el Presidente de la Rep\u00fablica y el Congreso.<\/p>\n<p>Hoy Beltrones se ha propuesto restituir ese v\u00ednculo con la remodelaci\u00f3n del entorno de San L\u00e1zaro y el rescate de la calle de Corregidora.<\/p>\n<p>El Palacio Legislativo fue dise\u00f1ado por Ram\u00edrez V\u00e1zquez a partir de 1977 como una consecuencia natural de la aprobaci\u00f3n de la reforma pol\u00edtica de ese a\u00f1o, ordenada por el presidente Jos\u00e9 L\u00f3pez Portillo e impulsada por el secretario de Gobernaci\u00f3n Jes\u00fas Reyes Heroles.<\/p>\n<p>El Palacio Legislativo ser\u00eda la sede de los diputados y los senadores y su construcci\u00f3n fue iniciada en septiembre de 1979 para ser inaugurado el 1 de septiembre de 1981 con la rendici\u00f3n de quinto informe de Gobierno del presidente Jos\u00e9 L\u00f3pez Portillo.<\/p>\n<p>La madrugada del 5 de mayo de 1989 se declar\u00f3 un incendio que destruy\u00f3 el m\u00f3dulo central, donde se ubica el sal\u00f3n de plenos. Fue restaurado y reabierto el primero de noviembre de 1992 por el presidente Carlos Salinas.<\/p>\n<p>Desde entonces el Palacio Legislativo de San L\u00e1zaro ha sido el centro de la transici\u00f3n y la democratizaci\u00f3n de M\u00e9xico.<\/p>\n<p>Ah\u00ed, el 1 de septiembre de 1997 qued\u00f3 sellado el final del r\u00e9gimen hegem\u00f3nico de partido \u00fanico, al instalarse la C\u00e1mara de Diputados sin la participaci\u00f3n de los legisladores del PRI.<\/p>\n<p>Hoy el Palacio Legislativo de San L\u00e1zaro es el eje de la incipiente pero s\u00f3lida democracia mexicana, y el centro innegable de un sistema plural.<\/p>\n<p>El s\u00e1bado primero de diciembre se vivir\u00e1 ah\u00ed \u00a0por primera vez el regreso del PRI a la Presidencia de la Rep\u00fablica, partido que antes gobern\u00f3 al pa\u00eds durante 71 a\u00f1os.<\/p>\n<p>De ah\u00ed la importancia para los tricolores de la remodelaci\u00f3n del entorno y recuperaci\u00f3n de la calle de Corregidora como el v\u00ednculo f\u00edsico, entre el Legislativo y el Ejecutivo.<\/p>\n<p><em><a href=\"mailto:rvizcaino@gmail.com\" target=\"_blank\">rvizcaino@gmail.com<\/a><\/em><\/p>\n","protected":false},"excerpt":{"rendered":"<p><span style=\"color: #005497;\"><strong>Roberto Vizca\u00edno<\/strong><\/span><br \/>\n<br \/>\nComo lo anunci\u00f3 \u00e9l mismo, el presidente electo Enrique Pe\u00f1a Nieto entregar\u00e1 hoy a sus bancadas en el Senado y la C\u00e1mara de Diputados sus iniciativas para crear la Comisi\u00f3n Nacional Anticorrupci\u00f3n (que sustituir\u00e1 a la secretar\u00eda de la Funci\u00f3n P\u00fablica) y para restructurar la administraci\u00f3n p\u00fablica, que incluye regresarle facultades de Seguridad P\u00fablica y de Seguridad Nacional a la Secretar\u00eda de Gobernaci\u00f3n y restituir as\u00ed su funci\u00f3n de interlocuci\u00f3n con todas las fuerzas pol\u00edticas en el pa\u00eds, y sobre todo su responsabilidad como coordinadora y garante de la gobernabilidad en M\u00e9xico.<\/p>\n","protected":false},"author":3,"featured_media":0,"comment_status":"open","ping_status":"open","sticky":false,"template":"","format":"standard","meta":{"_monsterinsights_skip_tracking":false,"_monsterinsights_sitenote_active":false,"_monsterinsights_sitenote_note":"","_monsterinsights_sitenote_category":0,"footnotes":""},"categories":[17,136],"tags":[6749,18,44,43673,43674,362,1416,93,115,94],"class_list":["post-111049","post","type-post","status-publish","format-standard","hentry","category-especiales","category-roberto-vizcaino-opinion","tag-emilio-gamboa-patron","tag-enrique-pena-nieto","tag-mexico","tag-nacional","tag-opinion","tag-pri","tag-pvem","tag-roberto-vizcaino","tag-san-lazaro","tag-tras-la-puerta-del-poder"],"_links":{"self":[{"href":"https:\/\/www.diarioimagen.net\/index.php?rest_route=\/wp\/v2\/posts\/111049","targetHints":{"allow":["GET"]}}],"collection":[{"href":"https:\/\/www.diarioimagen.net\/index.php?rest_route=\/wp\/v2\/posts"}],"about":[{"href":"https:\/\/www.diarioimagen.net\/index.php?rest_route=\/wp\/v2\/types\/post"}],"author":[{"embeddable":true,"href":"https:\/\/www.diarioimagen.net\/index.php?rest_route=\/wp\/v2\/users\/3"}],"replies":[{"embeddable":true,"href":"https:\/\/www.diarioimagen.net\/index.php?rest_route=%2Fwp%2Fv2%2Fcomments&post=111049"}],"version-history":[{"count":0,"href":"https:\/\/www.diarioimagen.net\/index.php?rest_route=\/wp\/v2\/posts\/111049\/revisions"}],"wp:attachment":[{"href":"https:\/\/www.diarioimagen.net\/index.php?rest_route=%2Fwp%2Fv2%2Fmedia&parent=111049"}],"wp:term":[{"taxonomy":"category","embeddable":true,"href":"https:\/\/www.diarioimagen.net\/index.php?rest_route=%2Fwp%2Fv2%2Fcategories&post=111049"},{"taxonomy":"post_tag","embeddable":true,"href":"https:\/\/www.diarioimagen.net\/index.php?rest_route=%2Fwp%2Fv2%2Ftags&post=111049"}],"curies":[{"name":"wp","href":"https:\/\/api.w.org\/{rel}","templated":true}]}}