{"id":111218,"date":"2012-11-15T00:06:26","date_gmt":"2012-11-15T06:06:26","guid":{"rendered":"http:\/\/www.diarioimagen.net\/?p=111218"},"modified":"2012-11-16T01:25:06","modified_gmt":"2012-11-16T07:25:06","slug":"dos-iniciativas-de-pena-sin-precedente","status":"publish","type":"post","link":"https:\/\/www.diarioimagen.net\/?p=111218","title":{"rendered":"Dos iniciativas de Pe\u00f1a, sin precedente"},"content":{"rendered":"<h2>Tras la puerta del poder<\/h2>\n<h5>Roberto Vizca\u00edno<\/h5>\n<p>&nbsp;<\/p>\n<ul>\n<li><strong><em>Como estaba previsto, el Presidente electo las entreg\u00f3 ayer a las fracciones pri\u00edstas<\/em><\/strong><\/li>\n<li><strong><em>La Comisi\u00f3n Nacional Anticorrupci\u00f3n actuar\u00e1 en todos los niveles del gobierno y la sociedad<\/em><\/strong><\/li>\n<li><strong><em>La nueva Secretar\u00eda de Gobernaci\u00f3n recupera funciones anteriores y concentra otras<\/em><\/strong><\/li>\n<\/ul>\n<div id=\"attachment_111340\" style=\"width: 250px\" class=\"wp-caption alignleft\"><a class=\"highslide\" onclick=\"return vz.expand(this)\" href=\"http:\/\/www.diarioimagen.net\/wp-content\/uploads\/2012\/11\/PERITAJE-trizas-1981.jpg\"><img loading=\"lazy\" decoding=\"async\" aria-describedby=\"caption-attachment-111340\" class=\"size-medium wp-image-111340\" title=\"PERITAJE-trizas-1981\" src=\"http:\/\/www.diarioimagen.net\/wp-content\/uploads\/2012\/11\/PERITAJE-trizas-1981-240x190.jpg\" alt=\"\" width=\"240\" height=\"190\" \/><\/a><p id=\"caption-attachment-111340\" class=\"wp-caption-text\">Peritaje | Trizas<\/p><\/div>\n<p>Cuando Miguel de la Madrid cre\u00f3 la Secretar\u00eda de la Contralor\u00eda, acept\u00f3 que el gobierno era corrupto.<\/p>\n<p>Hoy, con la promoci\u00f3n de una Comisi\u00f3n Nacional Anticorrupci\u00f3n que lo mismo actuar\u00e1 contra funcionarios federales, estatales o municipales y que investigar\u00e1 y encarcelar\u00e1 a diputados federales, senadores, asamble\u00edstas del DF o diputados locales as\u00ed como ciudadanos comunes que participen en actos de corrupci\u00f3n coludidos con alg\u00fan funcionario o empleado gubernamental, el presidente electo Enrique Pe\u00f1a Nieto nos est\u00e1 diciendo que todos somos corruptos en M\u00e9xico.<\/p>\n<p>De ese tama\u00f1o y alcance es el mecanismo que ha propuesto para combatir la corrupci\u00f3n en todos el pa\u00eds.<\/p>\n<p>Si no me cree, evalu\u00e9 usted:<\/p>\n<p>-La Comisi\u00f3n Nacional Anticorrupci\u00f3n, integrada por 5 comisionados, ser\u00e1 absolutamente aut\u00f3noma y se buscar\u00e1 que sea imparcial y altamente profesional. Por ello quedar\u00e1 reglamentada en la Constituci\u00f3n General de la Rep\u00fablica y sus comisionados no podr\u00e1n ser removidos por nadie, ni siquiera por el Presidente o el Congreso.<\/p>\n<p>-Tendr\u00e1 capacidad para actuar de oficio o por notificaci\u00f3n de otros \u00f3rganos del Estado, as\u00ed como por denuncias o reportes ciudadanos, y podr\u00e1 iniciar investigaciones de eventuales actos de corrupci\u00f3n en todos los niveles de gobierno.<\/p>\n<p>-En esa tarea no tendr\u00e1 limitaci\u00f3n por razones de secreto bancario, fiduciario o fiscal.<\/p>\n<p>-Y como en el c\u00edrculo lamentable de la corrupci\u00f3n tan mal hace quien corrompe, como quien se deja corromper, la Comisi\u00f3n Nacional Anticorrupci\u00f3n podr\u00e1 hacer sujetos de investigaci\u00f3n tanto a los funcionarios como a <strong>particulares<\/strong> que pretendan beneficiarse de actos desleales.<\/p>\n<p>La explicaci\u00f3n de Pe\u00f1a Nieto es simple:<\/p>\n<p>\u201cEl mensaje es muy claro: evitar pr\u00e1cticas de corrupci\u00f3n en todos los niveles de gobierno\u201d.<\/p>\n<p>La iniciativa ya ahora en el Congreso, indica que una vez aceptada esta Comisi\u00f3n deber\u00e1 tener sus respectivas r\u00e9plicas en cada uno de los 31 estados y en el Distrito Federal.<\/p>\n<p>As\u00ed no habr\u00e1 posibilidades de que nadie se evada.<\/p>\n<p>Incluso la reforma anticorrupci\u00f3n facultar\u00eda al <strong>Congreso de la Uni\u00f3n<\/strong> para expedir leyes en materia de combate a la corrupci\u00f3n que ser\u00edan autom\u00e1ticamente aplicadas en los estados y municipios para que las responsabilidades administrativas y penales que se deriven, sean las mismas en todo el pa\u00eds.<\/p>\n<p>Y adem\u00e1s esta Comisi\u00f3n actuar\u00eda con estricto apego a las normas internacionales en la materia, dijo Pe\u00f1a.<\/p>\n<p>Pero por si no se entendiera que el combate a la corrupci\u00f3n va en serio, la iniciativa prev\u00e9 adem\u00e1s la creaci\u00f3n de un <strong>Consejo Nacional por la \u00c9tica P\u00fablica<\/strong> que estar\u00eda integrado con representantes de todos los niveles de gobierno en el pa\u00eds, y de la sociedad.<\/p>\n<p>Y esto es apenas el principio.<\/p>\n<p align=\"center\"><strong>\u00a0LA SUPERSECRETAR\u00cdA<\/strong><\/p>\n<p>Cuando se integr\u00f3 el equipo de Transici\u00f3n y Luis Videgaray se llev\u00f3 la mayor tajada de responsabilidades en ese proceso, los polit\u00f3logos, analistas y columnistas indicaron que el economista por dem\u00e1s cercano al Presidente electo, ser\u00eda el s\u00faper secretario del siguiente r\u00e9gimen.<\/p>\n<p>Pero luego de escuchar la explicaci\u00f3n y alcances de la reforma administrativa que propuso ayer el mexiquense y que se comenzar\u00e1 a tramitar en la C\u00e1mara de Diputados, no queda duda que el s\u00faper secretario de Pe\u00f1a Nieto ser\u00e1 quien ocupe la titularidad de Gobernaci\u00f3n.<\/p>\n<p>Y es que esta secretar\u00eda concentrar\u00e1 <strong>la rector\u00eda del Sistema Nacional de Seguridad P\u00fablica y la conducci\u00f3n de las pol\u00edticas en materia de seguridad interior, prevenci\u00f3n del delito y del sistema penitenciario.<\/strong><\/p>\n<p>Tendr\u00e1 la responsabilidad de <strong>desarrollar tareas de vigilancia fronteriza y de protecci\u00f3n civil.<\/strong><\/p>\n<p>Ejercer\u00e1 el <strong>mando sobre la Polic\u00eda Federal y Auxiliar,<\/strong> y coordinar\u00e1 las pol\u00edticas e instancias de informaci\u00f3n, de seguridad nacional y criminal.<\/p>\n<p>Asimismo ser\u00e1 la que opere el <strong>sistema integral por la seguridad interior, y la que asuma las tareas en materia de migraci\u00f3n, poblaci\u00f3n e identificaci\u00f3n personal.<\/strong><\/p>\n<p>En su responsabilidad estar\u00e1 la <strong>coordinaci\u00f3n y di\u00e1logo pol\u00edtico<\/strong>, y se encargar\u00e1 de conducir la pol\u00edtica interior y de llevar a cabo las <strong>relaciones con los otros poderes, los distintos niveles de gobierno, los partidos pol\u00edticos, las iglesias y los actores pol\u00edticos.<\/strong><\/p>\n<p>Tendr\u00e1 con seguridad la responsabilidad de regular la actuaci\u00f3n de los medios de comunicaci\u00f3n e informaci\u00f3n.<\/p>\n<p>Y operar\u00e1 todo lo referente para garantizar el respeto a los <strong>derechos humanos y por ello <\/strong>estar\u00e1 facultada para encabezar los trabajos de promoci\u00f3n, as\u00ed como para dar atenci\u00f3n y seguimiento a las recomendaciones que emitan los \u00f3rganos competentes en la materia, para asegurar su cumplimiento, indic\u00f3 Pe\u00f1a Nieto.<\/p>\n<p align=\"center\">\u00a0<strong>NUEVO COMBATE A LA POBREZA<\/strong><\/p>\n<p>En la segunda iniciativa, la del redise\u00f1o de la administraci\u00f3n p\u00fablica, Pe\u00f1a Nieto incluy\u00f3 reorientar y fortalecer a la <strong>Secretar\u00eda de Desarrollo Social<\/strong>, para garantizar la aplicaci\u00f3n de un nuevo mecanismo de Estado de combate a la pobreza y busca reconvertir a la Secretar\u00eda de la Reforma Agraria en la Secretar\u00eda de <strong>Desarrollo Agrario, Territorial y Urbano.<\/strong><\/p>\n<p>En lo que corresponde a Sedesol, el mexiquense quiere alcanzar dos objetivos:<\/p>\n<p>Proyectar y aplicar nuevas pol\u00edticas no asistenciales en la b\u00fasqueda de disminuir la pobreza y a la vez fortalecer las capacidades y el alcance que tengan las tareas de la Secretar\u00eda de Desarrollo Social.<\/p>\n<p>\u201cSe propone, <em>insisto, una nueva visi\u00f3n para el combate a la pobreza<\/em> y la desigualdad, <strong>y el respeto a la dignidad humana y fomento a la cohesi\u00f3n social\u201d, dijo.<\/strong><\/p>\n<p>Para alcanzar eso y m\u00e1s se propone incorporar a Sedesol a los diversos organismos encargados de promover la equidad y la inclusi\u00f3n social.<\/p>\n<p align=\"center\">\u00a0<strong>REORDENAMIENTO REGIONAL<\/strong><\/p>\n<p>Para finalizar, Pe\u00f1a Nieto <strong>propuso ayer crear la Secretar\u00eda de Desarrollo Agrario, Territorial y Urbano a partir de lo que hoy es la secretar\u00eda de la Reforma Agraria.<\/strong><\/p>\n<p><strong>Una secretar\u00eda reformada que tenga por prop\u00f3sitos:<\/strong><\/p>\n<p>-Proteger los derechos agrarios que prev\u00e9 el Art\u00edculo 27 de nuestra Constituci\u00f3n.<\/p>\n<p>-Coordinar con las autoridades estatales y municipales la planeaci\u00f3n y el ordenamiento del territorio nacional y los asentamientos humanos, bajo criterios de desarrollo sustentable.<\/p>\n<p>-Promover el desarrollo urbano y metropolitano del pa\u00eds, a trav\u00e9s de una mejor planeaci\u00f3n habitacional, el desarrollo de vivienda y el aprovechamiento de las vocaciones productivas de las diversas regiones del pa\u00eds.<\/p>\n<p>La obviedad nos indica que estas dos iniciativas son apenas las primeras de un paquete que seguramente tiene listo para remodelar al Estado mexicano y darle al pa\u00eds un camino y ritmo distintos.<\/p>\n<p>Durante un acto encabezado por \u00e9l durante la ma\u00f1ana con asociaciones filantr\u00f3picas, Pe\u00f1a Nieto habl\u00f3 de tener ya un plan para garantizar una disminuci\u00f3n r\u00e1pida de la inseguridad y la violencia que afectan a gran parte del pa\u00eds.<\/p>\n<p>Hace unos d\u00edas el coordinador de los diputados del tricolor, el sonorense Manlio Fabio Beltrones &#8211;sin duda el pol\u00edtico m\u00e1s experimentado e influyente en el Congreso mexicano actual&#8211;, habl\u00f3 de que Pe\u00f1a Nieto enviar\u00eda pronto al Legislativo una iniciativa de reforma hacendaria y fiscal, otra energ\u00e9tica y una m\u00e1s social.<\/p>\n<p>El hecho de que ayer haya entregado las dos iniciativas descritas aqu\u00ed, nos indica que Pe\u00f1a Nieto es un Presidente con urgencias, que da respuestas desde ahora al gran reto que le espera luego de tomar posesi\u00f3n el 1 de diciembre.<\/p>\n<p><em><a href=\"mailto:rvizcaino@gmail.com\" target=\"_blank\">rvizcaino@gmail.com<\/a><\/em><\/p>\n","protected":false},"excerpt":{"rendered":"<p><span style=\"color: #005497;\"><strong>Roberto Vizca\u00edno<\/strong><\/span><\/p>\n","protected":false},"author":3,"featured_media":0,"comment_status":"open","ping_status":"open","sticky":false,"template":"","format":"standard","meta":{"_monsterinsights_skip_tracking":false,"_monsterinsights_sitenote_active":false,"_monsterinsights_sitenote_note":"","_monsterinsights_sitenote_category":0,"footnotes":""},"categories":[136],"tags":[24580,43674,93,442,94],"class_list":["post-111218","post","type-post","status-publish","format-standard","hentry","category-roberto-vizcaino-opinion","tag-comision-nacional-anticorrupcion","tag-opinion","tag-roberto-vizcaino","tag-secretaria-de-gobernacion","tag-tras-la-puerta-del-poder"],"_links":{"self":[{"href":"https:\/\/www.diarioimagen.net\/index.php?rest_route=\/wp\/v2\/posts\/111218","targetHints":{"allow":["GET"]}}],"collection":[{"href":"https:\/\/www.diarioimagen.net\/index.php?rest_route=\/wp\/v2\/posts"}],"about":[{"href":"https:\/\/www.diarioimagen.net\/index.php?rest_route=\/wp\/v2\/types\/post"}],"author":[{"embeddable":true,"href":"https:\/\/www.diarioimagen.net\/index.php?rest_route=\/wp\/v2\/users\/3"}],"replies":[{"embeddable":true,"href":"https:\/\/www.diarioimagen.net\/index.php?rest_route=%2Fwp%2Fv2%2Fcomments&post=111218"}],"version-history":[{"count":0,"href":"https:\/\/www.diarioimagen.net\/index.php?rest_route=\/wp\/v2\/posts\/111218\/revisions"}],"wp:attachment":[{"href":"https:\/\/www.diarioimagen.net\/index.php?rest_route=%2Fwp%2Fv2%2Fmedia&parent=111218"}],"wp:term":[{"taxonomy":"category","embeddable":true,"href":"https:\/\/www.diarioimagen.net\/index.php?rest_route=%2Fwp%2Fv2%2Fcategories&post=111218"},{"taxonomy":"post_tag","embeddable":true,"href":"https:\/\/www.diarioimagen.net\/index.php?rest_route=%2Fwp%2Fv2%2Ftags&post=111218"}],"curies":[{"name":"wp","href":"https:\/\/api.w.org\/{rel}","templated":true}]}}