{"id":111228,"date":"2012-11-15T00:04:14","date_gmt":"2012-11-15T06:04:14","guid":{"rendered":"http:\/\/www.diarioimagen.net\/?p=111228"},"modified":"2012-11-16T01:31:22","modified_gmt":"2012-11-16T07:31:22","slug":"sucesion-en-marina","status":"publish","type":"post","link":"https:\/\/www.diarioimagen.net\/?p=111228","title":{"rendered":"Sucesi\u00f3n en Marina"},"content":{"rendered":"<h2>De frente y de perfil<\/h2>\n<h5>Ram\u00f3n Zurita Sahag\u00fan<\/h5>\n<p><span><br \/>\nCercana ya la fecha en que se conocer\u00e1n los nombres de los personajes que formar\u00e1n parte del gabinete presidencial de Enrique Pe\u00f1a Nieto y que significa el regreso del PRI a Los Pinos, aumenta el nerviosismo entre los que mantienen aspiraciones para ocupar una de esas vacantes.<\/span><\/p>\n<p>Las secretar\u00edas que antes manten\u00edan como secreto de Estado el relevo en los altos mandos, son las que en la actualidad mantienen mayor efervescencia y sostienen una guerra interna entre varios de sus aspirantes.<\/p>\n<p>Almirantes y generales divisionarios iniciaron con bastante antelaci\u00f3n sus propios sondeos, para definir a cu\u00e1l de ellos deb\u00edan apoyar, form\u00e1ndose distintos grupos de apoyo para unos y otros. La disputa es sorda y deja cicatrices que no se advierten desde afuera, pero que en el interior son muy visibles.<\/p>\n<p>Uno de esos sectores es la Secretar\u00eda de Marina, donde el hermetismo es enorme, debido al control que mantiene el almirante Mariano Francisco Saynez que pretende ubicar a uno de sus incondicionales como su sucesor.<\/p>\n<p>El ascenso de cinco marinos al grado m\u00e1ximo de almirante vino a complicar todav\u00eda m\u00e1s la enredada sucesi\u00f3n, ya que los receptores de los ascensos se sienten con posibilidades de disputar la plaza que dejar\u00e1 vacante el almirante secretario a partir del 1 de diciembre.<\/p>\n<p>De un paquete original de cuatro prospectos reales, el n\u00famero creci\u00f3 y ahora la duda radica en qui\u00e9n de ellos re\u00fane el consenso suficiente para ocupar la titularidad de la Secretar\u00eda de Marina.<\/p>\n<p>Los nombres m\u00e1s sonoros de este primer paquete eran los de Jorge H. Pastor G\u00f3mez, subsecretario de Marina y uno de los m\u00e1s fuertes prospectos; Jos\u00e9 Santiago Valdez \u00c1lvarez, oficial mayor de la Armada; \u00a0Carlos Federico Quinto, director del CESNAV, y Guillermo Colina Torres, comandante de la Fuerza Naval del Golfo.<\/p>\n<p>A ellos se agregan los de Juan Ram\u00f3n Alcal\u00e1, Arturo Bernal Carrasco, V\u00edctor Uribe Ar\u00e9valo, Vidal Francisco Sober\u00f3n y Pedro Garc\u00eda Valerio.<\/p>\n<p>Los ascensos -igual que los del Ej\u00e9rcito- tendr\u00e1n que ser ratificados por el Senado de la Rep\u00fablica, pero no habr\u00e1 problema para ello.<\/p>\n<p>Ser\u00e1 el nuevo Ejecutivo federal el que tendr\u00e1 la \u00faltima palabra en cuanto a la selecci\u00f3n de quien se convertir\u00e1 en personaje principal en la lucha contra el crimen organizado, ya que uno de los compromisos de campa\u00f1a del hoy Presidente electo fue que la Marina seguir\u00eda participando en este combate.<\/p>\n<p>Por el papel relevante que tendr\u00e1n en esas tareas, vale la pena revisar qui\u00e9nes son los nuevos almirantes que de no alcanzar la designaci\u00f3n como secretario de Marina tendr\u00e1n otras tareas en la pr\u00f3xima administraci\u00f3n.<\/p>\n<p>Juan Ram\u00f3n Alcal\u00e1 ha sido director de la H. Escuela Naval, director adjunto de Control de Personal, jefe de la flotilla de buques clase Azteca, de vigilancia costera y comandante de la Quinta Zona Naval, con sede en Frontera, Tabasco.<\/p>\n<p>Arturo Bernal Carrasco es uno de los expertos en seguridad continental, grado que obtuvo en el Colegio Interamericano de Defensa en Washington, D.C. y de Seguridad nacional por el Centro de Estudios Superiores Navales de la Armada de M\u00e9xico. Fue comandante del Sector Naval en Ixtapa-Zihuatanejo y actualmente se desempe\u00f1a como comandante de la Cuarta Regi\u00f3n Naval, ubicada en Sonora.<\/p>\n<p>V\u00edctor Uribe Ar\u00e9valo se desempe\u00f1\u00f3 como agregado Naval en la embajada de M\u00e9xico en Estados Unidos\u00a0y jefe de la Sexta Zona Naval, en San Blas, Nayarit, adem\u00e1s de fungir como mando en la Fuerza Naval del Pac\u00edfico, catalogada como una unidad de \u00e9lite.<\/p>\n<p>Vidal Francisco Sober\u00f3n ha sido presidente de la Comisi\u00f3n de Estudios Especiales del Estado Mayor de la Armada; jefe de un subsector en Matamoros, Tamaulipas y estuvo a la cabeza de un grupo de comando en la Sexta Flotilla de Buques de Vigilancia Oce\u00e1nica. Pedro Garc\u00eda Valerio ha pasado por diversos cargos, desde instructor de los cuerpos especiales y de \u00e9lite en combate anti-guerrilla, comandante del batall\u00f3n de Fusileros Paracaidistas y jefe de la Fuerza de Reacci\u00f3n Anfibia en el Pac\u00edfico.<\/p>\n<p>Actualmente, Juan Ram\u00f3n Alcal\u00e1 es comandante de la D\u00e9cima Zona Naval, con sede en Michoac\u00e1n; Bernal Carrasco, jefe de la Cuarta Regi\u00f3n Naval, ubicada en Sonora; Uribe Ar\u00e9valo comandante de la Octava Zona Naval, situada en Puerto Vallarta; Sober\u00f3n, secretario particular del almirante secretario Saynez Mendoza y Garc\u00eda Valerio, coordinador de Infanter\u00eda de Marina.<\/p>\n<p align=\"center\"><strong>PROBLEMAS DE SEMPRA<\/strong><\/p>\n<p>La empresa Sempra Energy enfrenta varios problemas legales, pero el m\u00e1s reciente es el que le estableci\u00f3 un tribunal de California. De esa forma, resulta que no s\u00f3lo el gobierno de M\u00e9xico investiga a la empresa Sempra Energy Inc. y a sus principales directivos, por la presunta comisi\u00f3n de los delitos de contrabando, defraudaci\u00f3n fiscal y \u201clavado\u201d de dinero, autoridades de Estados Unidos abrieron un juicio contra la empresa por despojo, intento de compra de terrenos de manera fraudulenta y por da\u00f1os f\u00edsicos y morales contra un mexicano.<\/p>\n<p>Un tribunal de California abri\u00f3 el expediente 10CVO1513-CAB (KSC) contra Sempra Energy, en el que se le notifica que fue denegada su petici\u00f3n para suspender o acatar lo que legal y jur\u00eddicamente corresponde por haber pretendido, el 31 de enero de 2006, comprar un predio en la costa de Ensenada, Baja California, a Elodia G\u00f3mez Casta\u00f1\u00f3n, quien falleci\u00f3 un a\u00f1o cuatro meses antes del intento de compra-venta.<\/p>\n<p>La empresa ten\u00eda el objetivo de unir el predio con otro (una planta regasificadora con la que ya cuenta), pero cuyo verdadero due\u00f1o, Ram\u00f3n Eugenio S\u00e1nchez Ritchie, denunci\u00f3 por tratarse de una compra-venta fraudulenta.<\/p>\n<p>Sempra Energy intent\u00f3 frenar la denuncia desde EU, pero la juez Cathy Ann Bencivengo descart\u00f3 todos los alegatos, por lo que ahora enfrenta un litigio ante la autoridad estadunidense por despojo y por intento de compra-venta fraudulenta.<\/p>\n<p><em><a href=\"mailto:ramonzurita44@hotmail.com\" target=\"_blank\"><em>ramonzurita44@hotmail.com<br \/>\n<\/em><\/a><\/em><em><a href=\"mailto:zurita_sahagun@hotmail.com\" target=\"_blank\">zurita_sahagun@hotmail.com<\/a><\/em><\/p>\n","protected":false},"excerpt":{"rendered":"<p><span style=\"color: #005497;\"><strong>Ram\u00f3n Zurita Sahag\u00fan<\/strong><\/span><\/p>\n","protected":false},"author":3,"featured_media":0,"comment_status":"open","ping_status":"open","sticky":false,"template":"","format":"standard","meta":{"_monsterinsights_skip_tracking":false,"_monsterinsights_sitenote_active":false,"_monsterinsights_sitenote_note":"","_monsterinsights_sitenote_category":0,"footnotes":""},"categories":[234],"tags":[304,1546,4310,43674,362,43687],"class_list":["post-111228","post","type-post","status-publish","format-standard","hentry","category-ramon-zurita-sahagun","tag-de-frente-y-de-perfil","tag-los-pinos","tag-marina-armada-de-mexico","tag-opinion","tag-pri","tag-ramon-zurita-sahagun"],"_links":{"self":[{"href":"https:\/\/www.diarioimagen.net\/index.php?rest_route=\/wp\/v2\/posts\/111228","targetHints":{"allow":["GET"]}}],"collection":[{"href":"https:\/\/www.diarioimagen.net\/index.php?rest_route=\/wp\/v2\/posts"}],"about":[{"href":"https:\/\/www.diarioimagen.net\/index.php?rest_route=\/wp\/v2\/types\/post"}],"author":[{"embeddable":true,"href":"https:\/\/www.diarioimagen.net\/index.php?rest_route=\/wp\/v2\/users\/3"}],"replies":[{"embeddable":true,"href":"https:\/\/www.diarioimagen.net\/index.php?rest_route=%2Fwp%2Fv2%2Fcomments&post=111228"}],"version-history":[{"count":0,"href":"https:\/\/www.diarioimagen.net\/index.php?rest_route=\/wp\/v2\/posts\/111228\/revisions"}],"wp:attachment":[{"href":"https:\/\/www.diarioimagen.net\/index.php?rest_route=%2Fwp%2Fv2%2Fmedia&parent=111228"}],"wp:term":[{"taxonomy":"category","embeddable":true,"href":"https:\/\/www.diarioimagen.net\/index.php?rest_route=%2Fwp%2Fv2%2Fcategories&post=111228"},{"taxonomy":"post_tag","embeddable":true,"href":"https:\/\/www.diarioimagen.net\/index.php?rest_route=%2Fwp%2Fv2%2Ftags&post=111228"}],"curies":[{"name":"wp","href":"https:\/\/api.w.org\/{rel}","templated":true}]}}