{"id":111255,"date":"2012-11-15T00:04:36","date_gmt":"2012-11-15T06:04:36","guid":{"rendered":"http:\/\/www.diarioimagen.net\/?p=111255"},"modified":"2012-11-16T03:23:59","modified_gmt":"2012-11-16T09:23:59","slug":"pena-nieto-entrega-dos-iniciativas-preferentes","status":"publish","type":"post","link":"https:\/\/www.diarioimagen.net\/?p=111255","title":{"rendered":"Pe\u00f1a Nieto entrega dos iniciativas preferentes"},"content":{"rendered":"<ul>\n<li><strong><em>Sus propuestas ser\u00e1n presentadas formalmente por los legisladores pri\u00edstas ante las c\u00e1maras de Senadores y Diputados<\/em><\/strong><\/li>\n<\/ul>\n<h6>Roberto Vizca\u00edno<\/h6>\n<div id=\"attachment_111306\" style=\"width: 250px\" class=\"wp-caption alignleft\"><a class=\"highslide\" onclick=\"return vz.expand(this)\" href=\"http:\/\/www.diarioimagen.net\/wp-content\/uploads\/2012\/11\/epn-1981.jpg\"><img loading=\"lazy\" decoding=\"async\" aria-describedby=\"caption-attachment-111306\" class=\"size-medium wp-image-111306\" title=\"epn-1981\" src=\"http:\/\/www.diarioimagen.net\/wp-content\/uploads\/2012\/11\/epn-1981-240x135.jpg\" alt=\"\" width=\"240\" height=\"135\" \/><\/a><p id=\"caption-attachment-111306\" class=\"wp-caption-text\">Momento en el que Enrique Pe\u00f1a Nieto, presidente electo, entrega a Emilio Gamboa y Manlio Fabio Beltrones las iniciativas que ser\u00e1n iniciadas en cada c\u00e1mara.<\/p><\/div>\n<p>El presidente electo, Enrique Pe\u00f1a, entreg\u00f3 ayer a senadores y diputados del PRI dos iniciativas de reforma constitucional:<\/p>\n<p>-Con la primera, la que crear\u00eda la Comisi\u00f3n Nacional Anticorrupci\u00f3n y desaparecer\u00eda a la Secretar\u00eda de la Funci\u00f3n P\u00fablica, se combatir\u00eda como nunca antes la corrupci\u00f3n, no s\u00f3lo en los tres niveles de gobierno, sino en los poderes Legislativo y Judicial.<\/p>\n<p>-Con la segunda, que plantea una reestructuraci\u00f3n de la administraci\u00f3n p\u00fablica, la Secretar\u00eda de Gobernaci\u00f3n se convertir\u00e1 en una supersecretar\u00eda que operar\u00eda todo el sistema nacional de seguridad p\u00fablica y absorber\u00eda a la Polic\u00eda Federal Preventiva; asumir\u00eda el control del sistema penitenciario; tendr\u00eda bajo su mando al Sistema Nacional de Inteligencia y Seguridad Nacional; ser\u00eda responsable de todo lo referente a los derechos humanos; de ella depender\u00edan las tareas del \u00e1rea de migraci\u00f3n y resguardo de nuestras fronteras; de todo lo referente a poblaci\u00f3n e identificaci\u00f3n personal de los mexicanos y, por si lo anterior no fuera suficiente, de Gobernaci\u00f3n depender\u00eda la relaci\u00f3n con todos los otros niveles de gobierno y con los actores pol\u00edticos y partidos.<\/p>\n<p>Esta segunda iniciativa prev\u00e9 adem\u00e1s reorientar la estructura y objetivos de la Secretar\u00eda de Desarrollo Social para cambiar y atacar con otro tipo de acciones y pol\u00edticas a la pobreza, buscando sobre todo reforzar la cohesi\u00f3n social.<\/p>\n<p>Y, adem\u00e1s, dar\u00eda paso a la transformaci\u00f3n de la Secretar\u00eda de la Reforma Agraria en la Secretar\u00eda de Desarrollo Agrario, Territorial y Urbano, con la cual se establecer\u00eda una nueva relaci\u00f3n y pol\u00edticas hacia el campo, y se dedicar\u00eda a fijar lineamientos coordinados con los gobiernos estatales y municipales para el reordenamiento urbano.<\/p>\n<p>Las dos iniciativas fueron explicadas as\u00ed por el propio Presidente electo a los coordinadores de las fracciones del PRI en el Senado, Emilio Gamboa, y en la C\u00e1mara de Diputados, Manlio Fabio Beltrones, y a los coordinadores del PVEM en ambas c\u00e1maras, Jorge Emilio Gonz\u00e1lez y Pablo Escudero, respectivamente, as\u00ed como a senadores y diputados reunidos en un sal\u00f3n del hotel JW Marriot de Santa Fe.<\/p>\n<p>Ellos ser\u00e1n quienes se encarguen de presentar formalmente estas iniciativas ante sus respectivos plenos, a fin de que sean enviadas a comisiones y se produzcan legalmente las reformas constitucionales pe\u00f1istas.<\/p>\n<p>Anteriormente, el 11 de septiembre, en un evento similar, le entreg\u00f3 a los senadores pri\u00edstas su primera iniciativa de reforma constitucional para dotar de autonom\u00eda al Instituto Federal de Acceso a la Informaci\u00f3n P\u00fablica (IFAI) y ampliar as\u00ed sus facultades. Esta reforma se encuentra un tanto atorada en el Senado.<\/p>\n<p>En sus respectivas intervenciones, el senador Emilio Gamboa y el diputado Manlio Fabio Beltrones comprometieron a sus bancadas en el apoyo y tr\u00e1mite de estas dos nuevas iniciativas de Pe\u00f1a Nieto.<\/p>\n<p align=\"center\"><strong>COMPROMISOS DE CAMPA\u00d1A<\/strong><\/p>\n<p>En su explicaci\u00f3n, el Presidente electo record\u00f3 que su iniciativa para crear la Comisi\u00f3n Nacional Anticorrupci\u00f3n fue su primer compromiso de campa\u00f1a, hecho apenas unos minutos despu\u00e9s del arranque en Guadalajara.<\/p>\n<p>\u201cLa Comisi\u00f3n Nacional Anticorrupci\u00f3n busca que el gobierno act\u00fae con mayor eficacia en combatir las faltas administrativas y las conductas de corrupci\u00f3n que ocurren lamentablemente y especialmente en el gobierno federal\u2026<\/p>\n<p>\u201cTendr\u00e1 capacidad para actuar de oficio por notificaci\u00f3n de otros \u00f3rganos del Estado, as\u00ed como por denuncias o reportes ciudadanos, que le lleve a hacer investigaci\u00f3n de eventuales actos de corrupci\u00f3n en estos niveles de gobierno.<\/p>\n<p>\u201cSus investigaciones no tendr\u00e1 limitaci\u00f3n por razones de secreto bancario, fiduciario o fiscal.<\/p>\n<p>\u201cDe igual forma, se establece la obligaci\u00f3n de que los estados y el Distrito Federal establezcan sus propias comisiones especializadas en el combate a la corrupci\u00f3n de car\u00e1cter colegiado, con plena autonom\u00eda y personalidad jur\u00eddica, as\u00ed como con patrimonio propio\u201d, indic\u00f3.<\/p>\n<p>La segunda iniciativa que propone una restructuraci\u00f3n de la Administraci\u00f3n P\u00fablica Federal busca modernizar y hacer m\u00e1s eficiente al gobierno.<\/p>\n<p>\u201cLos principales objetivos de esta reforma son:<\/p>\n<p>-Garantizar la coordinaci\u00f3n del gabinete y dar seguimiento a sus pol\u00edticas; generar un nuevo esquema de organizaci\u00f3n, que permita mejorar la seguridad interna, tema sensible hoy entre la sociedad, y con ello recuperar la paz y la tranquilidad para todos los mexicanos; dar tambi\u00e9n un nuevo impulso a las pol\u00edticas sociales para reforzar el combate a la pobreza y la desigualdad, y avanzar hacia una sociedad m\u00e1s incluyente y sin discriminaci\u00f3n; y tambi\u00e9n propiciar mayores condiciones de armon\u00eda y orden en el desarrollo del pa\u00eds, en sus \u00e1mbitos agrario, territorial, urbano y de vivienda.<\/p>\n<p>\u201cPor tal motivo, en alcance a estos objetivos, se propone una modificaci\u00f3n a la Ley Org\u00e1nica de la Administraci\u00f3n P\u00fablica Federal, para que la Secretar\u00eda de Gobernaci\u00f3n fortalezca su autoridad para garantizar la seguridad y protecci\u00f3n de la poblaci\u00f3n.<\/p>\n<p>\u201cSe propone que en materia de coordinaci\u00f3n y di\u00e1logo pol\u00edtico, la Secretar\u00eda de Gobernaci\u00f3n se encargue de conducir la pol\u00edtica interior y de llevar a cabo las relaciones con los otros poderes, los distintos niveles de gobierno y actores pol\u00edticos.<\/p>\n<p align=\"center\"><strong>CAMBIOS EN SEDESOL<\/strong><\/p>\n<p>Pe\u00f1a Nieto explic\u00f3 que en cuanto a la Secretar\u00eda de Desarrollo Social, propone reorientarla y readecuarla para que cumpla cabalmente en el combate de la pobreza y la desigualdad.<\/p>\n<p>\u201cSe propone una nueva visi\u00f3n para el combate a la pobreza y la desigualdad, y el respeto a la dignidad humana y fomento a la cohesi\u00f3n social\u201d.<\/p>\n<p>Para alcanzar eso y m\u00e1s se propone incorporar a Sedesol a los diversos organismos encargados de promover la equidad y la inclusi\u00f3n social.<\/p>\n<p>Y por \u00faltimo, propuso crear la Secretar\u00eda de Desarrollo Agrario, Territorial y Urbano a partir de lo que hoy es la Secretar\u00eda de la Reforma Agraria.<\/p>\n<p>Una secretar\u00eda reformada que tenga por prop\u00f3sitos:<\/p>\n<p>-Proteger los derechos agrarios que prev\u00e9 el art\u00edculo 27 de nuestra Constituci\u00f3n.<\/p>\n<p>-Coordinar con las autoridades estatales y municipales la planeaci\u00f3n y el ordenamiento del territorio nacional y los asentamientos humanos, bajo criterios de desarrollo sustentable.<\/p>\n<p>-Promover el desarrollo urbano y metropolitano del pa\u00eds, a trav\u00e9s de una mejor planeaci\u00f3n habitacional, el desarrollo de vivienda y el aprovechamiento de las vocaciones productivas de las diversas regiones del pa\u00eds.<\/p>\n","protected":false},"excerpt":{"rendered":"<p><span style=\"color: #005497;\"><strong>Roberto Vizca\u00edno<\/strong><\/span><br \/>\n<br \/>\nEl presidente electo, Enrique Pe\u00f1a, entreg\u00f3 ayer a senadores y diputados del PRI dos iniciativas de reforma constitucional: -Con la primera, la que crear\u00eda la Comisi\u00f3n Nacional Anticorrupci\u00f3n y desaparecer\u00eda a la Secretar\u00eda de la Funci\u00f3n P\u00fablica, se combatir\u00eda como nunca antes la corrupci\u00f3n, no s\u00f3lo en los tres niveles de gobierno, sino en los poderes Legislativo y Judicial.<\/p>\n","protected":false},"author":3,"featured_media":0,"comment_status":"open","ping_status":"open","sticky":false,"template":"","format":"standard","meta":{"_monsterinsights_skip_tracking":false,"_monsterinsights_sitenote_active":false,"_monsterinsights_sitenote_note":"","_monsterinsights_sitenote_category":0,"footnotes":""},"categories":[17,3],"tags":[24580,18,25333,43673,362,93,7420,1998],"class_list":["post-111255","post","type-post","status-publish","format-standard","hentry","category-especiales","category-nacional","tag-comision-nacional-anticorrupcion","tag-enrique-pena-nieto","tag-iniciativas","tag-nacional","tag-pri","tag-roberto-vizcaino","tag-secretaria-de-la-funcion-publica","tag-sedesol"],"_links":{"self":[{"href":"https:\/\/www.diarioimagen.net\/index.php?rest_route=\/wp\/v2\/posts\/111255","targetHints":{"allow":["GET"]}}],"collection":[{"href":"https:\/\/www.diarioimagen.net\/index.php?rest_route=\/wp\/v2\/posts"}],"about":[{"href":"https:\/\/www.diarioimagen.net\/index.php?rest_route=\/wp\/v2\/types\/post"}],"author":[{"embeddable":true,"href":"https:\/\/www.diarioimagen.net\/index.php?rest_route=\/wp\/v2\/users\/3"}],"replies":[{"embeddable":true,"href":"https:\/\/www.diarioimagen.net\/index.php?rest_route=%2Fwp%2Fv2%2Fcomments&post=111255"}],"version-history":[{"count":0,"href":"https:\/\/www.diarioimagen.net\/index.php?rest_route=\/wp\/v2\/posts\/111255\/revisions"}],"wp:attachment":[{"href":"https:\/\/www.diarioimagen.net\/index.php?rest_route=%2Fwp%2Fv2%2Fmedia&parent=111255"}],"wp:term":[{"taxonomy":"category","embeddable":true,"href":"https:\/\/www.diarioimagen.net\/index.php?rest_route=%2Fwp%2Fv2%2Fcategories&post=111255"},{"taxonomy":"post_tag","embeddable":true,"href":"https:\/\/www.diarioimagen.net\/index.php?rest_route=%2Fwp%2Fv2%2Ftags&post=111255"}],"curies":[{"name":"wp","href":"https:\/\/api.w.org\/{rel}","templated":true}]}}