{"id":111276,"date":"2012-11-15T00:06:51","date_gmt":"2012-11-15T06:06:51","guid":{"rendered":"http:\/\/www.diarioimagen.net\/?p=111276"},"modified":"2012-11-15T05:29:19","modified_gmt":"2012-11-15T11:29:19","slug":"sismo-de-6-1-grados-richter-sacude-a-mexico-ssn","status":"publish","type":"post","link":"https:\/\/www.diarioimagen.net\/?p=111276","title":{"rendered":"Sismo de 6.1 grados Richter sacude a M\u00e9xico: Servicio Sismol\u00f3gico Nacional"},"content":{"rendered":"<p><a class=\"highslide\" onclick=\"return vz.expand(this)\" href=\"http:\/\/www.diarioimagen.net\/wp-content\/uploads\/2012\/11\/sismo-1981.jpg\"><img loading=\"lazy\" decoding=\"async\" class=\"alignleft size-medium wp-image-111336\" style=\"margin-right: 9px; margin-bottom: 9px;\" title=\"sismo-1981\" src=\"http:\/\/www.diarioimagen.net\/wp-content\/uploads\/2012\/11\/sismo-1981-240x135.jpg\" alt=\"\" width=\"240\" height=\"135\" \/><\/a>El Servicio Sismol\u00f3gico Nacional (SSN) precis\u00f3 en su cuenta de <em>Twitter<\/em> la magnitud ajustada del temblor que azot\u00f3 al pa\u00eds a las 03:20 horas, de 6.1 grados en la escala de Richter.<\/p>\n<p>De acuerdo con el organismo del Instituto de Geof\u00edsica de la Universidad Nacional Aut\u00f3noma de M\u00e9xico (UNAM), el temblor, cuyo epicentro se registr\u00f3 a 26 kil\u00f3metros al sureste de Ciudad Altamirano, Guerrero, se detect\u00f3 en las coordenadas Latitud 18.17 y Longitud -100.52, a 40 kil\u00f3metros de profundidad.<\/p>\n","protected":false},"excerpt":{"rendered":"<p>El Servicio Sismol\u00f3gico Nacional (SSN) precis\u00f3 en su cuenta de Twitter la magnitud ajustada del temblor que azot\u00f3 al pa\u00eds a las 03:20 horas, de 6.1 grados en la escala de Richter.<\/p>\n","protected":false},"author":3,"featured_media":0,"comment_status":"open","ping_status":"open","sticky":false,"template":"","format":"standard","meta":{"_monsterinsights_skip_tracking":false,"_monsterinsights_sitenote_active":false,"_monsterinsights_sitenote_note":"","_monsterinsights_sitenote_category":0,"footnotes":""},"categories":[3],"tags":[25334,3244,44,43673,1061,18044,677],"class_list":["post-111276","post","type-post","status-publish","format-standard","hentry","category-nacional","tag-ciudad-altamirano","tag-guerrero","tag-mexico","tag-nacional","tag-richter","tag-servicio-sismologico-nacional","tag-sismo"],"_links":{"self":[{"href":"https:\/\/www.diarioimagen.net\/index.php?rest_route=\/wp\/v2\/posts\/111276","targetHints":{"allow":["GET"]}}],"collection":[{"href":"https:\/\/www.diarioimagen.net\/index.php?rest_route=\/wp\/v2\/posts"}],"about":[{"href":"https:\/\/www.diarioimagen.net\/index.php?rest_route=\/wp\/v2\/types\/post"}],"author":[{"embeddable":true,"href":"https:\/\/www.diarioimagen.net\/index.php?rest_route=\/wp\/v2\/users\/3"}],"replies":[{"embeddable":true,"href":"https:\/\/www.diarioimagen.net\/index.php?rest_route=%2Fwp%2Fv2%2Fcomments&post=111276"}],"version-history":[{"count":0,"href":"https:\/\/www.diarioimagen.net\/index.php?rest_route=\/wp\/v2\/posts\/111276\/revisions"}],"wp:attachment":[{"href":"https:\/\/www.diarioimagen.net\/index.php?rest_route=%2Fwp%2Fv2%2Fmedia&parent=111276"}],"wp:term":[{"taxonomy":"category","embeddable":true,"href":"https:\/\/www.diarioimagen.net\/index.php?rest_route=%2Fwp%2Fv2%2Fcategories&post=111276"},{"taxonomy":"post_tag","embeddable":true,"href":"https:\/\/www.diarioimagen.net\/index.php?rest_route=%2Fwp%2Fv2%2Ftags&post=111276"}],"curies":[{"name":"wp","href":"https:\/\/api.w.org\/{rel}","templated":true}]}}