{"id":111391,"date":"2012-11-16T00:05:10","date_gmt":"2012-11-16T06:05:10","guid":{"rendered":"http:\/\/www.diarioimagen.net\/?p=111391"},"modified":"2012-11-19T02:03:29","modified_gmt":"2012-11-19T08:03:29","slug":"basura-eres-y-en-basura","status":"publish","type":"post","link":"https:\/\/www.diarioimagen.net\/?p=111391","title":{"rendered":"Basura eres y en basura&#8230;"},"content":{"rendered":"<h2>\u00cdndice pol\u00edtico<\/h2>\n<h5>Francisco Rodr\u00edguez<\/h5>\n<p><span><br \/>\nEl primog\u00e9nito de la mal afamada Marta Sahag\u00fan, Manuel Bribiesca, hurgaba en los basureros guanajuatenses para ganarse la vida, antes de que su madre se convirtiera en esposa del entonces presidente Vicente Fox.<\/span><\/p>\n<p>Una boda que le cambi\u00f3 la vida\u2026 pero no su afici\u00f3n por los negocios relacionados con los desperdicios. A trav\u00e9s de Oceanograf\u00eda, la empresa a la cual el junior y otros familiares le gestionaron contratos con Pemex durante el primer sexenio panista, el ya no tan joven Bribiesca acaba de hacerse del contrato para prestar servicios, durante 20 a\u00f1os, de barrido mec\u00e1nico, manual, recolecci\u00f3n, traslado y disposici\u00f3n final de residuos s\u00f3lidos en el municipio de Ahome, Sinaloa.<\/p>\n<p>Hace dos d\u00edas, en Los Mochis, cabecera municipal de Ahome, se dio el fallo que muchos consideran ama\u00f1ado y, claro, amafiado.<\/p>\n<p>Accionista principal de Oceanograf\u00eda, Amado Y\u00e1\u00f1ez Osuna incursiona en el rico negocio de la basura, no obstante que su experiencia es nula.\u00a0 La empresa, como es sabido, se dedica al alquiler y servicios de plataformas y barcos petroleros, tras los cuales hay un historial de manejo de recursos federales en beneficio propio y de terceros.<\/p>\n<p>Durante el gobierno de Vicente Fox se le entregaron contratos por m\u00e1s de 5 mil millones de pesos, mismos que fueron gestionados por los hermanos Manuel y Jorge Bribiesca, hijos de Martha Sahag\u00fan, hechos presumiblemente delictivos que fueron investigados entre p\u00e9talos de rosa por la ya casi desaparecidita Secretar\u00eda de la Funci\u00f3n P\u00fablica y, m\u00e1s en serio, por la Auditor\u00eda Superior de la Federaci\u00f3n.<\/p>\n<p align=\"center\"><strong>MOCHADAS EN LOS MOCHIS<\/strong><\/p>\n<p>El pasado 5 de noviembre, el presidente municipal de Ahome, Zen\u00e9n X\u00f3chihua Enciso, destac\u00f3 que en relaci\u00f3n a los antecedentes de Oceanograf\u00eda S.A. de C.V., ser\u00eda en su debido momento cuando se deber\u00eda de analizar los factores de riesgo que puedan tener los antecedentes de la empresa. Tambi\u00e9n dijo que la concesi\u00f3n se otorgar\u00eda a la propuesta que m\u00e1s le conviniese al municipio por sus aspectos t\u00e9cnicos y financieros\u2026 y bla, bla, bla.<\/p>\n<p>Asimismo sostuvo que el hecho de que los hijos de Martha Sahag\u00fan de Fox est\u00e9n relacionados con la empresa Oceanograf\u00eda, S.A. de C.V., no representa un impedimento de ley para participar en el concurso por ganar la concesi\u00f3n de recolecci\u00f3n de la basura.<\/p>\n<p>El 7 de noviembre Jos\u00e9 Luis Polo Palafox,\u00a0 Presidente Nacional de la Asociaci\u00f3n por y para M\u00e9xico, se\u00f1alo a Felipe Ibarra, Presidente del Patronato Pro Educaci\u00f3n Ahome A.C.,\u00a0 como negociador\u00a0 entre Oceanograf\u00eda y el municipio, dijo que a trav\u00e9s de su\u00a0 Edificaciones y Obras Santa Fe S.A. de C.V., tiene el contacto con la empresa petrolera, as\u00ed como la existencia de una estrecha relaci\u00f3n entre Zenen X\u00f3chihua.<\/p>\n<p>Afirm\u00f3 que la constructora Santa Fe es la m\u00e1s favorecida con la adjudicaci\u00f3n de obras p\u00fablicas por el municipio.<\/p>\n<p>A pesar de las irregularidades que muestra la licitaci\u00f3n, Banobras no dio ninguna postura al respecto, al parecer porque los v\u00ednculos de intereses van m\u00e1s all\u00e1 de solo buscar un beneficio a la comunidad, sino que al existir un presupuesto de 118 millones de pesos, 50 millones a fondo perdido, en una administraci\u00f3n que en un a\u00f1o estar\u00e1 terminando su periodo de gesti\u00f3n, el aprovechamiento de ese dinero puede ir a manos de quien menos nos imaginemos.<\/p>\n<p>Para nadie es un secreto en Los Mochis que muchos de los contratos que se otorgan sin licitaci\u00f3n favorecen a dos constructores amigos muy cercanos al alcalde, asegur\u00e1ndose incluso que hasta sociedad existe con ellos. O, m\u00ednimo, que el edil recibe sus \u201cmochadas\u201d.<\/p>\n<p>Como tambi\u00e9n est\u00e1 a la vista el negocio que se hace desde la Secretar\u00eda del ayuntamiento con la anuencia del alcalde con las viviendas embargadas a derechohabientes de Infonavit por adeudos del predial y que son rematadas por \u00ednfimas cantidades y luego revendidas a precios comerciales, como lo acaba de denunciar Jos\u00e9 Luis Polo Palafox.<\/p>\n<p>Basura. Basura son y en basura se convertir\u00e1n.<\/p>\n<p><strong><em>\u00cdndice Flam\u00edgero: <\/em><\/strong>Salario igual al de los ministros de la Suprema Corte de Justicia tendr\u00e1n los integrantes de la Comisi\u00f3n Nacional Anticorrupci\u00f3n, de acuerdo a la iniciativa de ley pri\u00edsta. \u00bfPara que no se corrompan? + + + Antonio L\u00f3pez Puerta Hern\u00e1ndez, quien todav\u00eda funge como asesor de la Direcci\u00f3n General y Coordinador del Programa de Ahorro de Energ\u00eda del Sector El\u00e9ctrico de la CFE al mismo tiempo, tiene amedrentado al personal de dicha Coordinaci\u00f3n, debido a que pretende despedir a m\u00e1s de 8 empleados, algunos de ellos con m\u00e1s de 20 a\u00f1os de antig\u00fcedad, para otorgarles dichas plazas a sus amigos panistas-calderonistas.<\/p>\n<p>Adem\u00e1s presume que los futuros funcionarios colocados por el gobierno del PRI no se atrever\u00e1n a cesar a nadie.<\/p>\n<p>Este es un fen\u00f3meno que se presenta en pr\u00e1cticamente todas las dependencias federales. Est\u00e1n colocando en plazas bien remuneradas a los calderonistas para que, a\u00fan trabajando unos pocos meses, se lleven una buena indemnizaci\u00f3n por despido. + + + Catorce\u00a0 d\u00edas. Dos semanas.<\/p>\n<p>Eso falta para que termine el sexenio del ocupante de Los Pinos, a quien los contribuyentes le prestamos el avi\u00f3n presidencial para que viajara a Espa\u00f1a.<\/p>\n<p><em><a href=\"http:\/\/www.indicepolitico.com\/\" target=\"_blank\"><em>www.indicepolitico.com<\/em><\/a><br \/>\n<\/em><em><a href=\"mailto:pacorodriguez@journalist.com\" target=\"_blank\">pacorodriguez@journalist.com<\/a><\/em><\/p>\n","protected":false},"excerpt":{"rendered":"<p><span style=\"color: #005497;\"><strong>Francisco Rodr\u00edguez<\/strong><\/span><\/p>\n","protected":false},"author":3,"featured_media":0,"comment_status":"open","ping_status":"open","sticky":false,"template":"","format":"standard","meta":{"_monsterinsights_skip_tracking":false,"_monsterinsights_sitenote_active":false,"_monsterinsights_sitenote_note":"","_monsterinsights_sitenote_category":0,"footnotes":""},"categories":[549],"tags":[850,43689,550,43674],"class_list":["post-111391","post","type-post","status-publish","format-standard","hentry","category-francisco-rodriguez","tag-espana","tag-francisco-rodriguez","tag-indice-politico","tag-opinion"],"_links":{"self":[{"href":"https:\/\/www.diarioimagen.net\/index.php?rest_route=\/wp\/v2\/posts\/111391","targetHints":{"allow":["GET"]}}],"collection":[{"href":"https:\/\/www.diarioimagen.net\/index.php?rest_route=\/wp\/v2\/posts"}],"about":[{"href":"https:\/\/www.diarioimagen.net\/index.php?rest_route=\/wp\/v2\/types\/post"}],"author":[{"embeddable":true,"href":"https:\/\/www.diarioimagen.net\/index.php?rest_route=\/wp\/v2\/users\/3"}],"replies":[{"embeddable":true,"href":"https:\/\/www.diarioimagen.net\/index.php?rest_route=%2Fwp%2Fv2%2Fcomments&post=111391"}],"version-history":[{"count":0,"href":"https:\/\/www.diarioimagen.net\/index.php?rest_route=\/wp\/v2\/posts\/111391\/revisions"}],"wp:attachment":[{"href":"https:\/\/www.diarioimagen.net\/index.php?rest_route=%2Fwp%2Fv2%2Fmedia&parent=111391"}],"wp:term":[{"taxonomy":"category","embeddable":true,"href":"https:\/\/www.diarioimagen.net\/index.php?rest_route=%2Fwp%2Fv2%2Fcategories&post=111391"},{"taxonomy":"post_tag","embeddable":true,"href":"https:\/\/www.diarioimagen.net\/index.php?rest_route=%2Fwp%2Fv2%2Ftags&post=111391"}],"curies":[{"name":"wp","href":"https:\/\/api.w.org\/{rel}","templated":true}]}}