{"id":111614,"date":"2012-11-19T00:05:53","date_gmt":"2012-11-19T06:05:53","guid":{"rendered":"http:\/\/www.diarioimagen.net\/?p=111614"},"modified":"2012-11-20T04:39:29","modified_gmt":"2012-11-20T10:39:29","slug":"gamboa-demanda-analizar-sin-prejuicios-iniciativas-de-epn","status":"publish","type":"post","link":"https:\/\/www.diarioimagen.net\/?p=111614","title":{"rendered":"Gamboa demanda analizar sin prejuicios iniciativas de EPN"},"content":{"rendered":"<ul>\n<li><strong><em>Conmina a las bancadas de los diferentes partidos ver con buenos ojos las reformas propuestas por el Presidente electo<\/em><\/strong><\/li>\n<\/ul>\n<div id=\"attachment_111644\" style=\"width: 250px\" class=\"wp-caption alignleft\"><a class=\"highslide\" onclick=\"return vz.expand(this)\" href=\"http:\/\/www.diarioimagen.net\/wp-content\/uploads\/2012\/11\/gamboa-1983.jpg\"><img loading=\"lazy\" decoding=\"async\" aria-describedby=\"caption-attachment-111644\" class=\"size-medium wp-image-111644\" title=\"gamboa-1983\" src=\"http:\/\/www.diarioimagen.net\/wp-content\/uploads\/2012\/11\/gamboa-1983-240x135.jpg\" alt=\"\" width=\"240\" height=\"135\" \/><\/a><p id=\"caption-attachment-111644\" class=\"wp-caption-text\">Todas las opiniones para enriquecer el paquete legislativo de Pe\u00f1a Nieto ser\u00e1n bienvenidas, dijo el senador Emilio Gamboa Patr\u00f3n, coordinador la bancada del PRI.<\/p><\/div>\n<p>Emilio Gamboa Patr\u00f3n, coordinador del Partido Revolucionario Institucional (PRI) en el Senado, pidi\u00f3 a las fuerzas pol\u00edticas representadas en el Congreso analizar sin prejuicios las iniciativas impulsadas por el Presidente electo, Enrique Pe\u00f1a Nieto.<\/p>\n<p>En un comunicado, el legislador federal solicit\u00f3 a los grupos parlamentarios ver con buenos ojos la reforma constitucional para la creaci\u00f3n de la Comisi\u00f3n Nacional Anticorrupci\u00f3n, que ya est\u00e1 en Comisiones.<\/p>\n<p>Gamboa, quien encabeza a la bancada mayoritaria en el Senado, asegur\u00f3 que las opiniones del resto de los legisladores sobre la propuesta ser\u00e1n bienvenidas para enriquecerla.<\/p>\n<p>\u201cLes pido que la vean sin prejuicios, en raz\u00f3n de que es un tema altamente demandado por la sociedad\u201d, expuso.<\/p>\n<p>\u201cEstoy seguro que los senadores de todos los partidos analizaremos con toda seriedad y responsabilidad esta iniciativa para que sea parte de un conjunto estrat\u00e9gico de modificaciones\u201d.<\/p>\n<p>Gamboa consider\u00f3 que la reforma se sumar\u00e1 a los cambios ya aprobados en el Congreso en materia de reforma laboral, contabilidad gubernamental y ley contra el lavado de dinero, as\u00ed como las que est\u00e1n en discusi\u00f3n para transformar la Administraci\u00f3n P\u00fablica Federal y dotar de m\u00e1s facultades al Instituto Federal de Acceso a la Informaci\u00f3n.<\/p>\n<p>El tambi\u00e9n presidente de la Junta de Coordinaci\u00f3n Pol\u00edtica del Senado asegur\u00f3 que la corrupci\u00f3n es una enfermedad social frente a la que todos deben actuar, para combatirla con instrumentos jur\u00eddicos y administrativos.<\/p>\n<p>\u201cS\u00f3lo con la participaci\u00f3n de toda la sociedad se lograr\u00e1 contenerla y erradicarla para que el servicio p\u00fablico act\u00fae con transparencia, honestidad y que esto se refleje directamente en la econom\u00eda de las familias\u201d, concluy\u00f3.<\/p>\n","protected":false},"excerpt":{"rendered":"<p>Emilio Gamboa Patr\u00f3n, coordinador del Partido Revolucionario Institucional (PRI) en el Senado, pidi\u00f3 a las fuerzas pol\u00edticas representadas en el Congreso analizar sin prejuicios las iniciativas impulsadas por el Presidente electo, Enrique Pe\u00f1a Nieto.<\/p>\n","protected":false},"author":3,"featured_media":0,"comment_status":"open","ping_status":"open","sticky":false,"template":"","format":"standard","meta":{"_monsterinsights_skip_tracking":false,"_monsterinsights_sitenote_active":false,"_monsterinsights_sitenote_note":"","_monsterinsights_sitenote_category":0,"footnotes":""},"categories":[17,3],"tags":[14852,24580,6749,18],"class_list":["post-111614","post","type-post","status-publish","format-standard","hentry","category-especiales","category-nacional","tag-administracion-publica-federal","tag-comision-nacional-anticorrupcion","tag-emilio-gamboa-patron","tag-enrique-pena-nieto"],"_links":{"self":[{"href":"https:\/\/www.diarioimagen.net\/index.php?rest_route=\/wp\/v2\/posts\/111614","targetHints":{"allow":["GET"]}}],"collection":[{"href":"https:\/\/www.diarioimagen.net\/index.php?rest_route=\/wp\/v2\/posts"}],"about":[{"href":"https:\/\/www.diarioimagen.net\/index.php?rest_route=\/wp\/v2\/types\/post"}],"author":[{"embeddable":true,"href":"https:\/\/www.diarioimagen.net\/index.php?rest_route=\/wp\/v2\/users\/3"}],"replies":[{"embeddable":true,"href":"https:\/\/www.diarioimagen.net\/index.php?rest_route=%2Fwp%2Fv2%2Fcomments&post=111614"}],"version-history":[{"count":0,"href":"https:\/\/www.diarioimagen.net\/index.php?rest_route=\/wp\/v2\/posts\/111614\/revisions"}],"wp:attachment":[{"href":"https:\/\/www.diarioimagen.net\/index.php?rest_route=%2Fwp%2Fv2%2Fmedia&parent=111614"}],"wp:term":[{"taxonomy":"category","embeddable":true,"href":"https:\/\/www.diarioimagen.net\/index.php?rest_route=%2Fwp%2Fv2%2Fcategories&post=111614"},{"taxonomy":"post_tag","embeddable":true,"href":"https:\/\/www.diarioimagen.net\/index.php?rest_route=%2Fwp%2Fv2%2Ftags&post=111614"}],"curies":[{"name":"wp","href":"https:\/\/api.w.org\/{rel}","templated":true}]}}