{"id":111750,"date":"2012-11-20T00:08:34","date_gmt":"2012-11-20T06:08:34","guid":{"rendered":"http:\/\/www.diarioimagen.net\/?p=111750"},"modified":"2012-11-21T02:21:37","modified_gmt":"2012-11-21T08:21:37","slug":"una-renuncia-esperada","status":"publish","type":"post","link":"https:\/\/www.diarioimagen.net\/?p=111750","title":{"rendered":"Una renuncia esperada"},"content":{"rendered":"<h2>Punto por punto<\/h2>\n<h5>Augusto Corro<\/h5>\n<p><span><br \/>\nMart\u00ed Batres renunci\u00f3 al Partido de la Revoluci\u00f3n Democr\u00e1tica (PRD). Era algo que ya se esperaba.\u00a0 El ahora ex perredista solamente esperaba la oportunidad para alejarse del partido en el que milit\u00f3 23 a\u00f1os.<\/span><\/p>\n<p>La salida de Batres obedece a un ajuste pol\u00edtico en la izquierda mexicana que va rumbo a una divisi\u00f3n que se antoja profunda.<\/p>\n<p>En la izquierda tendr\u00e1n que definirse las corrientes pol\u00edticas que participar\u00e1n en las pr\u00f3ximas contiendas electorales.<\/p>\n<p>Singularmente aquellas que tendr\u00e1n candidatos a la Presidencia de la Rep\u00fablica en 2018.<\/p>\n<p>Batres militaba en el PRD en una de las muchas tribus que conforman esa organizaci\u00f3n pol\u00edtica. Hacia tiempo que no se encontraba a gusto en las filas perredistas.<\/p>\n<p>Por lo menos, no coincid\u00eda con la forma de pensar del jefe del gobierno capitalino, Marcelo Ebrard Casaubon.<\/p>\n<p>El conflicto entre Ebrard y Batres se agudiz\u00f3 cuando el primero decidi\u00f3 hacer p\u00fablica su aceptaci\u00f3n de Calder\u00f3n como presidente de la Rep\u00fablica.<\/p>\n<p>Los seguidores de Andr\u00e9s Manuel L\u00f3pez Obrador (AMLO) perdedor de las elecciones presidenciales del 2006 optaron por no reconocer a Calder\u00f3n a quien calificaron de espurio. As\u00ed pues, era una especie de acuerdo no escrito entre las izquierdas no reconocer el gobierno del panista.<\/p>\n<p>Pasaron varios a\u00f1os hasta que Ebrard estrech\u00f3 la mano de Calder\u00f3n, hecho que fue criticado por considerarlo una traici\u00f3n.<\/p>\n<p>Batres fue el primero en manifestarse contra la actitud convenenciera del jefe de gobierno capitalino. Ebrard se enoj\u00f3 y corri\u00f3 a Batres de la secretar\u00eda de Desarrollo Social, donde fung\u00eda como titular.<\/p>\n<p>Entre las aspiraciones de Batres se encontraba la de ser candidato del PRD a la gubernatura del Distrito Federal (DF). El enfrentamiento con Ebrard lo dej\u00f3 sin posibilidades de competir.<\/p>\n<p>Adem\u00e1s, Ebrard ya ten\u00eda su propio delf\u00edn al que, con mucho tiempo de anticipaci\u00f3n, prepar\u00f3 para que le sucediera en el cargo.<\/p>\n<p>Nos referimos a Mario Delgado, quien no alcanz\u00f3 a posicionarse en el \u00e1nimo del electorado.<\/p>\n<p>A pesar de su activismo pol\u00edtico, Batres no logr\u00f3 conseguir un puesto de relevancia. En el presente se desempe\u00f1a como diputado federal.<\/p>\n<p>Sin duda alguna, el multicitado Batres ser\u00e1 considerado para los ajustes que se presentar\u00e1n en la izquierda, principalmente en la formaci\u00f3n del nuevo partido que promueve el Movimiento de Renovaci\u00f3n\u00a0 Nacional (Morena), que dirige AMLO.<\/p>\n<p>En el ajuste de la izquierda tambi\u00e9n se tomar\u00e1n en cuenta las pretensiones\u00a0 de Ebrard de alcanzar la dirigencia del Partido de la Revoluci\u00f3n Democr\u00e1tica (PRD). Esta organizaci\u00f3n podr\u00eda funcionar como la plataforma electoral del a\u00fan\u00a0 jefe del gobierno capitalino.<\/p>\n<p>Por su parte, AMLO buscar\u00e1 su tercera candidatura a la presidencia de la Rep\u00fablica con su nueva organizaci\u00f3n.\u00a0 Un\u00a0 tercer hombre importante en las corrientes pol\u00edticas de la izquierda es el jefe del gobierno electo del DF, Miguel Angel Mancera, quien en los comicios recientes arras\u00f3 en las urnas.<\/p>\n<p>Mancera tambi\u00e9n es se\u00f1alado como uno de los posibles aspirantes presidenciales para el 2018. Claro, todo depender\u00e1 de los resultados que obtenga como gobernador de una de las ciudades m\u00e1s grandes del mundo.<\/p>\n<p>Aunque se debe tener en cuenta que el Distrito Federal es un baluarte de la izquierda y Mancera tendr\u00e1 los medios para forjarse una candidatura presidencial. Ya lo demostr\u00f3 al obtener una votaci\u00f3n m\u00e1s elevada que el propio AMLO.<\/p>\n<p>El reacomodo en la izquierda servir\u00e1 para que las diferentes tribus perredistas y los dem\u00e1s grupos del Partido del Trabajo (PT) y Movimiento Ciudadano (MC) definan su participaci\u00f3n en la pol\u00edtica.<\/p>\n<p>Los chuchos del PRD buscar\u00e1n fortalecer lo que les queda de partido, para recibir a Ebrard\u00a0 con los brazos abiertos.<\/p>\n<p>Ren\u00e9 Bejarano, el controvertido Se\u00f1or de las Ligas, tendr\u00e1 que decidirse: con mel\u00f3n o con sand\u00eda: \u00bfEbrard o AMLO?<\/p>\n<p>Por el momento, la fortaleza pol\u00edtica que ostenta Bejarano se deriva del PRD. \u00bfSeguir\u00e1 en la misma l\u00ednea?<\/p>\n<p>En las recientes manifestaciones de apoyo a Ebrard, Bejarano aparece en la primera fila.<\/p>\n<p>Lo interesante del ajuste de\u00a0 las izquierdas es saber hasta d\u00f3nde est\u00e1n dispuestas a tener partidos modernos lejos de la demagogia pol\u00edtica y de las ambiciones personales.<\/p>\n<p><em><a href=\"mailto:aco2742@hotmail.com\" target=\"_blank\">aco2742@hotmail.com<\/a><\/em><\/p>\n","protected":false},"excerpt":{"rendered":"<p><span style=\"color: #005497;\"><strong>Augusto Corro<\/strong><\/span><\/p>\n","protected":false},"author":3,"featured_media":0,"comment_status":"open","ping_status":"open","sticky":false,"template":"","format":"standard","meta":{"_monsterinsights_skip_tracking":false,"_monsterinsights_sitenote_active":false,"_monsterinsights_sitenote_note":"","_monsterinsights_sitenote_category":0,"footnotes":""},"categories":[157],"tags":[2545,1352,43686,43674,1214,211,1238,11515],"class_list":["post-111750","post","type-post","status-publish","format-standard","hentry","category-augusto-corro","tag-amlo","tag-andres-manuel-lopez-obrador","tag-augusto-corro","tag-opinion","tag-partido-de-la-revolucion-democratica","tag-prd","tag-presidencia-de-la-republica","tag-punto-por-punto"],"_links":{"self":[{"href":"https:\/\/www.diarioimagen.net\/index.php?rest_route=\/wp\/v2\/posts\/111750","targetHints":{"allow":["GET"]}}],"collection":[{"href":"https:\/\/www.diarioimagen.net\/index.php?rest_route=\/wp\/v2\/posts"}],"about":[{"href":"https:\/\/www.diarioimagen.net\/index.php?rest_route=\/wp\/v2\/types\/post"}],"author":[{"embeddable":true,"href":"https:\/\/www.diarioimagen.net\/index.php?rest_route=\/wp\/v2\/users\/3"}],"replies":[{"embeddable":true,"href":"https:\/\/www.diarioimagen.net\/index.php?rest_route=%2Fwp%2Fv2%2Fcomments&post=111750"}],"version-history":[{"count":0,"href":"https:\/\/www.diarioimagen.net\/index.php?rest_route=\/wp\/v2\/posts\/111750\/revisions"}],"wp:attachment":[{"href":"https:\/\/www.diarioimagen.net\/index.php?rest_route=%2Fwp%2Fv2%2Fmedia&parent=111750"}],"wp:term":[{"taxonomy":"category","embeddable":true,"href":"https:\/\/www.diarioimagen.net\/index.php?rest_route=%2Fwp%2Fv2%2Fcategories&post=111750"},{"taxonomy":"post_tag","embeddable":true,"href":"https:\/\/www.diarioimagen.net\/index.php?rest_route=%2Fwp%2Fv2%2Ftags&post=111750"}],"curies":[{"name":"wp","href":"https:\/\/api.w.org\/{rel}","templated":true}]}}