{"id":111812,"date":"2012-11-20T00:06:49","date_gmt":"2012-11-20T06:06:49","guid":{"rendered":"http:\/\/www.diarioimagen.net\/?p=111812"},"modified":"2012-11-20T04:44:28","modified_gmt":"2012-11-20T10:44:28","slug":"volcanes-amenazan-a-75-de-los-mexicanos","status":"publish","type":"post","link":"https:\/\/www.diarioimagen.net\/?p=111812","title":{"rendered":"Volcanes amenazan a 75% de los mexicanos"},"content":{"rendered":"<ul>\n<li><strong><em>La titular de Protecci\u00f3n Civil de la Segob, Laura Gurza, se\u00f1ala que de ellos s\u00f3lo 15 est\u00e1n activos, pero son un reto en la materia<\/em><\/strong><\/li>\n<\/ul>\n<div id=\"attachment_111848\" style=\"width: 250px\" class=\"wp-caption alignleft\"><a class=\"highslide\" onclick=\"return vz.expand(this)\" href=\"http:\/\/www.diarioimagen.net\/wp-content\/uploads\/2012\/11\/volcan-1984.jpg\"><img loading=\"lazy\" decoding=\"async\" aria-describedby=\"caption-attachment-111848\" class=\"size-medium wp-image-111848\" title=\"volcan-1984\" src=\"http:\/\/www.diarioimagen.net\/wp-content\/uploads\/2012\/11\/volcan-1984-240x135.jpg\" alt=\"\" width=\"240\" height=\"135\" \/><\/a><p id=\"caption-attachment-111848\" class=\"wp-caption-text\">M\u00e9xico tiene dos mil volcanes y por ello fuimos la sede del Congreso Mundial de Ciudades en Volcanes, en Colima.<\/p><\/div>\n<p><strong>Colima, Colima<\/strong>.- La coordinadora general de Protecci\u00f3n Civil de la Secretar\u00eda de Gobernaci\u00f3n (Segob), Laura Gurza, afirm\u00f3 que 75 por ciento de la poblaci\u00f3n mexicana vive dentro del \u00e1rea de influencia de alguno de los 2 mil volcanes que tiene nuestro pa\u00eds.<\/p>\n<p>Al participar en la inauguraci\u00f3n del Congreso Mundial Ciudades en Volcanes 7, que se realizar\u00e1 del 19 al 23 del presente mes en esta ciudad, la funcionaria federal se\u00f1al\u00f3 que de esos volcanes s\u00f3lo 15 est\u00e1n activos, pero sigue siendo un n\u00famero muy importante para el reto en materia de protecci\u00f3n civil.<\/p>\n<p>Refiri\u00f3 que M\u00e9xico est\u00e1 transitando hacia un enfoque integral en gesti\u00f3n de riesgos, al disponer de un marco legal, lo que \u201cha implicado dise\u00f1ar estrategias preventivas y analizar la atenci\u00f3n de los desastres desde una perspectiva interdisciplinaria, considerando que esa perspectiva incluya a las poblaciones vulnerables\u201d.<\/p>\n<p>Laura Gurza dijo que a partir de esa din\u00e1mica se han planteado prioridades, \u201ccomo la identificaci\u00f3n y el an\u00e1lisis de los riesgos, como sustento para la implementaci\u00f3n de medidas de prevenci\u00f3n, pero tambi\u00e9n para procesos en la toma de decisiones en el desarrollo urbano y los asentamientos humanos\u201d.<\/p>\n<p>Previamente, y en representaci\u00f3n del rector de la Universidad de Colima, Ram\u00f3n Arturo Cedillo Nakay, el secretario general de la instituci\u00f3n, Christian Torres Ortiz Zerme\u00f1o, dijo que en el evento participan connotados investigadores nacionales e internacionales, provenientes de 42 pa\u00edses.<\/p>\n<p>Record\u00f3 que se realizar\u00e1n importantes conferencias magistrales y visitas guiadas al volc\u00e1n de Colima, entre otras actividades provechosas para el conocimiento y la difusi\u00f3n de la evaluaci\u00f3n, gesti\u00f3n y comunicaci\u00f3n social de los riesgos volc\u00e1nicos.<\/p>\n<p>Antes y a nombre del gobernador Mario Moreno Anguiano, el secretario General de Gobierno, Rogelio Rueda S\u00e1nchez, destac\u00f3 el apoyo de la administraci\u00f3n estatal a este encuentro.<\/p>\n<p>\u201cLa riqueza de la informaci\u00f3n que se comparte y de las conclusiones que se puedan generar, es fundamental para perfeccionar todas las medidas preventivas en el manejo de una posible crisis, pero tambi\u00e9n para formular mejores pol\u00edticas p\u00fablicas\u201d, expres\u00f3.<\/p>\n<p>En tanto, el secretario general de la Asociaci\u00f3n Internacional de Vulcanolog\u00eda y Qu\u00edmica del Interior de la Tierra, Joan Mart\u00ed, se\u00f1al\u00f3 que este congreso ser\u00e1 un foro de discusi\u00f3n entre quienes trabajan en vulcanolog\u00eda, en protecci\u00f3n civil o son tomadores de decisiones.<\/p>\n<p>El presidente del comit\u00e9 organizador de Ciudades en Volcanes 7, Ricardo Navarro Polanco, dijo que durante el encuentro habr\u00e1 27 sesiones de trabajo, dentro de las cuales se llevar\u00e1n a cabo 383 presentaciones a cargo de cient\u00edficos de 42 pa\u00edses.<\/p>\n","protected":false},"excerpt":{"rendered":"<p>La coordinadora general de Protecci\u00f3n Civil de la Secretar\u00eda de Gobernaci\u00f3n (Segob), Laura Gurza, afirm\u00f3 que 75 por ciento de la poblaci\u00f3n mexicana vive dentro del \u00e1rea de influencia de alguno de los 2 mil volcanes que tiene nuestro pa\u00eds.<\/p>\n","protected":false},"author":3,"featured_media":0,"comment_status":"open","ping_status":"open","sticky":false,"template":"","format":"standard","meta":{"_monsterinsights_skip_tracking":false,"_monsterinsights_sitenote_active":false,"_monsterinsights_sitenote_note":"","_monsterinsights_sitenote_category":0,"footnotes":""},"categories":[3],"tags":[25385,4221,44],"class_list":["post-111812","post","type-post","status-publish","format-standard","hentry","category-nacional","tag-amenaza","tag-colima","tag-mexico"],"_links":{"self":[{"href":"https:\/\/www.diarioimagen.net\/index.php?rest_route=\/wp\/v2\/posts\/111812","targetHints":{"allow":["GET"]}}],"collection":[{"href":"https:\/\/www.diarioimagen.net\/index.php?rest_route=\/wp\/v2\/posts"}],"about":[{"href":"https:\/\/www.diarioimagen.net\/index.php?rest_route=\/wp\/v2\/types\/post"}],"author":[{"embeddable":true,"href":"https:\/\/www.diarioimagen.net\/index.php?rest_route=\/wp\/v2\/users\/3"}],"replies":[{"embeddable":true,"href":"https:\/\/www.diarioimagen.net\/index.php?rest_route=%2Fwp%2Fv2%2Fcomments&post=111812"}],"version-history":[{"count":0,"href":"https:\/\/www.diarioimagen.net\/index.php?rest_route=\/wp\/v2\/posts\/111812\/revisions"}],"wp:attachment":[{"href":"https:\/\/www.diarioimagen.net\/index.php?rest_route=%2Fwp%2Fv2%2Fmedia&parent=111812"}],"wp:term":[{"taxonomy":"category","embeddable":true,"href":"https:\/\/www.diarioimagen.net\/index.php?rest_route=%2Fwp%2Fv2%2Fcategories&post=111812"},{"taxonomy":"post_tag","embeddable":true,"href":"https:\/\/www.diarioimagen.net\/index.php?rest_route=%2Fwp%2Fv2%2Ftags&post=111812"}],"curies":[{"name":"wp","href":"https:\/\/api.w.org\/{rel}","templated":true}]}}