{"id":111912,"date":"2012-11-21T00:05:44","date_gmt":"2012-11-21T06:05:44","guid":{"rendered":"http:\/\/www.diarioimagen.net\/?p=111912"},"modified":"2012-11-22T02:09:43","modified_gmt":"2012-11-22T08:09:43","slug":"garcia-luna-secuestrador","status":"publish","type":"post","link":"https:\/\/www.diarioimagen.net\/?p=111912","title":{"rendered":"Garc\u00eda Luna, secuestrador"},"content":{"rendered":"<h2>\u00cdndice pol\u00edtico<\/h2>\n<h5>Francisco Rodr\u00edguez<\/h5>\n<p><span><br \/>\nLas recientes mentiras surgidas de la Secretar\u00eda de Seguridad P\u00fablica Federal para tratar de no ser exhibida por \u201cel caso Tres Mar\u00edas\u201d no son algo nuevo, han sido una constante desde que, durante el foxiato, Genaro Garc\u00eda Luna dirig\u00eda la Agencia Federal de Investigaciones. Sin duda, la gesti\u00f3n de Garc\u00eda Luna durante los sexenios panistas quedar\u00e1 marcada por tres grandes signos: el enga\u00f1o, la corrupci\u00f3n y la impunidad.<\/span><\/p>\n<p>Pero con todo y eso, Garc\u00eda Luna ser\u00e1 el primero en encontrar chamba una vez que concluya el pr\u00f3ximo d\u00eda 30 su terrible gesti\u00f3n. Y no, no piense usted que los pe\u00f1istas lo invitaran a colaborar como consultor en materia de seguridad. No, nada de eso.<\/p>\n<p>En Hollywood han seguido paso a paso su gesti\u00f3n y, sabedores de su gran imaginaci\u00f3n para los montajes, tienen planeados invitarlo para que escriba, produzca dirija y actu\u00e9 en un film al estilo reality show que, sin duda, lo convertir\u00e1 en un serio aspirante a obtener un \u00d3scar de la Academia de las Artes y las Ciencias Cinematogr\u00e1fica por sus excelencias ya manifiestas para producir montajes dignos de la industria f\u00edlmica.<\/p>\n<p>Sabemos que le solicitar\u00e1n al gran Genaro la producci\u00f3n de una pel\u00edcula basada en un hecho de la vida real, que ser\u00e1 un enorme boom taquillero. La historia es real. Fue platicada a detalle a este escribidor por un jugador de futbol que fuese miembro de la selecci\u00f3n mexicana y que fuera testigo presencial de lo ocurrido.<\/p>\n<p>Sucedi\u00f3 que el 19 de junio de 2005 al participar el seleccionado nacional en la Copa Confederaciones, celebrada en Alemania, como usted recordar\u00e1, se dio un triunfo sobre la selecci\u00f3n de Brasil por un gol a cero, provocando con esto una gran algarab\u00eda.<\/p>\n<p>Esa noche pr\u00e1cticamente todos los seleccionados cerraron un antro en Hannover para tener su propio festejo, donde abundaron las guapas mujeres, r\u00edos de alcohol y muchos gramos de droga.<\/p>\n<p>Fue de tales dimensiones la \u201cfiesta\u201d que toc\u00f3 los linderos de la org\u00eda. Y fue as\u00ed que durante esa noche, me platica el testigo presencial, dos de los seleccionados, Salvador Carmona y Aar\u00f3n Galindo, sostuvieron relaciones sexuales con Adriana Lavat, entonces esposa del capit\u00e1n del seleccionado Rafael M\u00e1rquez, quien uno d\u00edas despu\u00e9s al enterarse de este hecho \u2013tras la cruda, pues\u2014 exigi\u00f3 al t\u00e9cnico Ricardo Lavolpe la separaci\u00f3n inmediata de los jugadores cruzazulinos, amenazando que, de no ocurrir la expulsi\u00f3n de ambos, har\u00eda p\u00fabico que la mayor\u00eda de los seleccionados son adictos a alguna sustancia psicotr\u00f3pica.<\/p>\n<p align=\"center\"><strong>A LAS \u00d3RDENES DE LA TV<\/strong><\/p>\n<p>El 22 de junio de 2005 los jugadores fueron separados del plantel y expulsados por supuesta indisciplina. Pero, a partir de ese d\u00eda, corrieron varias versiones \u2013homosexualidad, avaricia por supuestos cobro de primas exorbitantes, etc.\u2014 que, incluso, lastimaron seriamente al Cruz Azul, equipo en el que se desempe\u00f1aban Galindo y Carmona. Todo ello, como usted tiene presente, oblig\u00f3 a que la FIFA abriera una indagaci\u00f3n que, de comprobar la adicci\u00f3n de los seleccionados, podr\u00eda haber cancelado la participaci\u00f3n de la selecci\u00f3n mexicana en el Campeonato Mundial 2006 que tambi\u00e9n se celebr\u00f3 en Alemania.<\/p>\n<p>Y fue as\u00ed que, agobiado por la presi\u00f3n contra sus jugadores y su club, el entonces director t\u00e9cnico del Cruz Azul, Rub\u00e9n Omar Romano, declar\u00f3 el lunes 18 de julio del 2005 que, de continuar el acoso contra Carmona y Galindo, \u00e9l dir\u00eda toda la verdad.<\/p>\n<p>El esc\u00e1ndalo de gran magnitud y la indagaci\u00f3n de la FIFA continuaba, por lo que, platica el interlocutor, una importante empresa domiciliada en la capitalina avenida Chapultepec y que\u00a0 maneja a su antojo los destinos del espect\u00e1culo del futbol en nuestro pa\u00eds, solicit\u00f3 la intervenci\u00f3n de Genaro Garc\u00eda Luna. El negocio que la transmisi\u00f3n del mundial le representaba se hallaba en riesgo.<\/p>\n<p>As\u00ed, el 19 de julio de 2005, Rub\u00e9n Omar Romano fue secuestrado en Xochimilco. El argentino permaneci\u00f3 en cautiverio durante 65 d\u00edas, siendo \u201cliberado\u201d el 20 de septiembre de ese a\u00f1o por la AFI de Garc\u00eda Luna, que mont\u00f3 un sensacional espect\u00e1culo, que incluso fue grabado y difundido con bombo y platillo en la televisi\u00f3n.<\/p>\n<p>Se supone que en el lapso de esos 65 d\u00edas, la empresa logr\u00f3 negociar con la FIFA el cierre del expediente, asegurando con ello la participaci\u00f3n de la selecci\u00f3n mexicana en el Mundial del 2006 y, claro, la obtenci\u00f3n de utilidades calculadas en 215 millones de d\u00f3lares. En Hollywood, casos como el antes relatado, el de Florence Cassez, y \u2013entre otros\u2014 el m\u00e1s reciente el de Tres Mar\u00edas, han sido seguidos por los empresarios cinematogr\u00e1ficos que, seguro, invitar\u00e1n al gran Genaro Garc\u00eda Luna a producir historietas como las aqu\u00ed narradas.<\/p>\n<p><strong><em>\u00a0\u00cdndice Flam\u00edgero:<\/em><\/strong> Ya s\u00f3lo faltan nueve d\u00edas para que concluya la des-administraci\u00f3n de Felipe Calder\u00f3n, misma que quedar\u00e1 marcada en la historia como la m\u00e1s falsa, corrupta e impune en la historia de M\u00e9xico.<\/p>\n<p><em><a href=\"http:\/\/www.indicepolitico.com\/\" target=\"_blank\"><em>www.indicepolitico.com<\/em><\/a><br \/>\n<\/em><em><a href=\"mailto:pacorodriguez@journalist.com\" target=\"_blank\">pacorodriguez@journalist.com<\/a><\/em><\/p>\n","protected":false},"excerpt":{"rendered":"<p><span style=\"color: #005497;\"><strong>Francisco Rodr\u00edguez<\/strong><\/span><\/p>\n","protected":false},"author":3,"featured_media":0,"comment_status":"open","ping_status":"open","sticky":false,"template":"","format":"standard","meta":{"_monsterinsights_skip_tracking":false,"_monsterinsights_sitenote_active":false,"_monsterinsights_sitenote_note":"","_monsterinsights_sitenote_category":0,"footnotes":""},"categories":[549],"tags":[43689,707,550,43674,622],"class_list":["post-111912","post","type-post","status-publish","format-standard","hentry","category-francisco-rodriguez","tag-francisco-rodriguez","tag-genaro-garcia-luna","tag-indice-politico","tag-opinion","tag-secretaria-de-seguridad-publica-federal"],"_links":{"self":[{"href":"https:\/\/www.diarioimagen.net\/index.php?rest_route=\/wp\/v2\/posts\/111912","targetHints":{"allow":["GET"]}}],"collection":[{"href":"https:\/\/www.diarioimagen.net\/index.php?rest_route=\/wp\/v2\/posts"}],"about":[{"href":"https:\/\/www.diarioimagen.net\/index.php?rest_route=\/wp\/v2\/types\/post"}],"author":[{"embeddable":true,"href":"https:\/\/www.diarioimagen.net\/index.php?rest_route=\/wp\/v2\/users\/3"}],"replies":[{"embeddable":true,"href":"https:\/\/www.diarioimagen.net\/index.php?rest_route=%2Fwp%2Fv2%2Fcomments&post=111912"}],"version-history":[{"count":0,"href":"https:\/\/www.diarioimagen.net\/index.php?rest_route=\/wp\/v2\/posts\/111912\/revisions"}],"wp:attachment":[{"href":"https:\/\/www.diarioimagen.net\/index.php?rest_route=%2Fwp%2Fv2%2Fmedia&parent=111912"}],"wp:term":[{"taxonomy":"category","embeddable":true,"href":"https:\/\/www.diarioimagen.net\/index.php?rest_route=%2Fwp%2Fv2%2Fcategories&post=111912"},{"taxonomy":"post_tag","embeddable":true,"href":"https:\/\/www.diarioimagen.net\/index.php?rest_route=%2Fwp%2Fv2%2Ftags&post=111912"}],"curies":[{"name":"wp","href":"https:\/\/api.w.org\/{rel}","templated":true}]}}