{"id":112071,"date":"2012-11-22T00:01:19","date_gmt":"2012-11-22T06:01:19","guid":{"rendered":"http:\/\/www.diarioimagen.net\/?p=112071"},"modified":"2012-11-23T05:10:09","modified_gmt":"2012-11-23T11:10:09","slug":"valle-de-bravo-sede-de-la-competencia-de-parapente","status":"publish","type":"post","link":"https:\/\/www.diarioimagen.net\/?p=112071","title":{"rendered":"Valle de Bravo, sede de la competencia de parapente"},"content":{"rendered":"<h2>De cinco estrellas<\/h2>\n<h5>Victoria Gonz\u00e1lez Prado<\/h5>\n<p>&nbsp;<\/p>\n<ul>\n<li><em><strong>Grupo LATAM transport\u00f3 casi 110 mil pasajeros en la ruta ciudad de M\u00e9xico-Sao Paulo<\/strong><\/em><\/li>\n<li><em><strong>El FICA inicia ma\u00f1ana viernes 23 en destinos del Tri\u00e1ngulo del Sol<\/strong><\/em><\/li>\n<li><em><strong>Doble reconocimiento para l\u00ednea a\u00e9rea norteamericana<\/strong><\/em><\/li>\n<\/ul>\n<div id=\"attachment_112218\" style=\"width: 250px\" class=\"wp-caption alignleft\"><a class=\"highslide\" onclick=\"return vz.expand(this)\" href=\"http:\/\/www.diarioimagen.net\/wp-content\/uploads\/2012\/11\/turismo-1986.jpg\"><img loading=\"lazy\" decoding=\"async\" aria-describedby=\"caption-attachment-112218\" class=\"size-medium wp-image-112218\" title=\"turismo-1986\" src=\"http:\/\/www.diarioimagen.net\/wp-content\/uploads\/2012\/11\/turismo-1986-240x113.jpg\" alt=\"\" width=\"240\" height=\"113\" \/><\/a><p id=\"caption-attachment-112218\" class=\"wp-caption-text\">Jos\u00e9 Antonio Mercado, Jos\u00e9 Pe\u00f1a, Miguel Guti\u00e9rrez, Gabriela Trejo y \u00d3scar Serrano.<\/p><\/div>\n<p>La competencia de parapente m\u00e1s famosa y esperada por los pilotos del mundo, regresar\u00e1 a Valle de Bravo del 6 al 11 de enero de 2013, en la que se espera la participaci\u00f3n de 150 pilotos de m\u00e1s de 28 pa\u00edses que volar\u00e1n varios kil\u00f3metros sobre los municipios de Temascaltepec, Donato Guerra, y desde luego, Valle de Bravo, en el Estado de M\u00e9xico, en busca del t\u00edtulo del abierto de Parapente Nextel Monarca en su d\u00e9cima edici\u00f3n. Luego del \u00e9xito de la superfinal de la Copa del Mundo, se ha elegido al equipo organizador del Abierto de Parapente Nextel Monarca y a Valle de Bravo como sede de la Precopa del Mundo con vistas a albergar la final para el 2014. El \u00e9xito se debe al apoyo de las autoridades de Temascaltepec, Donato Guerra y Valle de Bravo y el incondicional apoyo del gobierno del Estado de M\u00e9xico, a trav\u00e9s de la Secretar\u00eda de Turismo, Protecci\u00f3n Civil, SUEM, Secretaria de Seguridad Ciudadana del Estado de M\u00e9xico que suman esfuerzos con el equipo de trabajo de Alas del Hombre, aunado a las extraordinarias condiciones de vuelo que favorecen a este deporte. La consolidaci\u00f3n de la competencia, el prestigio ganado que hace que la califiquen los pilotos internacionales como la mejor organizaci\u00f3n del mundo se debe a la mancuerna de marcas innovadoras y de alto nivel. De los patrocinadores se contar\u00e1 tambi\u00e9n Jeep, Alas del Hombre y el hotel Misi\u00f3n<strong> <\/strong>Refugio del Salto, como un \u00edcono de Valle de Bravo, Pueblo M\u00e1gico, que est\u00e1 presente en esta competencia, apoya los eventos deportivos bajo su programa Hospedaje Saludable, as\u00ed como la promoci\u00f3n tur\u00edstica de M\u00e9xico, como artesanos de la hospitalidad. Valle de Bravo se ha posicionado a nivel mundial como la meca del parapente. Condiciones climatol\u00f3gicas y geogr\u00e1ficas ideales atraen cada a\u00f1o a millones de mariposas monarca durante el invierno por la misma raz\u00f3n que a cientos de parapentistas de todas partes del mundo. Las pruebas de una competencia de parapente consisten en recorridos, que van desde los 50 km a los 150 km de distancia, que los pilotos deben completar en el menor tiempo posible. Cada d\u00eda se realiza un recorrido diferente determinado por un comit\u00e9 de pilotos expertos y las condiciones climatol\u00f3gicas del d\u00eda. El valor m\u00e1ximo de la prueba es de mil puntos dados al piloto m\u00e1s r\u00e1pido en completar el recorrido. Cabe mencionar que esta edici\u00f3n de la Copa del Mundo ser\u00e1 avalado por la FAI (Federaci\u00f3n Aeron\u00e1utica Internacional), a trav\u00e9s de la Femeda (Federaci\u00f3n Mexicana de Deportes A\u00e9reos A.C.) La ANPYP (Asociaci\u00f3n Nacional de Papalotes y Parapentes A.C.) y el Club de Vuelo y Vela de Valle de Bravo A.C. Habr\u00e1 5 mil d\u00f3lares en premios: primer lugar: 2 mil 500 d\u00f3lares, segundo, mil, tercero 500, cuarto, 300 quinto 200 y del sexto al d\u00e9cimo 100 d\u00f3lares.<\/p>\n<p>\u2730\u2730\u2730\u2730\u2730\u00a0Para celebrar el primer aniversario de la ruta entre la ciudad de M\u00e9xico y Sao Paulo de la aerol\u00ednea <em>TAM Airlines<\/em>, se ofreci\u00f3 una recepci\u00f3n en la que se habl\u00f3 de los inicios de la compa\u00f1\u00eda en Brasil hasta su fusi\u00f3n con la l\u00ednea a\u00e9rea chilena <em>LAN <\/em>para convertirse en lo que hoy es grupo<em> LATAM. <\/em>Es importante se\u00f1alar que la ruta en este primer a\u00f1o registr\u00f3 <strong>casi 110 mil pasajeros transportados.<\/strong> <strong>Jos\u00e9 Sampol<\/strong>, director del grupo <em>LATAM<\/em> para M\u00e9xico, Cuba y Centroam\u00e9rica, resalt\u00f3 que buscar\u00e1n seguir consolid\u00e1ndose en M\u00e9xico. \u201cEl volumen de pasajeros que transportamos este primer a\u00f1o es un <strong>buen reflejo de la demanda <\/strong>que ha tenido la ruta. Las ciudades de <strong>M\u00e9xico y Sao Paulo<\/strong> son destinos que establecen una importante relaci\u00f3n como grandes mercados de turismo y cuentan con conexiones a\u00e9reas que son <strong>el resultado de la demanda de viajeros de negocios<\/strong>\u201d.<strong> <\/strong>Al mismo tiempo, destac\u00f3 que ser\u00e1 en el segundo semestre del a\u00f1o pr\u00f3ximo cuando el g<strong>rupo inicie nuevas operaciones <\/strong>desde<strong> <\/strong><strong>Santiago, Sao Paulo y Lima, <\/strong>hacia otros pa\u00edses, aunque un incremento de frecuencias hacia M\u00e9xico a\u00fan no est\u00e1 contemplado en el corto plazo. \u201cLa<strong> <\/strong><strong>prioridad de la compa\u00f1\u00eda es la consolidaci\u00f3n<\/strong> tras la fusi\u00f3n de ambas l\u00edneas a\u00e9reas. Debemos trabajar en la promoci\u00f3n para llenar los aviones, bien vendidos. Una vez que eso suceda, comenzar\u00e1n los <strong>an\u00e1lisis para saber si vamos a poner o no m\u00e1s aviones<\/strong><strong>,<\/strong> de tama\u00f1o m\u00e1s grande o iniciar otras rutas. De igual forma, se\u00f1al\u00f3 que el inicio de nuevas rutas <strong>depender\u00e1 de la rentabilidad de las mismas<\/strong>, por lo que ser\u00e1n analizadas para conocer su viabilidad, adem\u00e1s de que tambi\u00e9n el comienzo <strong>obedecer\u00e1 al comportamiento de los mercados. Record\u00f3 que<\/strong> el<strong> <\/strong><strong>grupo ha solicitado 240 aviones<\/strong>, entre los que se encuentran 32 B787, de los cuales LAN <strong>ya ha recibido dos<\/strong> y uno m\u00e1s est\u00e1 en las instalaciones de <em>Boeing<\/em> para ser entregado a finales de este a\u00f1o. Sin embargo, ese avi\u00f3n <strong>no llegar\u00e1 a M\u00e9xico hasta dentro de dos o tres a\u00f1os<\/strong><strong>,<\/strong> pues ser\u00e1 usado para cubrir otras rutas.<\/p>\n<p>\u2730\u2730\u2730\u2730\u2730\u00a0<strong>Javier Aluni Montes<\/strong>, secretario de Fomento Tur\u00edstico de Guerrero, <strong>V\u00edctor Sotomayor<\/strong>, director del Festival Internacional de Cine de Acapulco (FICA) y \u201cEl Hijo del Santo\u201d, dieron a conocer los pormenores de la octava edici\u00f3n del FICA, que se realizar\u00e1 desde ma\u00f1ana viernes 23 al 30 de noviembre en los destinos del Tri\u00e1ngulo del Sol, con la participaci\u00f3n del actor espa\u00f1ol <strong>Antonio Banderas,<\/strong> quien recibir\u00e1 un reconocimiento por su trayectoria profesional y estar\u00e1 acompa\u00f1ado\u00a0 por su esposa, la actriz, <strong>Melanie Griffith<\/strong>. La intenci\u00f3n del FICA es que se ubique en el pa\u00eds y en el mundo, al nivel que lleg\u00f3 a tener la Rese\u00f1a Internacional de Cine de Acapulco en los a\u00f1os dorados del puerto. Detall\u00f3 que por primera vez en los ocho a\u00f1os de presentaci\u00f3n\u00a0 FICA llegar\u00e1 a los tres v\u00e9rtices del Tri\u00e1ngulo del Sol en el estado de Guerrero, ya que adem\u00e1s de Acapulco, habr\u00e1 diferentes eventos y presentaciones en Ixtapa-Zihuatanejo y Taxco, donde se proyectar\u00e1 el filme conmemorativo \u201cSanto contra las mujeres vampiro\u201d, enmarcado en el espacio natural de las Grutas de Cacahuamilpa. <strong>Sotomayor <\/strong>detall\u00f3 que del 23 al 30 de noviembre en Ixtapa se rendir\u00e1 homenaje p\u00f3stumo a <strong>Pedro Armend\u00e1riz <\/strong>Jr. Y en otros destinos del Triangulo del Sol se festejar\u00e1n los 100 a\u00f1os de <em>Universal Pictures<\/em> con una presentaci\u00f3n de gala con la Orquesta Filarm\u00f3nica de Acapulco.<\/p>\n<p>\u2730\u2730\u2730\u2730\u2730\u00a0<em>AMR Corporation<\/em>, la compa\u00f1\u00eda matriz de <em>American Airlines,<\/em> anunci\u00f3 que por tercer a\u00f1o consecutivo recibi\u00f3 la m\u00e1s alta calificaci\u00f3n entre todas las aerol\u00edneas norteamericanas y la segunda mejor calificaci\u00f3n en la categor\u00eda de transporte y log\u00edstica, en la lista anual de clasificaciones ecol\u00f3gicas de la revista <em>Newsweek<\/em> de las 500 empresas p\u00fablicas m\u00e1s grandes de los Estados Unidos.\u00a0 <strong>David Campbell<\/strong>, vicepresidente de Seguridad y Medio Ambiente de la aerol\u00ednea, dijo: \u201cSer reconocido en las clasificaciones ecol\u00f3gicas es el resultado directo de la pasi\u00f3n y dedicaci\u00f3n de nuestros empleados. Reducir nuestro impacto en el medio ambiente es un compromiso fundamental que nuestros empleados toman muy en serio, y esto se refleja a trav\u00e9s de nuestros numerosos \u00a0programas ambientales exitosos\u201d. La l\u00ednea a\u00e9rea tambi\u00e9n fue reconocida por sus reportes ambientales, categor\u00eda que eval\u00faa la adecuaci\u00f3n, integridad y calidad de los reportes de sostenibilidad que incluyen el manejo y la divulgaci\u00f3n del impacto ambiental y la participaci\u00f3n en iniciativas importantes de\u00a0 transparencia. En colaboraci\u00f3n con los principales proveedores de investigaciones en el campo ecol\u00f3gico, <em>Newsweek<\/em> eval\u00faa anualmente a las 500 empresas p\u00fablicas m\u00e1s grandes de los Estados Unidos (de acuerdo al m\u00e1s reciente a\u00f1o fiscal), capitalizaci\u00f3n burs\u00e1til y n\u00famero de empleados. \u00a0Las compa\u00f1\u00edas son clasificadas por su puntuaci\u00f3n ambiental global, que es determinada por el impacto en el medio ambiente de cada empresa, el manejo de ese impacto y la sostenibilidad de las comunicaciones. <em>American Airlines<\/em> est\u00e1 comprometida con reducir su impacto ambiental, a trav\u00e9s de todas sus operaciones y mantener la transparencia de sus esfuerzos. Las \u00e1reas de enfoque incluyen:<strong> <\/strong>Conservaci\u00f3n de combustible, reciclaje,<strong> <\/strong>renovaci\u00f3n de flota, ecoDemostrador y modernizaci\u00f3n del espacio a\u00e9reo. La compa\u00f1\u00eda produce un Informe de Responsabilidad Corporativa que provee un resumen del desempe\u00f1o en relaci\u00f3n a cuatro \u00e1reas clave: clientes, empleados, el medio ambiente y comunidades, informe que incluye una serie de esfuerzos para manejar su impacto ambiental, al igual que un reporte detallado del progreso y los objetivos ambientales y de sustentabilidad.<\/p>\n<p><em><a href=\"mailto:victoriagprado@gmail.com\" target=\"_blank\">victoriagprado@gmail.com<\/a><\/em><\/p>\n","protected":false},"excerpt":{"rendered":"<p>La competencia de parapente m\u00e1s famosa y esperada por los pilotos del mundo, regresar\u00e1 a Valle de Bravo del 6 al 11 de enero de 2013, en la que se espera la participaci\u00f3n de 150 pilotos de m\u00e1s de 28 pa\u00edses que volar\u00e1n varios kil\u00f3metros sobre los municipios de Temascaltepec, Donato Guerra, y desde luego, Valle de Bravo, en el Estado de M\u00e9xico, en busca del t\u00edtulo del abierto de Parapente Nextel Monarca en su d\u00e9cima edici\u00f3n. Luego del \u00e9xito de la superfinal de la Copa del Mundo, se ha elegido al equipo organizador del Abierto de Parapente Nextel Monarca y a Valle de Bravo como sede de la Precopa del Mundo con vistas a albergar la final para el 2014.<\/p>\n","protected":false},"author":3,"featured_media":0,"comment_status":"open","ping_status":"open","sticky":false,"template":"","format":"standard","meta":{"_monsterinsights_skip_tracking":false,"_monsterinsights_sitenote_active":false,"_monsterinsights_sitenote_note":"","_monsterinsights_sitenote_category":0,"footnotes":""},"categories":[11],"tags":[107,43674,43681,1458,106],"class_list":["post-112071","post","type-post","status-publish","format-standard","hentry","category-turismo","tag-de-cinco-estrellas","tag-opinion","tag-turismo","tag-valle-de-bravo","tag-victoria-gonzalez-prado"],"_links":{"self":[{"href":"https:\/\/www.diarioimagen.net\/index.php?rest_route=\/wp\/v2\/posts\/112071","targetHints":{"allow":["GET"]}}],"collection":[{"href":"https:\/\/www.diarioimagen.net\/index.php?rest_route=\/wp\/v2\/posts"}],"about":[{"href":"https:\/\/www.diarioimagen.net\/index.php?rest_route=\/wp\/v2\/types\/post"}],"author":[{"embeddable":true,"href":"https:\/\/www.diarioimagen.net\/index.php?rest_route=\/wp\/v2\/users\/3"}],"replies":[{"embeddable":true,"href":"https:\/\/www.diarioimagen.net\/index.php?rest_route=%2Fwp%2Fv2%2Fcomments&post=112071"}],"version-history":[{"count":0,"href":"https:\/\/www.diarioimagen.net\/index.php?rest_route=\/wp\/v2\/posts\/112071\/revisions"}],"wp:attachment":[{"href":"https:\/\/www.diarioimagen.net\/index.php?rest_route=%2Fwp%2Fv2%2Fmedia&parent=112071"}],"wp:term":[{"taxonomy":"category","embeddable":true,"href":"https:\/\/www.diarioimagen.net\/index.php?rest_route=%2Fwp%2Fv2%2Fcategories&post=112071"},{"taxonomy":"post_tag","embeddable":true,"href":"https:\/\/www.diarioimagen.net\/index.php?rest_route=%2Fwp%2Fv2%2Ftags&post=112071"}],"curies":[{"name":"wp","href":"https:\/\/api.w.org\/{rel}","templated":true}]}}