{"id":112077,"date":"2012-11-22T00:09:00","date_gmt":"2012-11-22T06:09:00","guid":{"rendered":"http:\/\/www.diarioimagen.net\/?p=112077"},"modified":"2012-11-22T05:20:15","modified_gmt":"2012-11-22T11:20:15","slug":"eav-destaca-virtudes-de-la-ley-de-mejora-regulatoria","status":"publish","type":"post","link":"https:\/\/www.diarioimagen.net\/?p=112077","title":{"rendered":"EAV destaca virtudes de la Ley de Mejora Regulatoria"},"content":{"rendered":"<ul>\n<li><strong><em>El gobernador mexiquense, junto con el director general de Liverpool, H\u00e9ctor Salgado Mart\u00ednez, cort\u00f3 el list\u00f3n inaugural de la tienda en Ciudad Jard\u00edn<\/em><\/strong><\/li>\n<\/ul>\n<div id=\"attachment_112184\" style=\"width: 250px\" class=\"wp-caption alignleft\"><a class=\"highslide\" onclick=\"return vz.expand(this)\" href=\"http:\/\/www.diarioimagen.net\/wp-content\/uploads\/2012\/11\/eruviel-1986.jpg\"><img loading=\"lazy\" decoding=\"async\" aria-describedby=\"caption-attachment-112184\" class=\"size-medium wp-image-112184\" title=\"eruviel-1986\" src=\"http:\/\/www.diarioimagen.net\/wp-content\/uploads\/2012\/11\/eruviel-1986-240x159.jpg\" alt=\"\" width=\"240\" height=\"159\" \/><\/a><p id=\"caption-attachment-112184\" class=\"wp-caption-text\">En el Estado de M\u00e9xico se facilita la llegada de inversiones, al ser una entidad progresista y de oportunidades para hacer negocios y trabajar, asegur\u00f3 el gobernador Eruviel \u00c1vila Villegas, durante la inauguraci\u00f3n de la tienda Liverpool en el centro comercial Ciudad Jard\u00edn de este municipio.<\/p><\/div>\n<p><strong>Nezahualc\u00f3yotl, Estado de M\u00e9xico<\/strong>.- El gobernador Eruviel \u00c1vila Villegas dio a conocer que en el Estado de M\u00e9xico, la mejora regulatoria se elev\u00f3 a rango constitucional, con lo que la entidad se consolidar\u00e1 como una potencia en el desarrollo econ\u00f3mico del pa\u00eds, con acciones para brindar confianza y certidumbre a la inversi\u00f3n privada nacional y extranjera, pues esta modificaci\u00f3n obliga a simplificar tr\u00e1mites para la apertura de nuevos negocios y sanciona a los servidores p\u00fablicos que pongan trabas.<\/p>\n<p>\u201cHoy inclusive, con base en la Constituci\u00f3n, en leyes ordinarias, hasta se sanciona a aquellos servidores p\u00fablicos del \u00e1mbito estatal o municipal que pongan trabas a aquellos que vengan a invertir al Estado de M\u00e9xico. Debemos ser agradecidos con quienes le apuestan a nuestra entidad, y por eso es que impulsamos esta reforma\u201d, expres\u00f3.<\/p>\n<p>Al inaugurar la tienda Liverpool en el centro comercial Ciudad Jard\u00edn, junto con Jorge Salgado Mart\u00ednez, director general de esta cadena departamental, el titular del Ejecutivo estatal afirm\u00f3 que en la entidad se facilita la llegada de inversiones, al ser un estado progresista, de oportunidades, para hacer negocios y trabajar.<\/p>\n<p>Por ello, invit\u00f3 a las asociaciones de empresarios y las c\u00e1maras de comercio para que orienten al gobierno por medio de propuestas, alternativas de soluci\u00f3n e incluso quejas, para mejorar todo lo que sea necesario a efecto de que las inversiones sean m\u00e1s r\u00e1pidas, y que de esta forma sigamos siendo un lugar ideal para invertir.<\/p>\n<p>Destac\u00f3 que de acuerdo con el estudio Doing Business, que realiza el Banco Mundial, el Estado de M\u00e9xico avanz\u00f3 10 puntos en materia de mejora regulatoria a nivel nacional, al ubicarse en la actualidad en el sitio 18.<\/p>\n<p>\u201cNo estamos todav\u00eda satisfechos, hay que redoblar el esfuerzo para generar m\u00e1s condiciones de inversi\u00f3n y, a su vez, se puedan generar m\u00e1s empleos y se pueda, desde luego, generar m\u00e1s riqueza en todo el Estado de M\u00e9xico y que esto se traduzca en mayor, en mejor bienestar para la poblaci\u00f3n, para los mexiquenses y, en este caso, para la regi\u00f3n oriente del Estado de M\u00e9xico\u201d.<\/p>\n<p>Eruviel \u00c1vila destac\u00f3 que con la apertura de esta tienda, cuya inversi\u00f3n fue de m\u00e1s de 240 millones de pesos y que emplea a m\u00e1s de 600 personas en forma directa y aproximadamente 350 empleos indirectos, se constata la confianza de esta firma en el Estado de M\u00e9xico, pues cuenta con siete tiendas y tres centros de distribuci\u00f3n, que emplean a m\u00e1s de 5 mil personas.<\/p>\n","protected":false},"excerpt":{"rendered":"<p> El gobernador Eruviel \u00c1vila Villegas dio a conocer que en el Estado de M\u00e9xico, la mejora regulatoria se elev\u00f3 a rango constitucional, con lo que la entidad se consolidar\u00e1 como una potencia en el desarrollo econ\u00f3mico del pa\u00eds, con acciones para brindar confianza y certidumbre a la inversi\u00f3n privada nacional y extranjera, pues esta modificaci\u00f3n obliga a simplificar tr\u00e1mites para la apertura de nuevos negocios y sanciona a los servidores p\u00fablicos que pongan trabas.<\/p>\n","protected":false},"author":3,"featured_media":0,"comment_status":"open","ping_status":"open","sticky":false,"template":"","format":"standard","meta":{"_monsterinsights_skip_tracking":false,"_monsterinsights_sitenote_active":false,"_monsterinsights_sitenote_note":"","_monsterinsights_sitenote_category":0,"footnotes":""},"categories":[5],"tags":[5828,43675,1577],"class_list":["post-112077","post","type-post","status-publish","format-standard","hentry","category-estado-de-mexico","tag-eruviel-avila-villegas","tag-estado-de-mexico","tag-nezahualcoyotl"],"_links":{"self":[{"href":"https:\/\/www.diarioimagen.net\/index.php?rest_route=\/wp\/v2\/posts\/112077","targetHints":{"allow":["GET"]}}],"collection":[{"href":"https:\/\/www.diarioimagen.net\/index.php?rest_route=\/wp\/v2\/posts"}],"about":[{"href":"https:\/\/www.diarioimagen.net\/index.php?rest_route=\/wp\/v2\/types\/post"}],"author":[{"embeddable":true,"href":"https:\/\/www.diarioimagen.net\/index.php?rest_route=\/wp\/v2\/users\/3"}],"replies":[{"embeddable":true,"href":"https:\/\/www.diarioimagen.net\/index.php?rest_route=%2Fwp%2Fv2%2Fcomments&post=112077"}],"version-history":[{"count":0,"href":"https:\/\/www.diarioimagen.net\/index.php?rest_route=\/wp\/v2\/posts\/112077\/revisions"}],"wp:attachment":[{"href":"https:\/\/www.diarioimagen.net\/index.php?rest_route=%2Fwp%2Fv2%2Fmedia&parent=112077"}],"wp:term":[{"taxonomy":"category","embeddable":true,"href":"https:\/\/www.diarioimagen.net\/index.php?rest_route=%2Fwp%2Fv2%2Fcategories&post=112077"},{"taxonomy":"post_tag","embeddable":true,"href":"https:\/\/www.diarioimagen.net\/index.php?rest_route=%2Fwp%2Fv2%2Ftags&post=112077"}],"curies":[{"name":"wp","href":"https:\/\/api.w.org\/{rel}","templated":true}]}}