{"id":112472,"date":"2012-11-26T00:07:29","date_gmt":"2012-11-26T06:07:29","guid":{"rendered":"http:\/\/www.diarioimagen.net\/?p=112472"},"modified":"2012-11-26T04:05:02","modified_gmt":"2012-11-26T10:05:02","slug":"el-buen-fin-promovio-mayor-endeudamiento","status":"publish","type":"post","link":"https:\/\/www.diarioimagen.net\/?p=112472","title":{"rendered":"El Buen Fin promovi\u00f3 mayor endeudamiento"},"content":{"rendered":"<ul>\n<li><strong><em>Las promociones a meses sin intereses o algunas recompensas en monederos electr\u00f3nicos fueron ganchos para que se gastar\u00e1 m\u00e1s en las tiendas<\/em><\/strong><\/li>\n<\/ul>\n<div id=\"attachment_112503\" style=\"width: 250px\" class=\"wp-caption alignleft\"><a class=\"highslide\" onclick=\"return vz.expand(this)\" href=\"http:\/\/www.diarioimagen.net\/wp-content\/uploads\/2012\/11\/BUEN-FIN-1988.jpg\"><img loading=\"lazy\" decoding=\"async\" aria-describedby=\"caption-attachment-112503\" class=\"size-medium wp-image-112503\" title=\"BUEN-FIN-1988\" src=\"http:\/\/www.diarioimagen.net\/wp-content\/uploads\/2012\/11\/BUEN-FIN-1988-240x135.jpg\" alt=\"\" width=\"240\" height=\"135\" \/><\/a><p id=\"caption-attachment-112503\" class=\"wp-caption-text\">El Buen Fin dej\u00f3 grandes ganancias a las tiendas y m\u00e1s endeudamiento a los consumidores.<\/p><\/div>\n<p>El Buen Fin 2012 privilegi\u00f3 el endeudamiento de los consumidores, al predominar las ofertas de meses sin intereses sobre las compras en efectivo, consider\u00f3 la Comisi\u00f3n Nacional para la Protecci\u00f3n y Defensa de los Usuarios de Servicios Financieros (Condusef).<\/p>\n<p>El director de Estudios de Mercado de la Comisi\u00f3n, Marco Carrera Santacruz, calific\u00f3 el programa como positivo, ya que incentiv\u00f3 la econom\u00eda y cont\u00f3 con mayores participantes respecto a 2011; sin embargo, subray\u00f3 que promociones como las de pago durante 18 meses o algunas recompensas en monederos electr\u00f3nicos enganchan a seguir gastando.<\/p>\n<p>As\u00ed, en su opini\u00f3n, ser\u00e1 hasta los primeros tres meses de 2013 cuando se vean realmente los efectos de esta medida en la capacidad de pago de los tarjetahabientes.<\/p>\n<p>Adem\u00e1s, resalt\u00f3 que a\u00fan hay gastos pendientes por realizar derivado de la temporada, como los relacionados con la cena de Navidad, fin de a\u00f1o y los regalos de Reyes.<\/p>\n<p>En su momento, el presidente de la Asociaci\u00f3n de Bancos de M\u00e9xico (ABM), Jaime Ruiz Sacrist\u00e1n, descart\u00f3 que se presente un problema importante de morosidad en los tarjetahabientes, ya que esta medida se lleva a cabo por segundo a\u00f1o consecutivo y en la edici\u00f3n anterior no aument\u00f3 la cartera vencida.<\/p>\n<p>De acuerdo con la ABM, la facturaci\u00f3n con tarjetas bancarias durante El Buen Fin, que se llev\u00f3 cabo del 16 al 19 de noviembre pasado, registr\u00f3 un aumento de 50 por ciento respecto a la edici\u00f3n 2011.<\/p>\n<p>De manera desagregada, las compras con tarjeta de cr\u00e9dito en el mismo lapso de comparaci\u00f3n crecieron 55 por ciento y con d\u00e9bito 43 por ciento.<\/p>\n","protected":false},"excerpt":{"rendered":"<p>El Buen Fin 2012 privilegi\u00f3 el endeudamiento de los consumidores, al predominar las ofertas de meses sin intereses sobre las compras en efectivo, consider\u00f3 la Comisi\u00f3n Nacional para la Protecci\u00f3n y Defensa de los Usuarios de Servicios Financieros (Condusef).<\/p>\n","protected":false},"author":3,"featured_media":0,"comment_status":"open","ping_status":"open","sticky":false,"template":"","format":"standard","meta":{"_monsterinsights_skip_tracking":false,"_monsterinsights_sitenote_active":false,"_monsterinsights_sitenote_note":"","_monsterinsights_sitenote_category":0,"footnotes":""},"categories":[3],"tags":[3154,3155,25239,43673],"class_list":["post-112472","post","type-post","status-publish","format-standard","hentry","category-nacional","tag-comision-nacional-para-la-proteccion-y-defensa-de-los-usuarios-de-servicios-financieros","tag-condusef","tag-el-buen-fin","tag-nacional"],"_links":{"self":[{"href":"https:\/\/www.diarioimagen.net\/index.php?rest_route=\/wp\/v2\/posts\/112472","targetHints":{"allow":["GET"]}}],"collection":[{"href":"https:\/\/www.diarioimagen.net\/index.php?rest_route=\/wp\/v2\/posts"}],"about":[{"href":"https:\/\/www.diarioimagen.net\/index.php?rest_route=\/wp\/v2\/types\/post"}],"author":[{"embeddable":true,"href":"https:\/\/www.diarioimagen.net\/index.php?rest_route=\/wp\/v2\/users\/3"}],"replies":[{"embeddable":true,"href":"https:\/\/www.diarioimagen.net\/index.php?rest_route=%2Fwp%2Fv2%2Fcomments&post=112472"}],"version-history":[{"count":0,"href":"https:\/\/www.diarioimagen.net\/index.php?rest_route=\/wp\/v2\/posts\/112472\/revisions"}],"wp:attachment":[{"href":"https:\/\/www.diarioimagen.net\/index.php?rest_route=%2Fwp%2Fv2%2Fmedia&parent=112472"}],"wp:term":[{"taxonomy":"category","embeddable":true,"href":"https:\/\/www.diarioimagen.net\/index.php?rest_route=%2Fwp%2Fv2%2Fcategories&post=112472"},{"taxonomy":"post_tag","embeddable":true,"href":"https:\/\/www.diarioimagen.net\/index.php?rest_route=%2Fwp%2Fv2%2Ftags&post=112472"}],"curies":[{"name":"wp","href":"https:\/\/api.w.org\/{rel}","templated":true}]}}