{"id":112474,"date":"2012-11-26T00:06:03","date_gmt":"2012-11-26T06:06:03","guid":{"rendered":"http:\/\/www.diarioimagen.net\/?p=112474"},"modified":"2012-11-26T04:10:45","modified_gmt":"2012-11-26T10:10:45","slug":"derecho-a-informacion-ajeno-a-voluntades-politicas-ifai","status":"publish","type":"post","link":"https:\/\/www.diarioimagen.net\/?p=112474","title":{"rendered":"Derecho a informaci\u00f3n, ajeno a voluntades pol\u00edticas: IFAI"},"content":{"rendered":"<ul>\n<li><strong><em>Las propuestas de reformas en transparencia que se analizan en el Senado tienen el fin de ir m\u00e1s all\u00e1 de partidos y gobiernos<\/em><\/strong><\/li>\n<\/ul>\n<div id=\"attachment_112507\" style=\"width: 250px\" class=\"wp-caption alignleft\"><a class=\"highslide\" onclick=\"return vz.expand(this)\" href=\"http:\/\/www.diarioimagen.net\/wp-content\/uploads\/2012\/11\/Angel-1988.jpg\"><img loading=\"lazy\" decoding=\"async\" aria-describedby=\"caption-attachment-112507\" class=\"size-medium wp-image-112507\" title=\"Angel-1988\" src=\"http:\/\/www.diarioimagen.net\/wp-content\/uploads\/2012\/11\/Angel-1988-240x135.jpg\" alt=\"\" width=\"240\" height=\"135\" \/><\/a><p id=\"caption-attachment-112507\" class=\"wp-caption-text\">\u00c1ngel Trinidad Zald\u00edvar, comisionado del Instituto Federal de Acceso a la Informaci\u00f3n P\u00fablica y Protecci\u00f3n de Datos.<\/p><\/div>\n<p>La informaci\u00f3n p\u00fablica no es una d\u00e1diva, ni puede ser reservada o entregada en forma discrecional, por el contrario, el ejercicio de este derecho debe estar al margen de la \u201cvoluntad pol\u00edtica\u201d de los gobernantes y funcionarios p\u00fablicos.<\/p>\n<p>As\u00ed lo afirm\u00f3 el comisionado del Instituto Federal de Acceso a la Informaci\u00f3n y Protecci\u00f3n de Datos (IFAI), \u00c1ngel Trinidad Zald\u00edvar, al participar en el panel \u201cExpectativas de las reformas en materia de transparencia y acceso a la informaci\u00f3n p\u00fablica\u201d.<\/p>\n<p>Por ello, en un comunicado del organismo se\u00f1al\u00f3 que las propuestas de reformas en transparencia que se analizan en el Senado tienen como fin crear una pol\u00edtica de Estado en la materia m\u00e1s all\u00e1 de partidos y gobiernos, y al margen de esa \u201cvoluntad\u201d.<\/p>\n<p>En el acto, que se llev\u00f3 a cabo en el marco del Seminario Internacional de la Transparencia a los Archivos, convocado por el IFAI, indic\u00f3 que con las propuestas ya no se depender\u00eda de que \u201cexista o no voluntad pol\u00edtica para cumplir con la transparencia\u201d.<\/p>\n<p>Al respecto, el funcionario compar\u00f3 la actual voluntad pol\u00edtica con la \u201cgraciosa concesi\u00f3n\u201d de los monarcas con sus s\u00fabditos, por lo cual asever\u00f3, no se puede estar esperanzados a que los gobernantes tengan o no voluntad para transparentar sus acciones.<\/p>\n<p>Ante esa expectativa, Trinidad Zald\u00edvar propuso celebrar el nuevo rango que adquirir\u00eda el tema con esas reformas, y se\u00f1al\u00f3 que si bien las iniciativas tienen muchas bondades, existen algunos puntos que merecen atenci\u00f3n especial.<\/p>\n<p>Los cuales, dijo, deben ser considerados en el marco del acuerdo para la transparencia del proceso de dictaminaci\u00f3n de las iniciativas en materia de transparencia, suscrito por los senadores.<\/p>\n<p>Mencion\u00f3 que en el caso de los sujetos obligados es necesario que en la Constituci\u00f3n se introduzca una redacci\u00f3n m\u00e1s espec\u00edfica, que no deje lugar a dudas respecto a qui\u00e9nes est\u00e1n obligados a rendir cuentas, y que no pueden faltar son los sindicatos, partidos pol\u00edticos, ni las universidades p\u00fablicas, a\u00f1adi\u00f3.<\/p>\n<p>El comisionado dijo que ser\u00eda un grave retroceso sacar de la esfera del Ifai el tema de los datos personales en posesi\u00f3n del sector p\u00fablico, porque se trata de los sueldos, prestaciones, horarios y ex\u00e1menes, entre otros, de los servidores p\u00fablicos.<\/p>\n","protected":false},"excerpt":{"rendered":"<p>La informaci\u00f3n p\u00fablica no es una d\u00e1diva, ni puede ser reservada o entregada en forma discrecional, por el contrario, el ejercicio de este derecho debe estar al margen de la \u201cvoluntad pol\u00edtica\u201d de los gobernantes y funcionarios p\u00fablicos.<\/p>\n","protected":false},"author":3,"featured_media":0,"comment_status":"open","ping_status":"open","sticky":false,"template":"","format":"standard","meta":{"_monsterinsights_skip_tracking":false,"_monsterinsights_sitenote_active":false,"_monsterinsights_sitenote_note":"","_monsterinsights_sitenote_category":0,"footnotes":""},"categories":[3],"tags":[6745,24658,43673],"class_list":["post-112474","post","type-post","status-publish","format-standard","hentry","category-nacional","tag-ifai","tag-instituto-federal-de-acceso-a-la-informacion-y-proteccion-de-datos","tag-nacional"],"_links":{"self":[{"href":"https:\/\/www.diarioimagen.net\/index.php?rest_route=\/wp\/v2\/posts\/112474","targetHints":{"allow":["GET"]}}],"collection":[{"href":"https:\/\/www.diarioimagen.net\/index.php?rest_route=\/wp\/v2\/posts"}],"about":[{"href":"https:\/\/www.diarioimagen.net\/index.php?rest_route=\/wp\/v2\/types\/post"}],"author":[{"embeddable":true,"href":"https:\/\/www.diarioimagen.net\/index.php?rest_route=\/wp\/v2\/users\/3"}],"replies":[{"embeddable":true,"href":"https:\/\/www.diarioimagen.net\/index.php?rest_route=%2Fwp%2Fv2%2Fcomments&post=112474"}],"version-history":[{"count":0,"href":"https:\/\/www.diarioimagen.net\/index.php?rest_route=\/wp\/v2\/posts\/112474\/revisions"}],"wp:attachment":[{"href":"https:\/\/www.diarioimagen.net\/index.php?rest_route=%2Fwp%2Fv2%2Fmedia&parent=112474"}],"wp:term":[{"taxonomy":"category","embeddable":true,"href":"https:\/\/www.diarioimagen.net\/index.php?rest_route=%2Fwp%2Fv2%2Fcategories&post=112474"},{"taxonomy":"post_tag","embeddable":true,"href":"https:\/\/www.diarioimagen.net\/index.php?rest_route=%2Fwp%2Fv2%2Ftags&post=112474"}],"curies":[{"name":"wp","href":"https:\/\/api.w.org\/{rel}","templated":true}]}}