{"id":112624,"date":"2012-11-27T00:08:28","date_gmt":"2012-11-27T06:08:28","guid":{"rendered":"http:\/\/www.diarioimagen.net\/?p=112624"},"modified":"2012-11-27T03:39:13","modified_gmt":"2012-11-27T09:39:13","slug":"atizapan-apoya-eliminacion-de-violencia-contra-la-mujer","status":"publish","type":"post","link":"https:\/\/www.diarioimagen.net\/?p=112624","title":{"rendered":"Atizap\u00e1n apoya eliminaci\u00f3n de violencia contra la mujer"},"content":{"rendered":"<ul>\n<li><strong><em>Se\u00f1ala gobierno municipal<\/em><\/strong><\/li>\n<\/ul>\n<div id=\"attachment_112689\" style=\"width: 250px\" class=\"wp-caption alignleft\"><a class=\"highslide\" onclick=\"return vz.expand(this)\" href=\"http:\/\/www.diarioimagen.net\/wp-content\/uploads\/2012\/11\/ATIZAPAN-1989.jpg\"><img loading=\"lazy\" decoding=\"async\" aria-describedby=\"caption-attachment-112689\" class=\"size-medium wp-image-112689\" title=\"ATIZAPAN-1989\" src=\"http:\/\/www.diarioimagen.net\/wp-content\/uploads\/2012\/11\/ATIZAPAN-1989-240x135.jpg\" alt=\"\" width=\"240\" height=\"135\" \/><\/a><p id=\"caption-attachment-112689\" class=\"wp-caption-text\">Atizap\u00e1n celebr\u00f3 el D\u00eda Internacional para la Eliminaci\u00f3n de la Violencia.<\/p><\/div>\n<p><strong>Atizap\u00e1n, Estado de M\u00e9xico<\/strong>.- El gobierno municipal y su Direcci\u00f3n General de la Mujer conmemoraron el \u201cD\u00eda Internacional para la Eliminaci\u00f3n de la Violencia en contra de la Mujer\u201d con un evento en el Museo Adolfo L\u00f3pez Mateos, el cual\u00a0 incluy\u00f3 la magna conferencia \u201cEfectos de la Violencia en los Problemas Psicol\u00f3gicos de los Hijos: Soluci\u00f3n y Prevenci\u00f3n\u201d.<\/p>\n<p>El \u201cD\u00eda Internacional para la Eliminaci\u00f3n de la Violencia en contra de la Mujer\u201d se instituy\u00f3 en memoria de las hermanas Mirabal, opositoras de la dictadura que ejerci\u00f3 por m\u00e1s de 30 a\u00f1os Le\u00f3nidas Trujillo en Rep\u00fablica Dominicana, quienes fueron brutalmente torturadas y asesinadas el 25 de noviembre de 1960.<\/p>\n<p>Tan significativa fecha fue recordada por las autoridades municipales, las cuales organizaron la conferencia dictada por el doctor Jaime Montalvo Reyna, cofundador del Instituto Familiar Sist\u00e9mico (INFASI ACT), con una\u00a0 amplia experiencia en investigaci\u00f3n y terapia familiar, as\u00ed como en su trayectoria como conferencista nacional e internacional.<\/p>\n<p>La titular de la Direcci\u00f3n General de la Mujer del Ayuntamiento atizapense, Mar\u00eda Isabel Ballesteros \u00c1lvarez, expuso que la violencia hacia las mujeres no distingue culturas, naciones ni clases sociales, por lo que\u00a0 si queremos un pa\u00eds libre de este tipo pr\u00e1cticas debe haber un cambio cultural, una transformaci\u00f3n de actitudes, de creencias y conductas que propician discriminaci\u00f3n y desigualdad.<\/p>\n<p>Se\u00f1al\u00f3 que de acuerdo con cifras obtenidas por la Encuesta Nacional sobre la Din\u00e1mica de las Relaciones en los Hogares (ENDIREH), m\u00e1s de 30 millones de mexicanas han sufrido alg\u00fan tipo de violencia\u00a0 y que un gran n\u00famero de los homicidios en su contra son cometidos en sus propios hogares.<\/p>\n<p>Reflexion\u00f3 que sin embargo la amarga realidad no se refleja en los expedientes ministeriales o judiciales, debido a que muchas mujeres tienen miedo o son amenazadas por su agresor y temen a las consecuencias sociales que les interioriza sentimientos de culpa y desamparo.<\/p>\n","protected":false},"excerpt":{"rendered":"<p>El gobierno municipal y su Direcci\u00f3n General de la Mujer conmemoraron el \u201cD\u00eda Internacional para la Eliminaci\u00f3n de la Violencia en contra de la Mujer\u201d con un evento en el Museo Adolfo L\u00f3pez Mateos, el cual  incluy\u00f3 la magna conferencia \u201cEfectos de la Violencia en los Problemas Psicol\u00f3gicos de los Hijos: Soluci\u00f3n y Prevenci\u00f3n\u201d.<\/p>\n","protected":false},"author":3,"featured_media":0,"comment_status":"open","ping_status":"open","sticky":false,"template":"","format":"standard","meta":{"_monsterinsights_skip_tracking":false,"_monsterinsights_sitenote_active":false,"_monsterinsights_sitenote_note":"","_monsterinsights_sitenote_category":0,"footnotes":""},"categories":[5],"tags":[969,43675,7254],"class_list":["post-112624","post","type-post","status-publish","format-standard","hentry","category-estado-de-mexico","tag-atizapan","tag-estado-de-mexico","tag-mujer"],"_links":{"self":[{"href":"https:\/\/www.diarioimagen.net\/index.php?rest_route=\/wp\/v2\/posts\/112624","targetHints":{"allow":["GET"]}}],"collection":[{"href":"https:\/\/www.diarioimagen.net\/index.php?rest_route=\/wp\/v2\/posts"}],"about":[{"href":"https:\/\/www.diarioimagen.net\/index.php?rest_route=\/wp\/v2\/types\/post"}],"author":[{"embeddable":true,"href":"https:\/\/www.diarioimagen.net\/index.php?rest_route=\/wp\/v2\/users\/3"}],"replies":[{"embeddable":true,"href":"https:\/\/www.diarioimagen.net\/index.php?rest_route=%2Fwp%2Fv2%2Fcomments&post=112624"}],"version-history":[{"count":0,"href":"https:\/\/www.diarioimagen.net\/index.php?rest_route=\/wp\/v2\/posts\/112624\/revisions"}],"wp:attachment":[{"href":"https:\/\/www.diarioimagen.net\/index.php?rest_route=%2Fwp%2Fv2%2Fmedia&parent=112624"}],"wp:term":[{"taxonomy":"category","embeddable":true,"href":"https:\/\/www.diarioimagen.net\/index.php?rest_route=%2Fwp%2Fv2%2Fcategories&post=112624"},{"taxonomy":"post_tag","embeddable":true,"href":"https:\/\/www.diarioimagen.net\/index.php?rest_route=%2Fwp%2Fv2%2Ftags&post=112624"}],"curies":[{"name":"wp","href":"https:\/\/api.w.org\/{rel}","templated":true}]}}