{"id":112628,"date":"2012-11-27T00:06:23","date_gmt":"2012-11-27T06:06:23","guid":{"rendered":"http:\/\/www.diarioimagen.net\/?p=112628"},"modified":"2012-11-27T03:37:58","modified_gmt":"2012-11-27T09:37:58","slug":"comercio-e-inversiones-los-puntos-a-tratar-en-canada","status":"publish","type":"post","link":"https:\/\/www.diarioimagen.net\/?p=112628","title":{"rendered":"Comercio e inversiones, los puntos a tratar en Canad\u00e1"},"content":{"rendered":"<ul>\n<li><strong><em>El Presidente electo de M\u00e9xico, Enrique Pe\u00f1a Nieto, se reunir\u00e1 ma\u00f1ana con el primer ministro canadiense, Stephen Harper<\/em><\/strong><\/li>\n<\/ul>\n<div id=\"attachment_112685\" style=\"width: 250px\" class=\"wp-caption alignleft\"><a class=\"highslide\" onclick=\"return vz.expand(this)\" href=\"http:\/\/www.diarioimagen.net\/wp-content\/uploads\/2012\/11\/HARPER-1989.jpg\"><img loading=\"lazy\" decoding=\"async\" aria-describedby=\"caption-attachment-112685\" class=\"size-medium wp-image-112685\" title=\"HARPER-1989\" src=\"http:\/\/www.diarioimagen.net\/wp-content\/uploads\/2012\/11\/HARPER-1989-240x135.jpg\" alt=\"\" width=\"240\" height=\"135\" \/><\/a><p id=\"caption-attachment-112685\" class=\"wp-caption-text\">Stephen Harper, primer ministro canadiense, tiene una amplia agenda a tratar con Enrique Pe\u00f1a Nieto.<\/p><\/div>\n<p><strong>Ottawa, Canad\u00e1<\/strong>.- El primer ministro de Canad\u00e1, Stephen Harper, y el presidente electo de M\u00e9xico, Enrique Pe\u00f1a Nieto, abordar\u00e1n en su cita de ma\u00f1ana aqu\u00ed formas de incrementar el comercio y las inversiones, informaron ayer fuentes oficiales.<\/p>\n<p>Al primer ministro le interesa analizar con el pr\u00f3ximo Presidente de M\u00e9xico las formas en las cuales ambos pa\u00edses puedan \u201creforzar el comercio, las inversiones y la seguridad\u201d, seg\u00fan dio a conocer la oficina de Harper en un comunicado relativo a la visita.<\/p>\n<p>Se espera que ambos l\u00edderes se re\u00fanan este mi\u00e9rcoles alrededor del mediod\u00eda en la sede del Parlamento canadiense y que posteriormente encabecen una conferencia de prensa en el mismo recinto.<\/p>\n<p>En opini\u00f3n de analistas pol\u00edticos y acad\u00e9micos que fueron entrevistados, ambos l\u00edderes tambi\u00e9n hablar\u00edan sobre la reciente legalizaci\u00f3n de la mariguana en dos estados de la Uni\u00f3n Americana, as\u00ed como de la visa impuesta a los mexicanos desde julio de 2009.<\/p>\n<p>Para Carlo Dade, investigador de la Escuela de Desarrollo Internacional y Estudios Globales de la Universidad de Ottawa, Harper y Pe\u00f1a hablar\u00edan de la posibilidad de que Canad\u00e1 suprima el requisito de visa a los mexicanos y sobre la reciente legalizaci\u00f3n de consumo de la mariguana en la Uni\u00f3n Americana.<\/p>\n<p>\u201cSobre la solicitud de visa para los mexicanos, el gobierno de Harper ha indicado que ser\u00e1 revisada una vez que las reformas al proceso de refugio de Canad\u00e1 sean completadas. Pero esto no se ha concretado\u201d.<\/p>\n<p>Por ahora, M\u00e9xico obtuvo el beneficio de la Business Express Visa (facilidad para obtener una visa cuando se trata de un asunto de negocios), al igual que Canad\u00e1 lo tiene con India.<\/p>\n<p>Dade, sin embargo, destac\u00f3 que en este punto \u201cPe\u00f1a Nieto debe gentilmente hacer notar que India no es el tercer socio comercial de Canad\u00e1, como lo es M\u00e9xico\u201d.<\/p>\n<p>\u201cLa India a\u00f1adi\u00f3- tampoco es parte de la cadena productiva y de abastecimiento de Norteam\u00e9rica, por lo que dif\u00edcilmente puede ser un modelo de movilidad de las personas en esta regi\u00f3n\u201d.<\/p>\n","protected":false},"excerpt":{"rendered":"<p>El primer ministro de Canad\u00e1, Stephen Harper, y el presidente electo de M\u00e9xico, Enrique Pe\u00f1a Nieto, abordar\u00e1n en su cita de ma\u00f1ana aqu\u00ed formas de incrementar el comercio y las inversiones, informaron ayer fuentes oficiales.<\/p>\n","protected":false},"author":3,"featured_media":0,"comment_status":"open","ping_status":"open","sticky":false,"template":"","format":"standard","meta":{"_monsterinsights_skip_tracking":false,"_monsterinsights_sitenote_active":false,"_monsterinsights_sitenote_note":"","_monsterinsights_sitenote_category":0,"footnotes":""},"categories":[3],"tags":[431,44,43673,6942,15974,9086],"class_list":["post-112628","post","type-post","status-publish","format-standard","hentry","category-nacional","tag-canada","tag-mexico","tag-nacional","tag-ottawa","tag-primer-ministro","tag-stephen-harper"],"_links":{"self":[{"href":"https:\/\/www.diarioimagen.net\/index.php?rest_route=\/wp\/v2\/posts\/112628","targetHints":{"allow":["GET"]}}],"collection":[{"href":"https:\/\/www.diarioimagen.net\/index.php?rest_route=\/wp\/v2\/posts"}],"about":[{"href":"https:\/\/www.diarioimagen.net\/index.php?rest_route=\/wp\/v2\/types\/post"}],"author":[{"embeddable":true,"href":"https:\/\/www.diarioimagen.net\/index.php?rest_route=\/wp\/v2\/users\/3"}],"replies":[{"embeddable":true,"href":"https:\/\/www.diarioimagen.net\/index.php?rest_route=%2Fwp%2Fv2%2Fcomments&post=112628"}],"version-history":[{"count":0,"href":"https:\/\/www.diarioimagen.net\/index.php?rest_route=\/wp\/v2\/posts\/112628\/revisions"}],"wp:attachment":[{"href":"https:\/\/www.diarioimagen.net\/index.php?rest_route=%2Fwp%2Fv2%2Fmedia&parent=112628"}],"wp:term":[{"taxonomy":"category","embeddable":true,"href":"https:\/\/www.diarioimagen.net\/index.php?rest_route=%2Fwp%2Fv2%2Fcategories&post=112628"},{"taxonomy":"post_tag","embeddable":true,"href":"https:\/\/www.diarioimagen.net\/index.php?rest_route=%2Fwp%2Fv2%2Ftags&post=112628"}],"curies":[{"name":"wp","href":"https:\/\/api.w.org\/{rel}","templated":true}]}}