{"id":112723,"date":"2012-11-28T00:09:58","date_gmt":"2012-11-28T06:09:58","guid":{"rendered":"http:\/\/www.diarioimagen.net\/?p=112723"},"modified":"2012-11-28T03:26:26","modified_gmt":"2012-11-28T09:26:26","slug":"eav-propone-pacto-de-unidad-a-ediles-electos","status":"publish","type":"post","link":"https:\/\/www.diarioimagen.net\/?p=112723","title":{"rendered":"EAV propone pacto de unidad a ediles electos"},"content":{"rendered":"<ul>\n<li><strong><em>El gobernador inaugur\u00f3 el seminario para los presidentes municipales que entrar\u00e1n en funciones en enero pr\u00f3ximo<\/em><\/strong><\/li>\n<\/ul>\n<div id=\"attachment_112845\" style=\"width: 250px\" class=\"wp-caption alignleft\"><a class=\"highslide\" onclick=\"return vz.expand(this)\" href=\"http:\/\/www.diarioimagen.net\/wp-content\/uploads\/2012\/11\/eruviel-1990.jpg\"><img loading=\"lazy\" decoding=\"async\" aria-describedby=\"caption-attachment-112845\" class=\"size-medium wp-image-112845\" title=\"eruviel-1990\" src=\"http:\/\/www.diarioimagen.net\/wp-content\/uploads\/2012\/11\/eruviel-1990-240x135.jpg\" alt=\"\" width=\"240\" height=\"135\" \/><\/a><p id=\"caption-attachment-112845\" class=\"wp-caption-text\">Al inaugurar el Seminario para Presidentes Municipales Electos, el gobernador Eruviel \u00c1vila Villegas se\u00f1al\u00f3 que a partir del 1 de diciembre inicia una nueva era en el pa\u00eds, con la renovaci\u00f3n del gobierno federal, cuando Enrique Pe\u00f1a Nieto asuma la Presidencia de la Rep\u00fablica.<\/p><\/div>\n<p><strong>Ixtapan de la Sal, Estado de M\u00e9xico<\/strong>.- El gobernador Eruviel \u00c1vila Villegas inaugur\u00f3 el Seminario para Presidentes Municipales Electos, emanados de los diferentes partidos pol\u00edticos en la entidad, que entrar\u00e1n en funciones en enero pr\u00f3ximo, a quienes propuso hacer un gran pacto de unidad, de trabajo en equipo y solidaridad, pues es tiempo de coincidir y dar resultados en beneficio de los mexiquenses.<\/p>\n<p>\u201cHay tiempos para competir, pero tambi\u00e9n hay tiempos para coincidir; hay tiempos para ponernos a trabajar y dar resultados, \u00e9stos son los tiempos de coincidir, de trabajar, de construir consensos, de servir a todos por igual, ya el tema electoral afortunadamente ya pas\u00f3. Ahora a generar sinergias, a aprovechar el talento, su experiencia, \u00e1nimo y compromiso con la gente para darles mejores respuestas\u201d.<\/p>\n<p>Eruviel \u00c1vila destac\u00f3 que con este encuentro con los 125 ediles electos inicia una nueva etapa de relaci\u00f3n entre las autoridades municipales y el gobierno del Estado de M\u00e9xico, al tiempo de reiterar su disposici\u00f3n de trabajar conjuntamente, pues la intenci\u00f3n es que le vaya muy bien a los mexiquenses.<\/p>\n<p>El gobernador manifest\u00f3 a los ediles que en el gobierno del Estado de M\u00e9xico tienen a un aliado, al tiempo de ofrecer su solidaridad, pues al haber ocupado el cargo de alcalde en dos ocasiones, conoce las necesidades, desaf\u00edos y fortalezas de la vida municipal.<\/p>\n<p>\u201cEn la medida en que respaldemos a los presidentes municipales le va a ir muy bien a la gente, que es el objetivo de todo gobierno, y en lo personal es el objetivo que persigo como gobernador, que a la poblaci\u00f3n le vaya muy bien, que salga adelante\u201d, se\u00f1al\u00f3.<\/p>\n<p>Como gobernador municipalista, dijo, durante su administraci\u00f3n se han impulsado diversas reformas a la legislaci\u00f3n local.<\/p>\n","protected":false},"excerpt":{"rendered":"<p>El gobernador Eruviel \u00c1vila Villegas inaugur\u00f3 el Seminario para Presidentes Municipales Electos, emanados de los diferentes partidos pol\u00edticos en la entidad, que entrar\u00e1n en funciones en enero pr\u00f3ximo, a quienes propuso hacer un gran pacto de unidad, de trabajo en equipo y solidaridad, pues es tiempo de coincidir y dar resultados en beneficio de los mexiquenses.<\/p>\n","protected":false},"author":3,"featured_media":0,"comment_status":"open","ping_status":"open","sticky":false,"template":"","format":"standard","meta":{"_monsterinsights_skip_tracking":false,"_monsterinsights_sitenote_active":false,"_monsterinsights_sitenote_note":"","_monsterinsights_sitenote_category":0,"footnotes":""},"categories":[5],"tags":[25466,5828,43675,250,2996],"class_list":["post-112723","post","type-post","status-publish","format-standard","hentry","category-estado-de-mexico","tag-ediles","tag-eruviel-avila-villegas","tag-estado-de-mexico","tag-ixtapan-de-la-sal","tag-unidad"],"_links":{"self":[{"href":"https:\/\/www.diarioimagen.net\/index.php?rest_route=\/wp\/v2\/posts\/112723","targetHints":{"allow":["GET"]}}],"collection":[{"href":"https:\/\/www.diarioimagen.net\/index.php?rest_route=\/wp\/v2\/posts"}],"about":[{"href":"https:\/\/www.diarioimagen.net\/index.php?rest_route=\/wp\/v2\/types\/post"}],"author":[{"embeddable":true,"href":"https:\/\/www.diarioimagen.net\/index.php?rest_route=\/wp\/v2\/users\/3"}],"replies":[{"embeddable":true,"href":"https:\/\/www.diarioimagen.net\/index.php?rest_route=%2Fwp%2Fv2%2Fcomments&post=112723"}],"version-history":[{"count":0,"href":"https:\/\/www.diarioimagen.net\/index.php?rest_route=\/wp\/v2\/posts\/112723\/revisions"}],"wp:attachment":[{"href":"https:\/\/www.diarioimagen.net\/index.php?rest_route=%2Fwp%2Fv2%2Fmedia&parent=112723"}],"wp:term":[{"taxonomy":"category","embeddable":true,"href":"https:\/\/www.diarioimagen.net\/index.php?rest_route=%2Fwp%2Fv2%2Fcategories&post=112723"},{"taxonomy":"post_tag","embeddable":true,"href":"https:\/\/www.diarioimagen.net\/index.php?rest_route=%2Fwp%2Fv2%2Ftags&post=112723"}],"curies":[{"name":"wp","href":"https:\/\/api.w.org\/{rel}","templated":true}]}}