{"id":112733,"date":"2012-11-28T00:04:29","date_gmt":"2012-11-28T06:04:29","guid":{"rendered":"http:\/\/www.diarioimagen.net\/?p=112733"},"modified":"2012-11-29T02:54:19","modified_gmt":"2012-11-29T08:54:19","slug":"murillo-karam-ordena-retirar-valla-en-torno-del-palacio-legislativo","status":"publish","type":"post","link":"https:\/\/www.diarioimagen.net\/?p=112733","title":{"rendered":"Murillo Karam ordena retirar valla en torno del Palacio Legislativo"},"content":{"rendered":"<h2>Tras la puerta del poder<\/h2>\n<h5>Roberto Vizca\u00edno<\/h5>\n<p>&nbsp;<\/p>\n<ul>\n<li><em><strong>\u201cS\u00e9 que Pe\u00f1a Nieto tiene una ambiciosa agenda de reformas\u201d: Obama<\/strong><\/em><br \/>\n<strong><em><\/em><\/strong><\/li>\n<li><strong><em>En su r\u00e1pida visita a Washington, el mexiquense convers\u00f3 con personajes centrales del gobierno de EU<\/em><\/strong><\/li>\n<li><strong><em>Sorpresivamente Calder\u00f3n presenta una iniciativa de reforma para establecer la segunda vuelta electoral<\/em><\/strong><\/li>\n<li><strong><em>El acuerdo nacional entre partidos busca avanzar en la promulgaci\u00f3n de 5 grandes reformas<\/em><\/strong><\/li>\n<\/ul>\n<p><strong><a class=\"highslide\" onclick=\"return vz.expand(this)\" href=\"http:\/\/www.diarioimagen.net\/wp-content\/uploads\/2012\/11\/Vallas-1990.jpg\"><img loading=\"lazy\" decoding=\"async\" class=\"alignleft size-medium wp-image-112829\" style=\"margin-right: 9px; margin-bottom: 9px;\" title=\"Vallas-1990\" src=\"http:\/\/www.diarioimagen.net\/wp-content\/uploads\/2012\/11\/Vallas-1990-240x135.jpg\" alt=\"\" width=\"240\" height=\"135\" \/><\/a>MURILLO ORDENA QUITAR VALLAS<\/strong> luego de una ola de reclamos y cr\u00edticas al Estado Mayor Presidencial por haber cercado con vallas de metal y m\u00e1s de 3 metros de alto al Palacio Legislativo de San L\u00e1zaro, el presidente de la C\u00e1mara de Diputados, el hidalguense Jes\u00fas Murillo Karam, orden\u00f3 quitar parte de ellas.<\/p>\n<p>De igual forma pidi\u00f3 abrir calles al tr\u00e1nsito vehicular y liberar estaciones del Metro as\u00ed como restituir el servicio en l\u00edneas del Metrob\u00fas que hab\u00edan sido cerradas.<\/p>\n<p>Neg\u00f3 que miembros del Estado Mayor hubieran sustituido a los agentes internos de seguridad de la C\u00e1mara y desech\u00f3 la posibilidad de que se fuese a impedir el ingreso de los trabajadores de San L\u00e1zaro.<\/p>\n<p>\u201cNo hay en la C\u00e1mara m\u00e1s perros que no sean los del equipo de seguridad de la \u00a0C\u00e1mara (de Diputados) que vigilan que no haya explosivos y que no haya ninguna cuesti\u00f3n que pudiera poner el riesgo su seguridad\u201d, indic\u00f3.<\/p>\n<p>Durante la ma\u00f1ana, luego de una protesta de algunos diputados del PRD encabezados por su coordinador el michoacano Silvano Aureoles, varios de ellos tiraron algunas vallas.<\/p>\n<p>Sin embargo, decenas, quiz\u00e1 cientos de ellas que circundan al Palacio Legislativo siguen ah\u00ed resguardadas por personal del Estado Mayor Presidencial junto con un cord\u00f3n de vigilancia y retenes que impiden el paso a quienes no presentan alguna acreditaci\u00f3n de la C\u00e1mara de Diputados.<\/p>\n<p align=\"center\"><strong>SOSTIENEN REUNI\u00d3N PE\u00d1A NIETO-OBAMA<\/strong><\/p>\n<p>\u00a0El primer encuentro entre Barak Obama y Enrique Pe\u00f1a Nieto super\u00f3 las expectativas y el presidente norteamericano sorprendi\u00f3 al mostrar que conoce a fondo los proyectos de gobierno del a\u00fan Presidente electo de M\u00e9xico, y al subrayar todo su apoyo al mexiquense.<\/p>\n<p>\u201cS\u00e9 que (Enrique) Pe\u00f1a Nieto tiene una ambiciosa agenda de reformas y estamos hablando de c\u00f3mo fortalecer las relaciones econ\u00f3micas\u2026<\/p>\n<p>\u201cLograr\u00e9 una relaci\u00f3n firme con \u00e9l\u2026 s\u00e9 que es una persona que le gusta lograr cosas\u201d, subray\u00f3 Obama.<\/p>\n<p>Dentro de este contexto el recientemente reelecto Presidente de los Estados Unidos indic\u00f3 que hoy M\u00e9xico no s\u00f3lo es un socio bilateral para su gobierno, sino un l\u00edder global.<\/p>\n<p>En su encuentro personal, como entre delegaciones, Obama y Pe\u00f1a Nieto abordaron los temas de Seguridad y Narcotr\u00e1fico, Empleo, Fronteras Seguras y Reforma Migratoria, Energ\u00eda y Cambio Clim\u00e1tico as\u00ed como los referentes a la regi\u00f3n y la relaci\u00f3n puramente binacional como el de la necesidad de garantizar Fronteras Seguras.<\/p>\n<p>Durante su encuentro Pe\u00f1a Nieto invit\u00f3 al Presidente Obama a realizar una visita de Estado a M\u00e9xico.<\/p>\n<p>Previamente el mandatario mexicano se reuni\u00f3 con la lideresa de la minor\u00eda dem\u00f3crata en la C\u00e1mara de Representantes, Nancy Pelosi quien indic\u00f3 que durante este encuentro \u201ccompartimos por igual un reto importante en la generaci\u00f3n de empleos, de trabajar conjuntamente para fortalecer las fronteras en cuanto al combate al crimen organizado y el narcotr\u00e1fico, y para alcanzar una reforma migratoria \u00edntegra y global\u201d.<\/p>\n<p>El Presidente electo inici\u00f3 su visita a Washington con un encuentro privado con Janet Napolitano, secretaria de Seguridad Interior.<\/p>\n<p>Pe\u00f1a Nieto estuvo acompa\u00f1ado por Luis Videgaray, Miguel \u00c1ngel Osorio Chong, Emilio Lozoya Austin e Ildefonso Guajardo Villarreal.<\/p>\n<p>Durante la tarde-noche se traslad\u00f3 a Otawa, Canad\u00e1.<\/p>\n<p align=\"center\">\u00a0<strong>SEGUNDA VUELTA<\/strong><\/p>\n<p>Fuera ya de cualquier posibilidad real de impulsarla, a 3 d\u00edas de que deje formalmente el poder, <strong>Felipe Calder\u00f3n<\/strong> le present\u00f3 ayer al Congreso una iniciativa de reforma electoral cuyo objetivo es el de establecer la segunda vuelta electoral en la elecci\u00f3n de Presidente de la Rep\u00fablica.<\/p>\n<p>Esta iniciativa propone que, cuando ninguno de los candidatos contendientes por la Presidencia de la Rep\u00fablica hubiese obtenido m\u00e1s del cincuenta por ciento del total de los sufragios, se realice una segunda votaci\u00f3n.<\/p>\n<p>En esta s\u00f3lo participar\u00edan los 2 candidatos que hubieran alcanzado las votaciones m\u00e1s altas en la primera ronda.<\/p>\n<p>A su vez la iniciativa prev\u00e9 que esta segunda ronda coincida con las elecciones a diputados y senadores.<\/p>\n<p>Al informar lo anterior, la Presidencia de la Rep\u00fablica se\u00f1al\u00f3 que la primera ronda de votaci\u00f3n se realizar\u00eda el primer domingo de julio del a\u00f1o de la elecci\u00f3n Presidencial, en tanto la de diputados y senadores se realizar\u00eda el segundo domingo de agosto, junto con la segunda vuelta de la elecci\u00f3n presidencial.<\/p>\n<p>Eso permitir\u00e1, afirma Calder\u00f3n, que los electores pudieran articular su voto estableciendo la relaci\u00f3n entre ambos poderes promoviendo un efecto de atemperaci\u00f3n al car\u00e1cter proporcional de integraci\u00f3n del Congreso de la Uni\u00f3n.<\/p>\n<p>Junto con todo lo anterior, Calder\u00f3n sugiere que la instalaci\u00f3n de la legislatura se fije para el 1 de octubre del a\u00f1o correspondiente, lo que obligar\u00eda a ajustar la presentaci\u00f3n del paquete econ\u00f3mico.<\/p>\n<p align=\"center\"><strong>\u00a0HACIA EL ACUERDO NACIONAL<\/strong><\/p>\n<p>El presidente del PRI, Pedro Joaqu\u00edn Coldwell, inform\u00f3 ayer a sus diputados y senadores que \u00e9l y los dirigentes del PAN, Gustavo Madero y del PRD, Jes\u00fas Zambrano, llegaron a un primer acuerdo para discutir 5 posibles reformas estructurales.<\/p>\n<p>El pacto que contiene una aut\u00e9ntica reforma de Estado, dijo, oper\u00f3 sobre tres grandes objetivos:<\/p>\n<p>El primero, ser\u00eda el de alcanzar el <strong>fortalecimiento del Estado mexicano<\/strong>; el segundo, la <strong>democratizaci\u00f3n de la econom\u00eda, la pol\u00edtica y los derechos sociales<\/strong>, y el tercero: <strong>la participaci\u00f3n ciudadana<\/strong> como actor fundamental en el dise\u00f1o, la ejecuci\u00f3n y evaluaci\u00f3n de las pol\u00edticas p\u00fablicas.<\/p>\n<p>Las reformas que se impulsar\u00edan bajo estos objetivos ser\u00edan: la de seguridad social universal; para el crecimiento econ\u00f3mico, el empleo y la competitividad a trav\u00e9s de una reforma hacendaria eficiente y equitativa; la modernizaci\u00f3n del sector energ\u00e9tico para convertir a Pemex y CFE en palancas m\u00e1s eficaces del desarrollo; la de seguridad y la justicia; la de transparencia, rendici\u00f3n de cuentas y combate a la corrupci\u00f3n -que en este momento ya est\u00e1n tramit\u00e1ndose en el Congreso- y quinta: la de gobernabilidad democr\u00e1tica, donde entrar\u00edan las reformas de corte pol\u00edtico y electoral.<\/p>\n<p>En este punto, Pedro Joaqu\u00edn Coldwell asegur\u00f3 que las puertas para sumarse a este gran acuerdo nacional est\u00e1n abiertas al resto de los partidos y a todas las fuerzas pol\u00edticas o personajes y que por ello incluso podr\u00eda incluirse en este pacto a Andr\u00e9s Manuel L\u00f3pez Obrador.<\/p>\n<p>\u201cBienvenido el licenciado L\u00f3pez Obrador\u2026 pero no podemos obligar a nadie a sentarse a dialogar. La mesa est\u00e1 abierta, es bienvenido el licenciado L\u00f3pez Obrador si tiene propuestas para mejorar al pa\u00eds\u201d, indic\u00f3.<\/p>\n<p align=\"center\">\u00a0<strong>INCONFORMES<\/strong><\/p>\n<p>Sorprendidos por el anuncio de este acuerdo inicial hacia un pacto nacional de reformas estructurales, las corrientes lopezobradoristas dentro de su partido, fustigaron y se inconformaron con su dirigente formal, el presidente del PRD Jes\u00fas Zambrano.<\/p>\n<p>Ren\u00e9 Bejarano, fundador y l\u00edder permanente de Izquierda Democr\u00e1tica, la segunda fuerza dentro del sol azteca, dijo no haber sido enterado de las negociaciones que Zambrano ten\u00eda con Coldwell y Madero.<\/p>\n<p>En un encuentro informativo convocado por el propio Zambrano, los dirigentes de las diversas tribus le reclamaron \u00e1speramente su participaci\u00f3n en esas negociaciones.<\/p>\n<p>El reclamo subi\u00f3 de tono al ser enterados que minutos antes se hab\u00eda liberado un comunicado en que se daba a conocer oficialmente de las negociaciones con el PRI y el PAN.<\/p>\n<p><em><a href=\"mailto:rvizcaino@gmail.com\" target=\"_blank\">rvizcaino@gmail.com<\/a><\/em><\/p>\n","protected":false},"excerpt":{"rendered":"<p><span style=\"color: #005497;\"><strong>Roberto Vizca\u00edno<\/strong><\/span><br \/>\n<br \/>\nJes\u00fas Murillo Karam ordena quitar vallas luego de una ola de reclamos y cr\u00edticas al Estado Mayor Presidencial por haber cercado con vallas de metal y m\u00e1s de 3 metros de alto al Palacio Legislativo de San L\u00e1zaro, el presidente de la C\u00e1mara de Diputados, el hidalguense Jes\u00fas Murillo Karam, orden\u00f3 quitar parte de ellas.<\/p>\n","protected":false},"author":3,"featured_media":0,"comment_status":"open","ping_status":"open","sticky":false,"template":"","format":"standard","meta":{"_monsterinsights_skip_tracking":false,"_monsterinsights_sitenote_active":false,"_monsterinsights_sitenote_note":"","_monsterinsights_sitenote_category":0,"footnotes":""},"categories":[17,3],"tags":[1754,18,5428,43673,43674,93,94],"class_list":["post-112733","post","type-post","status-publish","format-standard","hentry","category-especiales","category-nacional","tag-barack-obama","tag-enrique-pena-nieto","tag-jesus-murillo-karam","tag-nacional","tag-opinion","tag-roberto-vizcaino","tag-tras-la-puerta-del-poder"],"_links":{"self":[{"href":"https:\/\/www.diarioimagen.net\/index.php?rest_route=\/wp\/v2\/posts\/112733","targetHints":{"allow":["GET"]}}],"collection":[{"href":"https:\/\/www.diarioimagen.net\/index.php?rest_route=\/wp\/v2\/posts"}],"about":[{"href":"https:\/\/www.diarioimagen.net\/index.php?rest_route=\/wp\/v2\/types\/post"}],"author":[{"embeddable":true,"href":"https:\/\/www.diarioimagen.net\/index.php?rest_route=\/wp\/v2\/users\/3"}],"replies":[{"embeddable":true,"href":"https:\/\/www.diarioimagen.net\/index.php?rest_route=%2Fwp%2Fv2%2Fcomments&post=112733"}],"version-history":[{"count":0,"href":"https:\/\/www.diarioimagen.net\/index.php?rest_route=\/wp\/v2\/posts\/112733\/revisions"}],"wp:attachment":[{"href":"https:\/\/www.diarioimagen.net\/index.php?rest_route=%2Fwp%2Fv2%2Fmedia&parent=112733"}],"wp:term":[{"taxonomy":"category","embeddable":true,"href":"https:\/\/www.diarioimagen.net\/index.php?rest_route=%2Fwp%2Fv2%2Fcategories&post=112733"},{"taxonomy":"post_tag","embeddable":true,"href":"https:\/\/www.diarioimagen.net\/index.php?rest_route=%2Fwp%2Fv2%2Ftags&post=112733"}],"curies":[{"name":"wp","href":"https:\/\/api.w.org\/{rel}","templated":true}]}}