{"id":112780,"date":"2012-11-28T00:02:12","date_gmt":"2012-11-28T06:02:12","guid":{"rendered":"http:\/\/www.diarioimagen.net\/?p=112780"},"modified":"2012-11-29T02:54:06","modified_gmt":"2012-11-29T08:54:06","slug":"tsjdf-otorga-la-medalla-al-merito-judicial-2012","status":"publish","type":"post","link":"https:\/\/www.diarioimagen.net\/?p=112780","title":{"rendered":"TSJDF otorga la Medalla al M\u00e9rito Judicial 2012"},"content":{"rendered":"<ul>\n<li><strong><em>Se distingui\u00f3 con el reconocimiento al magistrado Guillermo Arroyo de Anda Carranza; a la jueza de primera instancia Margarita Bastida Negrete, y al juez de paz Roberto Mart\u00ednez Gonz\u00e1lez<\/em><\/strong><\/li>\n<\/ul>\n<h6>Gloria Carpio<\/h6>\n<div id=\"attachment_112833\" style=\"width: 250px\" class=\"wp-caption alignleft\"><a class=\"highslide\" onclick=\"return vz.expand(this)\" href=\"http:\/\/www.diarioimagen.net\/wp-content\/uploads\/2012\/11\/tribunal-1990.jpg\"><img loading=\"lazy\" decoding=\"async\" aria-describedby=\"caption-attachment-112833\" class=\"size-medium wp-image-112833\" title=\"tribunal-1990\" src=\"http:\/\/www.diarioimagen.net\/wp-content\/uploads\/2012\/11\/tribunal-1990-240x135.jpg\" alt=\"\" width=\"240\" height=\"135\" \/><\/a><p id=\"caption-attachment-112833\" class=\"wp-caption-text\">El procurador general de Justicia del DF, Jes\u00fas Rodr\u00edguez Almeida, y el presidente del TSJDF, Edgar El\u00edas Azar, felicitaron al magistrado Guillermo Arroyo de Anda Carranza; a la jueza de primera instancia Margarita Bastida Negrete, y al juez de paz Roberto Mart\u00ednez Gonz\u00e1lez.<\/p><\/div>\n<p>\u201cS\u00ed, somos solidarios con todos nuestros juzgadores; nada ni nadie podr\u00e1 lesionar la dignidad judicial, en consideraci\u00f3n err\u00f3nea de que somos fr\u00e1giles o vulnerables\u201d, expres\u00f3 el presidente del Tribunal Superior de Justicia del Distrito Federal (TSJDF) durante la ceremonia en la que se galardon\u00f3 al magistrado Guillermo Arroyo de Anda Carranza, adscrito a la Tercera Sala Penal; a la jueza Margarita Bastida Negrete, titular del Juzgado D\u00e9cimo Octavo Penal, y al juez Roberto Mart\u00ednez Gonz\u00e1lez, titular del Juzgado Tercero de Paz Civil, con la <em>Medalla al M\u00e9rito Judicial<\/em>, uno de los m\u00e1ximos reconocimientos que puede recibir quienes han dedicado su vida al Poder Judicial.<\/p>\n<p>Cabe resaltar que para poder ser otorgada la <em>Medalla al M\u00e9rito Judicial, <\/em>primero se analiz\u00f3 la trayectoria de cada uno de los galardonados y la comisi\u00f3n encargada de analizar las propuestas de candidatos a recibir el referido galard\u00f3n estuvo integrada por los consejeros de la Judicatura del Distrito Federal Sandra Luz D\u00edaz Ortiz y H\u00e9ctor Samuel Casillas Macedo; la visitadora general del Consejo de la Judicatura, Teresita de Jes\u00fas Montes Garza, y la directora general del Instituto de Estudios Judiciales, Angela Quiroga Quiroga.<\/p>\n<p>Al hablar del reconocimiento, el doctor Edgar El\u00edas Azar indic\u00f3 que con \u00e9ste no se premia el mero cumplimiento del deber, sino la excelsitud, el fondo y la forma, llevados hasta su m\u00e1xima expresi\u00f3n en todos los detalles de la delicada funci\u00f3n de impartir justicia<\/p>\n<p>En la ceremonia realizada en la Sala de Presidentes <em>Mar\u00eda Lavalle Urbina<\/em>, donde estuvo presente el procurador general de Justicia del Distrito Federal, Jes\u00fas Rodr\u00edguez Almeida, el magistrado El\u00edas Azar resalt\u00f3 que \u201cNada ni nadie puede lesionar la dignidad judicial; cada vez que alguien se atreva a intentar una acci\u00f3n ofensiva en contra de un juzgador, recibir\u00e1 como respuesta puntual la aplicaci\u00f3n de la ley\u201d.<\/p>\n<p>Asimismo exalt\u00f3 el trabajo del personal jurisdiccional, y coment\u00f3 que hoy, cuando la fechor\u00eda, la inseguridad y la impunidad parecen enemigos imbatibles, la estructura judicial surge como opci\u00f3n \u00fanica y viable para contener a la delincuencia de cualquier g\u00e9nero, en el marco de la ley.<\/p>\n<p>El\u00edas Azar record\u00f3 que en los \u00faltimos meses el empe\u00f1o en el Poder Judicial capitalino ha sido resaltar, rescatar cuando es preciso, impulsar y fortalecer la presencia de la funci\u00f3n judicial y de cada impartidor de justicia en la vida de la ciudad.<\/p>\n<p>Habl\u00f3 del trabajo del juzgador, y agreg\u00f3 que \u00e9ste debe saber conectar la \u00e9tica de la funci\u00f3n judicial con su desempe\u00f1o, adem\u00e1s de que debe estar consciente de que no debe abusar de su cargo para favorecer intereses, y basar su conducta en los cimientos de la imparcialidad, honestidad, pulcritud, objetividad y profesionalismo.<\/p>\n<p>Por su parte, el procurador general de Justicia del Distrito Federal, Jes\u00fas Rodr\u00edguez Almeida, afirm\u00f3 que la <em>Medalla al M\u00e9rito Judicial<\/em> honra el profesionalismo y alto sentido de responsabilidad de los juzgadores y destac\u00f3 que la transformaci\u00f3n del sistema jur\u00eddico exige un mayor compromiso con la transparencia, la aplicaci\u00f3n de la ley y la rendici\u00f3n de cuentas a los ciudadanos que viven los efectos de las decisiones judiciales.<\/p>\n<p align=\"center\"><strong>TRAYECTORIA DE LOS GALARDONADOS<\/strong><\/p>\n<p><strong>*** Magistrado Guillermo Arroyo de Anda Carranza<\/strong>, adscrito a la Tercera Sala Penal ingresa al TSJDF en 1976, como secretario de acuerdos del Juzgado Vig\u00e9simo Segundo Penal. En 1981 asume el cargo de juez, y ese mismo a\u00f1o es designado magistrado. Egresado de la Universidad Nacional Aut\u00f3noma de M\u00e9xico (UNAM), Arroyo de Anda Carranza es catedr\u00e1tico y cuenta con un master internacional en derecho penal.<\/p>\n<p><strong>*** Jueza Margarita Bastida Negrete<\/strong> tiene una trayectoria en el TSJDF desde 1980, a\u00f1o en el que ingresa como secretaria C interina en el Juzgado D\u00e9cimo y D\u00e9cimo Cuarto Mixto de Paz. Tambi\u00e9n egresada de la UNAM, y tiene un master internacional en sistemas penales comparados y problemas sociales. Desde 2002 ocupa su cargo actual.<\/p>\n<p><strong>*** Juez Roberto Mart\u00ednez Mart\u00ednez Gonz\u00e1lez<\/strong> se inicia en el TSJDF como comisario interino del Juzgado Quinto Civil, en 1980. Licenciado en derecho por la UNAM, cursa un master internacional en derecho penal, y se desempe\u00f1a como Juez de Paz Civil desde 1999.<\/p>\n<p align=\"center\"><strong>MI MEDALLA VA DEDICADA A MI FAMILIA Y A LA FAMILIA JUDICIAL: ROBERTO MART\u00cdNEZ GONZ\u00c1LEZ<\/strong><\/p>\n<p>Hoy, con todo honor y merecimiento, el Juez Tercero de Paz Civil del TSJDF, Roberto Mart\u00ednez Gonz\u00e1lez, porta la <em>Medalla al<\/em> <em>M\u00e9rito Judicial 2012<\/em>. Mart\u00ednez Gonz\u00e1lez, con 32 a\u00f1os de trayectoria judicial, ha llevado a cabo mecanismos para que la impartici\u00f3n de justicia brille dentro y fuera. Su primer mandato como juzgador fue llevar fiel y cabalmente la protesta que tom\u00f3, pues implica cuidar y enaltecer la Constituci\u00f3n Pol\u00edtica.<\/p>\n<p>A pesar de que\u00a0 Roberto Mart\u00ednez\u00a0 ha entregado su vida a las funciones que ha desempe\u00f1ado dentro del TSJDF, desde que ingres\u00f3 a la instituci\u00f3n sab\u00eda que quer\u00eda ser juez pero a la hora de conocer al ser humano, descubri\u00f3 que el mismo compromiso que tiene con su vocaci\u00f3n, lo tiene con su familia.<\/p>\n<p>Padre de dos varones, hijo, hermano, t\u00edo y amigo, sabe lo dif\u00edcil que es fraccionar y distribuir su vida, la entrega en sus horarios para la vida profesional deja en claro, que para ser juez se lucha y se defiende en el \u00f3rgano institucional no se presume para hacerlo presuntuoso, se hace brillar donde uno lo ejerce.<\/p>\n<p><strong><em>\u00a0\u00bfA qui\u00e9n le brinda esta medalla?<\/em><\/strong><\/p>\n<p>\u201cPrincipalmente a mi familia y a la familia judicial. El m\u00e9rito es una constante permanente para que todos nos podamos unir y dar una mayor transparencia, un mejor profesionalismo y una mejor entrega en beneficio de la sociedad\u201d<\/p>\n<p><strong><em>\u00bfQu\u00e9 significa para usted obtener este reconocimiento?<\/em><\/strong><\/p>\n<p>\u201cLograr el reconocimiento de quienes interpretan y aplican el derecho, que es el Consejo de la Judicatura y el pleno de magistrados, hacen de esta medalla un compromiso de seguir sirviendo leal y patri\u00f3ticamente a esta sociedad; es el inicio del redoble de los esfuerzos en aras de poder contagiar a la gente, que el p\u00fablico vea que hay legitimidad, firmeza y certeza en las personas que adquieren estos nombramientos, y sobre todo, que sea un trampol\u00edn para las generaciones que vienen detr\u00e1s\u201d<\/p>\n<p><strong>\u00bfD\u00f3nde va a colocar esta preciada medalla?<\/strong><\/p>\n<p>\u201cPues valdr\u00eda la pena clonarla para tener una en casa de mi madre y otra en mi casa; pero pues yo pienso que hay que lucirla en el \u00e1rea laboral, que es donde la gente ve que est\u00e1 el compromiso de sus funcionarios, de sus servidores p\u00fablicos y que no s\u00f3lo brillan por la medalla, sino por los actos y por el bien juzgar\u201d, concluy\u00f3 Roberto Mart\u00ednez Gonz\u00e1lez.<\/p>\n","protected":false},"excerpt":{"rendered":"<p>\u201cS\u00ed, somos solidarios con todos nuestros juzgadores; nada ni nadie podr\u00e1 lesionar la dignidad judicial, en consideraci\u00f3n err\u00f3nea de que somos fr\u00e1giles o vulnerables\u201d, expres\u00f3 el presidente del Tribunal Superior de Justicia del Distrito Federal (TSJDF) durante la ceremonia en la que se galardon\u00f3 al magistrado Guillermo Arroyo de Anda Carranza, adscrito a la Tercera Sala Penal; a la jueza Margarita Bastida Negrete, titular del Juzgado D\u00e9cimo Octavo Penal, y al juez Roberto Mart\u00ednez Gonz\u00e1lez, titular del Juzgado Tercero de Paz Civil, con la <em>Medalla al M\u00e9rito Judicial<\/em>, uno de los m\u00e1ximos reconocimientos que puede recibir quienes han dedicado su vida al Poder Judicial.<\/p>\n","protected":false},"author":3,"featured_media":0,"comment_status":"open","ping_status":"open","sticky":false,"template":"","format":"standard","meta":{"_monsterinsights_skip_tracking":false,"_monsterinsights_sitenote_active":false,"_monsterinsights_sitenote_note":"","_monsterinsights_sitenote_category":0,"footnotes":""},"categories":[17,7],"tags":[1925,60,13372,2942,862],"class_list":["post-112780","post","type-post","status-publish","format-standard","hentry","category-especiales","category-seguridad","tag-edgar-elias-azar","tag-gloria-carpio","tag-medalla-al-merito-judicial","tag-tribunal-superior-de-justicia-del-distrito-federal","tag-tsjdf"],"_links":{"self":[{"href":"https:\/\/www.diarioimagen.net\/index.php?rest_route=\/wp\/v2\/posts\/112780","targetHints":{"allow":["GET"]}}],"collection":[{"href":"https:\/\/www.diarioimagen.net\/index.php?rest_route=\/wp\/v2\/posts"}],"about":[{"href":"https:\/\/www.diarioimagen.net\/index.php?rest_route=\/wp\/v2\/types\/post"}],"author":[{"embeddable":true,"href":"https:\/\/www.diarioimagen.net\/index.php?rest_route=\/wp\/v2\/users\/3"}],"replies":[{"embeddable":true,"href":"https:\/\/www.diarioimagen.net\/index.php?rest_route=%2Fwp%2Fv2%2Fcomments&post=112780"}],"version-history":[{"count":0,"href":"https:\/\/www.diarioimagen.net\/index.php?rest_route=\/wp\/v2\/posts\/112780\/revisions"}],"wp:attachment":[{"href":"https:\/\/www.diarioimagen.net\/index.php?rest_route=%2Fwp%2Fv2%2Fmedia&parent=112780"}],"wp:term":[{"taxonomy":"category","embeddable":true,"href":"https:\/\/www.diarioimagen.net\/index.php?rest_route=%2Fwp%2Fv2%2Fcategories&post=112780"},{"taxonomy":"post_tag","embeddable":true,"href":"https:\/\/www.diarioimagen.net\/index.php?rest_route=%2Fwp%2Fv2%2Ftags&post=112780"}],"curies":[{"name":"wp","href":"https:\/\/api.w.org\/{rel}","templated":true}]}}