{"id":112810,"date":"2012-11-28T00:07:19","date_gmt":"2012-11-28T06:07:19","guid":{"rendered":"http:\/\/www.diarioimagen.net\/?p=112810"},"modified":"2012-11-28T03:28:13","modified_gmt":"2012-11-28T09:28:13","slug":"cordova-villalobos-presume-avances-en-la-educacion","status":"publish","type":"post","link":"https:\/\/www.diarioimagen.net\/?p=112810","title":{"rendered":"C\u00f3rdova Villalobos presume avances en la educaci\u00f3n"},"content":{"rendered":"<ul>\n<li><strong><em>El titular de la SEP afirma que en esta administraci\u00f3n ya se tiene cobertura universal en primaria y secundaria y se avanza en los siguientes niveles<\/em><\/strong><\/li>\n<\/ul>\n<div id=\"attachment_112850\" style=\"width: 250px\" class=\"wp-caption alignleft\"><a class=\"highslide\" onclick=\"return vz.expand(this)\" href=\"http:\/\/www.diarioimagen.net\/wp-content\/uploads\/2012\/11\/cordova-1990.jpg\"><img loading=\"lazy\" decoding=\"async\" aria-describedby=\"caption-attachment-112850\" class=\"size-medium wp-image-112850\" title=\"cordova-1990\" src=\"http:\/\/www.diarioimagen.net\/wp-content\/uploads\/2012\/11\/cordova-1990-240x135.jpg\" alt=\"\" width=\"240\" height=\"135\" \/><\/a><p id=\"caption-attachment-112850\" class=\"wp-caption-text\">El secretario de Educaci\u00f3n, Jos\u00e9 \u00c1ngel C\u00f3rdova Villalobos, entreg\u00f3 becas a los alumnos de excelencia de nivel superior.<\/p><\/div>\n<p>El secretario de Educaci\u00f3n P\u00fablica, Jos\u00e9 \u00c1ngel C\u00f3rdova Villalobos, enfatiz\u00f3 que impulsar la educaci\u00f3n ha sido fundamental durante la administraci\u00f3n de Felipe Calder\u00f3n, para lo cual se ha \u201cmetido el acelerador\u201d desde el nivel b\u00e1sico.<\/p>\n<p>En consecuencia, dijo, \u201choy tenemos cobertura universal en el nivel primaria, pr\u00e1cticamente tambi\u00e9n en secundaria, y hemos avanzado 12 puntos para llegar a 71 por ciento en preparatoria y un poquito m\u00e1s de 10 puntos para llegar a 35 por ciento en educaci\u00f3n superior\u201d.<\/p>\n<p>Durante la ceremonia de Entrega de Becas a Alumnos de Excelencia de instituciones de Educaci\u00f3n Superior, el funcionario subray\u00f3 que lograr ese resultado ha requerido una gran esfuerzo e inversi\u00f3n.<\/p>\n<p>Puso como ejemplo las 140 nuevas universidades p\u00fablicas que dan servicio en todo el pa\u00eds y los 96 campus universitarios estatales que se han extendido a otros espacios en el mismo estado.<\/p>\n<p>En igual caso est\u00e1n 400 universidades que se ampliaron o equiparon con equipos de c\u00f3mputo o de laboratorio, lo que requiri\u00f3 un poco m\u00e1s de esfuerzo para que la matr\u00edcula en educaci\u00f3n superior en los \u00faltimos seis a\u00f1os aumente en un mill\u00f3n de alumnos, con lo que pr\u00e1cticamente suman tres y medio millones los que van a la universidad.<\/p>\n<p>C\u00f3rdova Villalobos plante\u00f3 que pese a los avances en educaci\u00f3n en el sexenio que est\u00e1 por terminar, se debe seguir creciendo y hacer un gran esfuerzo.<\/p>\n<p>Es as\u00ed, explic\u00f3, \u201cporque de esos 3.5 millones de j\u00f3venes dos terceras partes van a universidades publicas en las que no tienen pago de colegiatura, pero donde han gastos que compensar y en ese sentido las becas son muy importantes\u201d.<\/p>\n<p>Por otra parte, consider\u00f3 que quien lo sustituya en el cargo no s\u00f3lo debe ser una persona que tenga experiencia y conocimiento del \u00e1rea educativa sino tambi\u00e9n habilidades pol\u00edticas.<\/p>\n<p>Lo anterior, en respuesta a la opini\u00f3n de la coordinadora de la bancada del Partido Nueva Alianza en la C\u00e1mara de Diputados, Lucila Garfias, de que el nuevo titular de la SEP debe ser un maestro, como ha insistido el sindicato magisterial desde hace muchos a\u00f1os.<\/p>\n","protected":false},"excerpt":{"rendered":"<p>El secretario de Educaci\u00f3n P\u00fablica, Jos\u00e9 \u00c1ngel C\u00f3rdova Villalobos, enfatiz\u00f3 que impulsar la educaci\u00f3n ha sido fundamental durante la administraci\u00f3n de Felipe Calder\u00f3n, para lo cual se ha \u201cmetido el acelerador\u201d desde el nivel b\u00e1sico.<\/p>\n","protected":false},"author":3,"featured_media":0,"comment_status":"open","ping_status":"open","sticky":false,"template":"","format":"standard","meta":{"_monsterinsights_skip_tracking":false,"_monsterinsights_sitenote_active":false,"_monsterinsights_sitenote_note":"","_monsterinsights_sitenote_category":0,"footnotes":""},"categories":[3],"tags":[11642,430,43673,1058],"class_list":["post-112810","post","type-post","status-publish","format-standard","hentry","category-nacional","tag-becas","tag-jose-angel-cordova-villalobos","tag-nacional","tag-secretaria-de-educacion-publica"],"_links":{"self":[{"href":"https:\/\/www.diarioimagen.net\/index.php?rest_route=\/wp\/v2\/posts\/112810","targetHints":{"allow":["GET"]}}],"collection":[{"href":"https:\/\/www.diarioimagen.net\/index.php?rest_route=\/wp\/v2\/posts"}],"about":[{"href":"https:\/\/www.diarioimagen.net\/index.php?rest_route=\/wp\/v2\/types\/post"}],"author":[{"embeddable":true,"href":"https:\/\/www.diarioimagen.net\/index.php?rest_route=\/wp\/v2\/users\/3"}],"replies":[{"embeddable":true,"href":"https:\/\/www.diarioimagen.net\/index.php?rest_route=%2Fwp%2Fv2%2Fcomments&post=112810"}],"version-history":[{"count":0,"href":"https:\/\/www.diarioimagen.net\/index.php?rest_route=\/wp\/v2\/posts\/112810\/revisions"}],"wp:attachment":[{"href":"https:\/\/www.diarioimagen.net\/index.php?rest_route=%2Fwp%2Fv2%2Fmedia&parent=112810"}],"wp:term":[{"taxonomy":"category","embeddable":true,"href":"https:\/\/www.diarioimagen.net\/index.php?rest_route=%2Fwp%2Fv2%2Fcategories&post=112810"},{"taxonomy":"post_tag","embeddable":true,"href":"https:\/\/www.diarioimagen.net\/index.php?rest_route=%2Fwp%2Fv2%2Ftags&post=112810"}],"curies":[{"name":"wp","href":"https:\/\/api.w.org\/{rel}","templated":true}]}}