{"id":112966,"date":"2012-11-29T00:08:30","date_gmt":"2012-11-29T06:08:30","guid":{"rendered":"http:\/\/www.diarioimagen.net\/?p=112966"},"modified":"2012-11-29T03:05:35","modified_gmt":"2012-11-29T09:05:35","slug":"en-huixquilucan-entregan-400-canastas-hortofruticolas","status":"publish","type":"post","link":"https:\/\/www.diarioimagen.net\/?p=112966","title":{"rendered":"En Huixquilucan entregan 400 canastas hortofrut\u00edcolas"},"content":{"rendered":"<ul>\n<li><strong><em>Programa \u201cNutrici\u00f3n en Grande\u201d<\/em><\/strong><\/li>\n<\/ul>\n<div id=\"attachment_113016\" style=\"width: 250px\" class=\"wp-caption alignleft\"><a class=\"highslide\" onclick=\"return vz.expand(this)\" href=\"http:\/\/www.diarioimagen.net\/wp-content\/uploads\/2012\/11\/HUIXQUILUCAN-1991.jpg\"><img loading=\"lazy\" decoding=\"async\" aria-describedby=\"caption-attachment-113016\" class=\"size-medium wp-image-113016\" title=\"HUIXQUILUCAN-1991\" src=\"http:\/\/www.diarioimagen.net\/wp-content\/uploads\/2012\/11\/HUIXQUILUCAN-1991-240x135.jpg\" alt=\"\" width=\"240\" height=\"135\" \/><\/a><p id=\"caption-attachment-113016\" class=\"wp-caption-text\">El subsecretario de Desarrollo Regional, Manuel Gonz\u00e1lez Espinoza, entrega uno de los paquetes con frutas y verduras.<\/p><\/div>\n<p><strong>Huixquilucan, Estado de M\u00e9xico<\/strong>.- El gobierno del Estado de M\u00e9xico, por medio de la Secretar\u00eda de Desarrollo Agropecuario entreg\u00f3 en este municipio 400 canastas hortofrut\u00edcolas para ayudar a la econom\u00eda de los beneficiados por el programa \u201cNutrici\u00f3n en Grande\u201d y complementar su alimentaci\u00f3n con frutas y verduras frescas y de calidad.<\/p>\n<p>Durante un evento realizado en la comunidad de San Mart\u00edn Huixquilucan, el subsecretario de Desarrollo Regional Zona Nororiente de la Secretaria de Desarrollo Social, Manuel Gonz\u00e1lez Espinoza y la representante del alcalde Alfredo del Mazo Maza, Natividad Silva Ontiveros, titular de Desarrollo Social municipal, coincidieron en afirmar que continuar\u00e1 el apoyo a las personas de escasos recursos con programas que fortalezcan la salud y la sana alimentaci\u00f3n de las familias.<\/p>\n<p>En este sentido, Manuel Gonz\u00e1lez se\u00f1al\u00f3 que los productos que contienen las canastas son cosechados por los mexiquenses, la calabaza, los chiles, las guayabas y las zanahorias se adquieren directamente a campesinos, sobre todo del sur del Estado de M\u00e9xico.<\/p>\n<p>Por ello, el gobernador Eruviel \u00c1vila Villegas reforz\u00f3 el programa, al tiempo de instruir a los servidores p\u00fablicos mexiquenses de mantener el compromiso de estar cerca de la gente de Huixquilucan y de toda la entidad.<\/p>\n","protected":false},"excerpt":{"rendered":"<p>El gobierno del Estado de M\u00e9xico, por medio de la Secretar\u00eda de Desarrollo Agropecuario entreg\u00f3 en este municipio 400 canastas hortofrut\u00edcolas para ayudar a la econom\u00eda de los beneficiados por el programa \u201cNutrici\u00f3n en Grande\u201d y complementar su alimentaci\u00f3n con frutas y verduras frescas y de calidad.<\/p>\n","protected":false},"author":3,"featured_media":0,"comment_status":"open","ping_status":"open","sticky":false,"template":"","format":"standard","meta":{"_monsterinsights_skip_tracking":false,"_monsterinsights_sitenote_active":false,"_monsterinsights_sitenote_note":"","_monsterinsights_sitenote_category":0,"footnotes":""},"categories":[5],"tags":[43675,1097,4645],"class_list":["post-112966","post","type-post","status-publish","format-standard","hentry","category-estado-de-mexico","tag-estado-de-mexico","tag-huixquilucan","tag-secretaria-de-desarrollo-agropecuario"],"_links":{"self":[{"href":"https:\/\/www.diarioimagen.net\/index.php?rest_route=\/wp\/v2\/posts\/112966","targetHints":{"allow":["GET"]}}],"collection":[{"href":"https:\/\/www.diarioimagen.net\/index.php?rest_route=\/wp\/v2\/posts"}],"about":[{"href":"https:\/\/www.diarioimagen.net\/index.php?rest_route=\/wp\/v2\/types\/post"}],"author":[{"embeddable":true,"href":"https:\/\/www.diarioimagen.net\/index.php?rest_route=\/wp\/v2\/users\/3"}],"replies":[{"embeddable":true,"href":"https:\/\/www.diarioimagen.net\/index.php?rest_route=%2Fwp%2Fv2%2Fcomments&post=112966"}],"version-history":[{"count":0,"href":"https:\/\/www.diarioimagen.net\/index.php?rest_route=\/wp\/v2\/posts\/112966\/revisions"}],"wp:attachment":[{"href":"https:\/\/www.diarioimagen.net\/index.php?rest_route=%2Fwp%2Fv2%2Fmedia&parent=112966"}],"wp:term":[{"taxonomy":"category","embeddable":true,"href":"https:\/\/www.diarioimagen.net\/index.php?rest_route=%2Fwp%2Fv2%2Fcategories&post=112966"},{"taxonomy":"post_tag","embeddable":true,"href":"https:\/\/www.diarioimagen.net\/index.php?rest_route=%2Fwp%2Fv2%2Ftags&post=112966"}],"curies":[{"name":"wp","href":"https:\/\/api.w.org\/{rel}","templated":true}]}}