{"id":113136,"date":"2012-11-30T00:07:21","date_gmt":"2012-11-30T06:07:21","guid":{"rendered":"http:\/\/www.diarioimagen.net\/?p=113136"},"modified":"2012-11-30T04:05:50","modified_gmt":"2012-11-30T10:05:50","slug":"informales-58-de-los-empleos-creados-este-sexenio-expertos","status":"publish","type":"post","link":"https:\/\/www.diarioimagen.net\/?p=113136","title":{"rendered":"Informales, 58% de los empleos creados este sexenio: expertos"},"content":{"rendered":"<ul>\n<li><strong><em>Precarios y con sueldos bajos<\/em><\/strong><\/li>\n<\/ul>\n<div id=\"attachment_113184\" style=\"width: 250px\" class=\"wp-caption alignleft\"><a class=\"highslide\" onclick=\"return vz.expand(this)\" href=\"http:\/\/www.diarioimagen.net\/wp-content\/uploads\/2012\/11\/informales-1992.jpg\"><img loading=\"lazy\" decoding=\"async\" aria-describedby=\"caption-attachment-113184\" class=\"size-medium wp-image-113184\" title=\"informales-1992\" src=\"http:\/\/www.diarioimagen.net\/wp-content\/uploads\/2012\/11\/informales-1992-240x135.jpg\" alt=\"\" width=\"240\" height=\"135\" \/><\/a><p id=\"caption-attachment-113184\" class=\"wp-caption-text\">La mayor\u00eda de los empleos generados durante el sexenio que termina fueron creados en la informalidad.<\/p><\/div>\n<p>Entre 2006 y 2012, 58 por ciento de los empleos en M\u00e9xico se generaron en la econom\u00eda informal, en condiciones precarias y con sueldos reducidos, inform\u00f3 el Centro de An\u00e1lisis Multidisciplinario de la Facultad de Econom\u00eda de la UNAM.<\/p>\n<p>Adem\u00e1s de la informalidad, dicho centro de la Universidad Nacional Aut\u00f3noma de M\u00e9xico (UNAM) indic\u00f3 que durante ese periodo el desempleo tambi\u00e9n fue otro de los elementos que caracterizaron al mercado laboral del pa\u00eds.<\/p>\n<p>En el tercer trimestre de 2012, la tasa de desempleo fue de 15.1 por ciento con una poblaci\u00f3n desocupada de 8 millones 671 mil personas con inter\u00e9s en trabajar, 2 millones 137 mil m\u00e1s respecto al cuarto trimestre de 2006, lo que represent\u00f3 un aumento de 32.7 por ciento.<\/p>\n<p>En tanto, la tasa del empleo informal fue de 54.5 por ciento, con 26 millones 574 mil ocupados en este sector, tres millones 411 mil m\u00e1s que a finales de 2006, lo que significa un crecimiento de 14.7 por ciento.<\/p>\n<p>Esas cifras son del estudio \u201cEl desempleo y el empleo en el sexenio de Felipe Calder\u00f3n. M\u00e9xico, 2006-2012\u201d, a cargo de Luis Lozano Arredondo, Fructuoso Mat\u00edas Garc\u00eda, Javier Lozano, Irma Otero y Jaime V\u00e1zquez.<\/p>\n<p>Los expertos subrayaron que ante el grave panorama econ\u00f3mico y bajas salariales, las familias mexicanas han encontrado en la econom\u00eda informal una posibilidad de mejorar sus ingresos, lo que convierte al sector en el de mayor peso en la generaci\u00f3n de puestos en el lapso referido.<\/p>\n<p>En el cuarto trimestre de 2006, la poblaci\u00f3n ocupada era de 42 millones 846 mil personas; mientras que en el tercer trimestre de 2012 ascendi\u00f3 a 48 millones 732 mil.<\/p>\n<p>En general, durante los \u00faltimos seis a\u00f1os el empleo creci\u00f3 13.7 por ciento, menos que el aumento del sector informal, y los estados del norte del pa\u00eds fueron los m\u00e1s afectados.<\/p>\n<p>En el reporte, los especialistas refieren que las cifras presentadas fueron construidas con base en la metodolog\u00eda avalada por la Organizaci\u00f3n Internacional del Trabajo (OIT), ante la necesidad de una medici\u00f3n real de desempleo y empleo informales, acorde a est\u00e1ndares internacionales.<\/p>\n","protected":false},"excerpt":{"rendered":"<p>Entre 2006 y 2012, 58 por ciento de los empleos en M\u00e9xico se generaron en la econom\u00eda informal, en condiciones precarias y con sueldos reducidos, inform\u00f3 el Centro de An\u00e1lisis Multidisciplinario de la Facultad de Econom\u00eda de la UNAM.<\/p>\n","protected":false},"author":3,"featured_media":0,"comment_status":"open","ping_status":"open","sticky":false,"template":"","format":"standard","meta":{"_monsterinsights_skip_tracking":false,"_monsterinsights_sitenote_active":false,"_monsterinsights_sitenote_note":"","_monsterinsights_sitenote_category":0,"footnotes":""},"categories":[3],"tags":[25484,43673,15519],"class_list":["post-113136","post","type-post","status-publish","format-standard","hentry","category-nacional","tag-ingresos","tag-nacional","tag-sexenio"],"_links":{"self":[{"href":"https:\/\/www.diarioimagen.net\/index.php?rest_route=\/wp\/v2\/posts\/113136","targetHints":{"allow":["GET"]}}],"collection":[{"href":"https:\/\/www.diarioimagen.net\/index.php?rest_route=\/wp\/v2\/posts"}],"about":[{"href":"https:\/\/www.diarioimagen.net\/index.php?rest_route=\/wp\/v2\/types\/post"}],"author":[{"embeddable":true,"href":"https:\/\/www.diarioimagen.net\/index.php?rest_route=\/wp\/v2\/users\/3"}],"replies":[{"embeddable":true,"href":"https:\/\/www.diarioimagen.net\/index.php?rest_route=%2Fwp%2Fv2%2Fcomments&post=113136"}],"version-history":[{"count":0,"href":"https:\/\/www.diarioimagen.net\/index.php?rest_route=\/wp\/v2\/posts\/113136\/revisions"}],"wp:attachment":[{"href":"https:\/\/www.diarioimagen.net\/index.php?rest_route=%2Fwp%2Fv2%2Fmedia&parent=113136"}],"wp:term":[{"taxonomy":"category","embeddable":true,"href":"https:\/\/www.diarioimagen.net\/index.php?rest_route=%2Fwp%2Fv2%2Fcategories&post=113136"},{"taxonomy":"post_tag","embeddable":true,"href":"https:\/\/www.diarioimagen.net\/index.php?rest_route=%2Fwp%2Fv2%2Ftags&post=113136"}],"curies":[{"name":"wp","href":"https:\/\/api.w.org\/{rel}","templated":true}]}}