{"id":113149,"date":"2012-11-30T00:01:26","date_gmt":"2012-11-30T06:01:26","guid":{"rendered":"http:\/\/www.diarioimagen.net\/?p=113149"},"modified":"2012-12-03T04:11:04","modified_gmt":"2012-12-03T10:11:04","slug":"el-festival-gastronomico-de-tailandia-en-la-chimenea-concluira-el-9-de-diciembre","status":"publish","type":"post","link":"https:\/\/www.diarioimagen.net\/?p=113149","title":{"rendered":"El Festival Gastron\u00f3mico de Tailandia, en La Chimenea, concluir\u00e1 el 9 de diciembre"},"content":{"rendered":"<h2>De cinco estrellas<\/h2>\n<h5>Victoria Gonz\u00e1lez Prado<\/h5>\n<p>&nbsp;<\/p>\n<ul>\n<li><em><strong>Yucat\u00e1n y el Festival de la Cultura Maya 2012, del 14 al 22 de diciembre<\/strong><\/em><\/li>\n<li><em><strong>Relanzan el vuelo del DF a Dallas-Fort Worth, con dos frecuencias diarias<\/strong><\/em><\/li>\n<li><em><strong>Entrega Fonatur L\u00edneas de Acci\u00f3n para el Desarrollo Tur\u00edstico de la Ruta de San Juan Diego<\/strong><\/em><\/li>\n<\/ul>\n<div id=\"attachment_113215\" style=\"width: 250px\" class=\"wp-caption alignleft\"><a class=\"highslide\" onclick=\"return vz.expand(this)\" href=\"http:\/\/www.diarioimagen.net\/wp-content\/uploads\/2012\/11\/turismo-1992.jpg\"><img loading=\"lazy\" decoding=\"async\" aria-describedby=\"caption-attachment-113215\" class=\"size-medium wp-image-113215\" title=\"turismo-1992\" src=\"http:\/\/www.diarioimagen.net\/wp-content\/uploads\/2012\/11\/turismo-1992-240x130.jpg\" alt=\"\" width=\"240\" height=\"130\" \/><\/a><p id=\"caption-attachment-113215\" class=\"wp-caption-text\">En la presentaci\u00f3n del Festival Gastron\u00f3mico de Tailandia.<\/p><\/div>\n<p>Desde ayer jueves inici\u00f3 el Festival Gastron\u00f3mico de Tailandia, que ofrecer\u00e1 a los comensales comidas y\u00a0 cenas de una amplia variedad de platillos preparados por el chef tailand\u00e9s <strong>Srichai Pangsri,<\/strong> quien junto con el chef ejecutivo del hotel <strong>Stephane Thomas,<\/strong> se encargar\u00e1n de elaborar los platillos que har\u00e1n las delicias de los comensales en el restaurante La Chimenea del hotel Presidente<strong> <\/strong>Intercontinental<strong>. <\/strong>No dejes de probar la exquisita y ex\u00f3tica cocina tailandesa. En la presentaci\u00f3n estuvieron <strong>Jinjuta Manotham<\/strong>, segunda secretaria de Protocolo, Informaci\u00f3n y Cultura y <strong>Paisit Boonparlit<\/strong>, subjefe de Misi\u00f3n y ministro consejero, ambos de la embajada de Tailandia en M\u00e9xico. El men\u00fa seleccionado estuvo\u00a0 compuesto por:<strong> <\/strong><em>Tung Thong<\/em><strong>:<\/strong> Bolitas de hoja de Wonton rellenas de camar\u00f3n y pollo;\u00a0 <em>Kathong Thong<\/em>: Canasta\u00a0 rellena de pollo y camar\u00f3n; <em>Gung Noav: <\/em>Rollo de camar\u00f3n con salsa agridulce;\u00a0 <em>Keang Kiev Van Kar:<\/em> Rollo al curry de bamb\u00fa con arroz;\u00a0 <em>Pu Ja:<\/em> Pulpa de jaiba con salsa de ciruela y, para endulzar el paladar, <em>Kuay Buad Chi, <\/em>pl\u00e1tanos con leche de coco. Aunque habr\u00e1 muchos otros platillos a elegir como diversas entradas, sopas, platos fuertes y cocteles emblem\u00e1ticos de la regi\u00f3n. As\u00ed, de lunes a s\u00e1bado a partir de las 13:00 horas con servicio a la carta y los domingos de 12:00 a 17:00 horas con su tradicional <em>brunch<\/em>, el Festival Tailand\u00e9s, que concluye el 9 de diciembre deleitar\u00e1 a los paladares m\u00e1s exigentes y ser\u00e1 amenizado por un grupo de m\u00fasica tradicional de ese pa\u00eds.<\/p>\n<p>\u2730\u2730\u2730\u2730\u2730\u00a0El Festival de la Cultura Maya 2012 se realizar\u00e1 del<strong> <\/strong>14 al 22 de diciembre, dijo <strong>Sa\u00fal Ancona Salazar<\/strong>, secretario de Turismo de Yucat\u00e1n, quien agreg\u00f3: \u201cHabr\u00e1 un nutrido programa tem\u00e1tico con presentaciones de libros y mesas redondas, conferencias, simposiums, festivales en parques y municipios con presencia en M\u00e9rida, Kanas\u00edn, Motul, Tekax y Progreso; exposiciones, ciclos de cine y un programa especial para los pueblos m\u00e1gicos de Valladolid e Izamal; conciertos, obras conmemorativas, rutas tur\u00edsticas culturales, de naturaleza y de experiencias \u00fanicas\u201d. Asimismo, el Instituto Nacional de Antropolog\u00eda e Historia (INAH), promover\u00e1 visitar los 22 sitos arqueol\u00f3gicos, as\u00ed como los\u00a0\u00a0 espect\u00e1culos de luz y sonido en: Uxmal e Izamal y en el Gran Museo del Mundo Maya de M\u00e9rida. \u201cEl Tiempo\u201d es el tema central del festival, porque en este 2012 se presenta una oportunidad para profundizar en la complejidad del pensamiento maya. De igual forma, el titular de Turismo indic\u00f3 \u201cque el 21 de diciembre del 2012 el sistema calend\u00e1rico maya conocido como cuenta larga retornar\u00e1 al cero, para reiniciar su ciclo de un mill\u00f3n 872 mil d\u00edas (5125.36 a\u00f1os), el inicio del Bakt\u00fan 13 es, entonces, un tiempo de regeneraci\u00f3n de las bondades y sabidur\u00eda del pueblo maya, nuevo ciclo de esperanzas y concordia que es necesario difundir a todas las personas de la tierra del Mayab y del mundo\u201d.<\/p>\n<p>\u2730\u2730\u2730\u2730\u2730\u00a0Con la intenci\u00f3n de relanzar el vuelo a la ciudad de Dallas, Aerom\u00e9xico ofreci\u00f3 una comida en la que <strong>Gonzalo Robles<\/strong>, subdirector de ventas a agencias y cuentas clave de la aerol\u00ednea, se refiri\u00f3 a la importancia del destino para los viajeros de negocios y de placer. \u201cDe esta forma cubriremos cuatro de las m\u00e1s importantes ciudades del estado de Texas con los vuelos a San Antonio y Houston, desde la ciudad de M\u00e9xico; Brownsville desde Monterrey y ahora, a Dallas-Fort Worth, desde la ciudad de M\u00e9xico\u201d. El vuelo tiene dos frecuencias diarias. Ideal para el viajero de negocios en la modalidad <em>\u201cVoyvuelvo\u201d<\/em> que permite ir y venir el mismo d\u00eda, y est\u00e1 en Gran Plan <em>Shopping, <\/em>que incluye pasaje de avi\u00f3n viaje redondo, hospedaje, maleta de regalo libre de cargo por exceso de equipaje en el vuelo de regreso a M\u00e9xico, cupones de descuento y kil\u00f3metros Premier. Agreg\u00f3 que los vuelos ser\u00e1n operadas en modernos y c\u00f3modos <em>Embraer<\/em> 190 para 99 pasajeros y la aerol\u00ednea saldr\u00e1 desde la Terminal D del Aeropuerto Internacional de Dallas Fort Worth, considerado el aeropuerto m\u00e1s grande de la Uni\u00f3n Americana, el cuarto m\u00e1s concurrido a nivel mundial con cerca de mil 750 vuelos por d\u00eda y uno de los m\u00e1s importantes en transportaci\u00f3n de pasajeros con 57 millones de personas movilizadas al a\u00f1o. Actualmente, la compa\u00f1\u00eda opera 600 vuelos por d\u00eda. En los primeros 10 meses de 2012 el corporativo transport\u00f3 a 12 millones de pasajeros a m\u00e1s de 70 destinos alrededor del mundo. \u201cEl regreso de la aerol\u00ednea a la ciudad texana se debe a que las condiciones del mercado son propicias y a que es una ciudad con un componente importante de viajeros de negocios y placer\u201d. <strong>Robles<\/strong> asegur\u00f3 que Aerom\u00e9xico contin\u00faa ampliando su red de rutas, tanto nacionales como internacionales, brindando cada vez m\u00e1s mayor conectividad. De igual forma, agradeci\u00f3 a <strong>Jorge Sales<\/strong>, representante de la Oficina de Turismo de Texas en M\u00e9xico el apoyo brindado para que tambi\u00e9n se dieran a conocer los atractivos que ofrece la ciudad tejana. Por supuesto, se refiri\u00f3 a las bondades del destino que cuenta con innumerables museos, restaurantes, actividades art\u00edsticas, deportivas y culturales as\u00ed como extraordinarios centro comerciales y, ahora desde principios de noviembre, la facilidad para llegar. Cabe se\u00f1alar que en Dallas y en condados al norte de Texas, existe una importante poblaci\u00f3n de mexicanos superior al mill\u00f3n de personas residentes, quienes mantienen una cercana relaci\u00f3n econ\u00f3mica y cultural con M\u00e9xico.<\/p>\n<p>\u2730\u2730\u2730\u2730\u2730\u00a0Con el fin de fortalecer el \u00a0segmento del turismo religioso en la ciudad de M\u00e9xico, <strong>Carlos Mackinlay<\/strong>, titular de Turismo en el DF, recibi\u00f3 por parte del Fondo Nacional de Fomento al Turismo (Fonatur) las L\u00edneas de Acci\u00f3n para el Desarrollo Tur\u00edstico de la Ruta de San Juan Diego. Durante una ceremonia celebrada en la sede de la Secretar\u00eda de Turismo federal, <strong>Luis Alfonso Lugo Platt<\/strong>, subsecretario de Operaci\u00f3n Tur\u00edstica de Turismo federal y <strong>Adalberto E. F\u00fcguenmann y L\u00f3pez<\/strong>, director de Servicios de Apoyo al Sector Tur\u00edstico de Fonatur,\u00a0 entregaron el estudio que incluye tres rutas de recorrido. La ruta est\u00e1 dirigida al turismo religioso en la ciudad de M\u00e9xico y forma parte de la estrategia de diversificaci\u00f3n de productos para incrementar la llegada de visitantes de este segmento. Anualmente el pa\u00eds recibe 30 millones de peregrinos, de los cuales 14 millones visitan la Bas\u00edlica de Guadalupe, cifra que se hace patente durante el mes de diciembre, que es el aniversario de la Virgen de Guadalupe. <strong>Mackinlay<\/strong> agradeci\u00f3 la entrega de estas l\u00edneas de acci\u00f3n y se\u00f1al\u00f3 que dentro de las tres rutas propuestas hay una totalmente viable y puede ser conocida de manera inmediata, por lo que sugiri\u00f3 que los touroperadores puedan conocerla y comiencen a trabajarla. Destac\u00f3 la forma en que se est\u00e1 construyendo una pol\u00edtica p\u00fablica en el segmento de turismo religioso. El plan, dise\u00f1ado por el Fonatur, permitir\u00e1 mostrar al mundo los sitios que recorri\u00f3 <strong>San<\/strong> <strong>Juan Diego<\/strong> en la zona del Estado de M\u00e9xico y el norte de la capital del pa\u00eds; que incluye lugares como la casa de <strong>Juan Diego<\/strong>, el Santuario del Cerrito, el Acueducto de Guadalupe, la Bas\u00edlica, santuario que es una visita obligada para cualquier turista que vista la ciudad de M\u00e9xico, y la Catedral Metropolitana. La zona de estudio para el trazo de la ruta incluye a los municipios de Cuautitl\u00e1n, Tultitl\u00e1n y Tlalnepantla en el Estado de M\u00e9xico y en el Distrito Federal a las delegaciones Cuauht\u00e9moc y Gustavo A. Madero. Los funcionarios federales explicaron que tiene el apoyo y participaci\u00f3n del Estado de M\u00e9xico para el proyecto la Ruta de San <strong>Juan Diego<\/strong>, el cual contempla tres recorridos, cada una dirigida a segmentos tur\u00edsticos espec\u00edficos. La Ruta uno, es la Visita Guiada por touroperadores a los atractivos m\u00e1s sobresalientes, tendr\u00e1 un total de 52 kil\u00f3metros, se podr\u00e1 realizar en uno o dos d\u00edas, dirigido al mercado de turismo internacional y es el que se puede poner en marcha inmediatamente. Ruta dos: El Camino del Peregrino, dirigido a peregrinos locales, regionales e interestatales. Vincular\u00e1 el Santuario del Cerrito y la casa <strong>San<\/strong> <strong>Juan Diego <\/strong>con la Bas\u00edlica de Guadalupe, siguiendo el antiguo camino del peregrino de 28 kil\u00f3metros que tom\u00f3 <strong>Juan Diego<\/strong>. El recorrido podr\u00e1 realizarse en siete horas a pie o dos horas y media en bicicleta. Y la\u00a0 ruta tres es el Camino Esc\u00e9nico, incluye atractivos culturales y naturales. Se dirige al mercado local y regional, la propuesta consiste en que los visitantes se desplacen en parques lineales, un andador y una ciclov\u00eda a lo largo de 39 kil\u00f3metros. El titular de Turismo coment\u00f3 que\u00a0 est\u00e1 por inaugurarse la Plaza Mariana en la zona de la Bas\u00edlica, requiri\u00f3 de una gran inversi\u00f3n p\u00fablica y privada, as\u00ed como de una gran log\u00edstica y reacomodo de comerciantes, mercados y poblaci\u00f3n. Y dentro de estas actividades, se inaugurar\u00e1 una nueva ruta corta del Metrob\u00fas, que cubre Catedral Metropolitana, Garibaldi, Tlatelolco y Bas\u00edlica de Guadalupe.<\/p>\n<p><em><a href=\"mailto:victoriagprado@gmail.com\" target=\"_blank\">victoriagprado@gmail.com<\/a><\/em><\/p>\n","protected":false},"excerpt":{"rendered":"<p>Desde ayer jueves inici\u00f3 el Festival Gastron\u00f3mico de Tailandia, que ofrecer\u00e1 a los comensales comidas y  cenas de una amplia variedad de platillos preparados por el chef tailand\u00e9s <strong>Srichai Pangsri,<\/strong> quien junto con el chef ejecutivo del hotel <strong>Stephane Thomas,<\/strong> se encargar\u00e1n de elaborar los platillos que har\u00e1n las delicias de los comensales en el restaurante La Chimenea del hotel Presidente<strong> <\/strong>Intercontinental<strong>.<\/strong><\/p>\n","protected":false},"author":3,"featured_media":0,"comment_status":"open","ping_status":"open","sticky":false,"template":"","format":"standard","meta":{"_monsterinsights_skip_tracking":false,"_monsterinsights_sitenote_active":false,"_monsterinsights_sitenote_note":"","_monsterinsights_sitenote_category":0,"footnotes":""},"categories":[11],"tags":[23035,107,384,5520,11140,281,43681,106],"class_list":["post-113149","post","type-post","status-publish","format-standard","hentry","category-turismo","tag-dallas","tag-de-cinco-estrellas","tag-df","tag-fonatur","tag-garibaldi","tag-tlatelolco","tag-turismo","tag-victoria-gonzalez-prado"],"_links":{"self":[{"href":"https:\/\/www.diarioimagen.net\/index.php?rest_route=\/wp\/v2\/posts\/113149","targetHints":{"allow":["GET"]}}],"collection":[{"href":"https:\/\/www.diarioimagen.net\/index.php?rest_route=\/wp\/v2\/posts"}],"about":[{"href":"https:\/\/www.diarioimagen.net\/index.php?rest_route=\/wp\/v2\/types\/post"}],"author":[{"embeddable":true,"href":"https:\/\/www.diarioimagen.net\/index.php?rest_route=\/wp\/v2\/users\/3"}],"replies":[{"embeddable":true,"href":"https:\/\/www.diarioimagen.net\/index.php?rest_route=%2Fwp%2Fv2%2Fcomments&post=113149"}],"version-history":[{"count":0,"href":"https:\/\/www.diarioimagen.net\/index.php?rest_route=\/wp\/v2\/posts\/113149\/revisions"}],"wp:attachment":[{"href":"https:\/\/www.diarioimagen.net\/index.php?rest_route=%2Fwp%2Fv2%2Fmedia&parent=113149"}],"wp:term":[{"taxonomy":"category","embeddable":true,"href":"https:\/\/www.diarioimagen.net\/index.php?rest_route=%2Fwp%2Fv2%2Fcategories&post=113149"},{"taxonomy":"post_tag","embeddable":true,"href":"https:\/\/www.diarioimagen.net\/index.php?rest_route=%2Fwp%2Fv2%2Ftags&post=113149"}],"curies":[{"name":"wp","href":"https:\/\/api.w.org\/{rel}","templated":true}]}}