{"id":113320,"date":"2012-12-01T00:50:41","date_gmt":"2012-12-01T06:50:41","guid":{"rendered":"http:\/\/www.diarioimagen.net\/?p=113320"},"modified":"2012-12-03T04:44:59","modified_gmt":"2012-12-03T10:44:59","slug":"entrega-saynez-mendoza-mando-de-marina-a-vidal-soberon","status":"publish","type":"post","link":"https:\/\/www.diarioimagen.net\/?p=113320","title":{"rendered":"Entrega Saynez Mendoza mando de Marina a Vidal Sober\u00f3n"},"content":{"rendered":"<div id=\"attachment_113325\" style=\"width: 250px\" class=\"wp-caption alignleft\"><a class=\"highslide\" onclick=\"return vz.expand(this)\" href=\"http:\/\/www.diarioimagen.net\/wp-content\/uploads\/2012\/12\/soberon-030.jpg\"><img loading=\"lazy\" decoding=\"async\" aria-describedby=\"caption-attachment-113325\" class=\"size-medium wp-image-113325\" title=\"soberon-030\" src=\"http:\/\/www.diarioimagen.net\/wp-content\/uploads\/2012\/12\/soberon-030-240x135.jpg\" alt=\"\" width=\"240\" height=\"135\" \/><\/a><p id=\"caption-attachment-113325\" class=\"wp-caption-text\">Vidal Francisco Sober\u00f3n Sanz.<\/p><\/div>\n<p>Francisco Saynez Mendoza entreg\u00f3 la Secretar\u00eda de Marina y el mando de la Armada de M\u00e9xico al nuevo titular de la instituci\u00f3n, el almirante Vidal Francisco Sober\u00f3n Sanz.<\/p>\n<p>La ceremonia tuvo lugar en la explanada principal de la dependencia, donde el secretario saliente entreg\u00f3 el sable de mando a su sucesor ante altos mandos de la Secretar\u00eda de Marina-Armada de M\u00e9xico (Semar), adem\u00e1s de que firmaron los documentos de la entrega-recepci\u00f3n.<\/p>\n<p>El acto inici\u00f3 con honores a la bandera, prosigui\u00f3 con la lectura del curr\u00edculum de Sober\u00f3n Sanz y posteriormente se llev\u00f3 a cabo la toma de protesta por el inspector y contralor general de la Semar, almirante Manuel Paulin Fritsche.<\/p>\n<p>Para recibir al nuevo titular de la instituci\u00f3n se realiz\u00f3 el toque tres de Diana y se hizo la bandera insignia de mando del nuevo titular de la dependencia, en la explanada principal de la Semar y prosigui\u00f3 la salutaci\u00f3n encabezada por los mandos en jefe de la Semar.<\/p>\n<p>Al dar lectura al curr\u00edculum de Sober\u00f3n Sanz se indic\u00f3 que cuenta con especialidad en armas submarinas, as\u00ed como cursos de mandos naval, estado mayor y seguridad nacional en el Centro de Estudios Superiores Navales.<\/p>\n<p>Se precis\u00f3 que tambi\u00e9n cuenta con dos maestr\u00edas en administraci\u00f3n militar y seguridad nacional, as\u00ed como un diplomado en Derechos Humanos.<\/p>\n<p>Nacido el 17 de mayo de 1953 en la ciudad de M\u00e9xico, tambi\u00e9n ha ocupado cargos como ayudante de jefe de operaciones navales, director t\u00e9cnico de la Direcci\u00f3n General Comunicaciones Navales, secretario particular y jefe de ayudantes del ahora ex secretario Francisco Saynez Mendoza.<\/p>\n<p>Sober\u00f3n Sanz ingres\u00f3 a la Heroica Escuela Militar el 15 de enero de 1970, egresando cinco a\u00f1os despu\u00e9s como guardia marina, y este 1 de diciembre asumi\u00f3 el cargo de secretario de Marina-Armada de M\u00e9xico.<\/p>\n","protected":false},"excerpt":{"rendered":"<p>Francisco Saynez Mendoza entreg\u00f3 la Secretar\u00eda de Marina y el mando de la Armada de M\u00e9xico al nuevo titular de la instituci\u00f3n, el almirante Vidal Francisco Sober\u00f3n Sanz.<\/p>\n","protected":false},"author":1,"featured_media":0,"comment_status":"open","ping_status":"open","sticky":false,"template":"","format":"standard","meta":{"_monsterinsights_skip_tracking":false,"_monsterinsights_sitenote_active":false,"_monsterinsights_sitenote_note":"","_monsterinsights_sitenote_category":0,"footnotes":""},"categories":[17,3],"tags":[18,9889,43673],"class_list":["post-113320","post","type-post","status-publish","format-standard","hentry","category-especiales","category-nacional","tag-enrique-pena-nieto","tag-gabinete-presidencial","tag-nacional"],"_links":{"self":[{"href":"https:\/\/www.diarioimagen.net\/index.php?rest_route=\/wp\/v2\/posts\/113320","targetHints":{"allow":["GET"]}}],"collection":[{"href":"https:\/\/www.diarioimagen.net\/index.php?rest_route=\/wp\/v2\/posts"}],"about":[{"href":"https:\/\/www.diarioimagen.net\/index.php?rest_route=\/wp\/v2\/types\/post"}],"author":[{"embeddable":true,"href":"https:\/\/www.diarioimagen.net\/index.php?rest_route=\/wp\/v2\/users\/1"}],"replies":[{"embeddable":true,"href":"https:\/\/www.diarioimagen.net\/index.php?rest_route=%2Fwp%2Fv2%2Fcomments&post=113320"}],"version-history":[{"count":0,"href":"https:\/\/www.diarioimagen.net\/index.php?rest_route=\/wp\/v2\/posts\/113320\/revisions"}],"wp:attachment":[{"href":"https:\/\/www.diarioimagen.net\/index.php?rest_route=%2Fwp%2Fv2%2Fmedia&parent=113320"}],"wp:term":[{"taxonomy":"category","embeddable":true,"href":"https:\/\/www.diarioimagen.net\/index.php?rest_route=%2Fwp%2Fv2%2Fcategories&post=113320"},{"taxonomy":"post_tag","embeddable":true,"href":"https:\/\/www.diarioimagen.net\/index.php?rest_route=%2Fwp%2Fv2%2Ftags&post=113320"}],"curies":[{"name":"wp","href":"https:\/\/api.w.org\/{rel}","templated":true}]}}