{"id":113432,"date":"2012-12-03T00:09:01","date_gmt":"2012-12-03T06:09:01","guid":{"rendered":"http:\/\/www.diarioimagen.net\/?p=113432"},"modified":"2012-12-03T03:57:49","modified_gmt":"2012-12-03T09:57:49","slug":"hecho-historico-la-firma-del-pacto-por-mexico-senala-eav","status":"publish","type":"post","link":"https:\/\/www.diarioimagen.net\/?p=113432","title":{"rendered":"Hecho hist\u00f3rico, la firma del Pacto por M\u00e9xico, se\u00f1ala EAV"},"content":{"rendered":"<ul>\n<li><strong><em>Acontecimiento que debemos celebrar<\/em><\/strong><\/li>\n<\/ul>\n<div id=\"attachment_113544\" style=\"width: 250px\" class=\"wp-caption alignleft\"><a class=\"highslide\" onclick=\"return vz.expand(this)\" href=\"http:\/\/www.diarioimagen.net\/wp-content\/uploads\/2012\/12\/eruviel-1993.jpg\"><img loading=\"lazy\" decoding=\"async\" aria-describedby=\"caption-attachment-113544\" class=\"size-medium wp-image-113544\" title=\"eruviel-1993\" src=\"http:\/\/www.diarioimagen.net\/wp-content\/uploads\/2012\/12\/eruviel-1993-240x135.jpg\" alt=\"\" width=\"240\" height=\"135\" \/><\/a><p id=\"caption-attachment-113544\" class=\"wp-caption-text\">Eruviel \u00c1vila Villegas, gobernador del Estado de M\u00e9xico.<\/p><\/div>\n<p>Por su voluntad pol\u00edtica y por pensar en la gente antes que en intereses pol\u00edticos y partidistas, el gobernador del Estado de M\u00e9xico, Eruviel \u00c1vila Villegas, hizo un reconocimiento al presidente Enrique Pe\u00f1a Nieto y a los partidos Revolucionario Institucional (PRI), de la Revoluci\u00f3n Democr\u00e1tica (PRD) y Acci\u00f3n Nacional (PAN).<\/p>\n<p>El gobernador mexiquense expres\u00f3: \u201cEs algo hist\u00f3rico, es un acontecimiento que debemos celebrar los mexicanos, reconocer la voluntad pol\u00edtica del mandatario Enrique Pe\u00f1a Nieto y de todos los partidos pol\u00edticos. Es un ejemplo a seguir y en la media en que todos pongamos de nuestra parte, estoy cierto que este pacto ser\u00e1 una realidad, el Estado de M\u00e9xico se suma al mismo\u201d.<\/p>\n<p>Eruviel \u00c1vila reiter\u00f3 que en la medida en que los partidos y los gobernantes vean\u00ad m\u00e1s por la gente, haciendo de lado intereses pol\u00edtico partidistas, le ir\u00e1 mejor al pa\u00eds.<\/p>\n<p>\u201cPor eso, celebro que el presidente Pe\u00f1a nieto haga esto\u201d, manifest\u00f3 a su salida del Castillo de Chapultepec, donde se llev\u00f3 a cabo la firma del Pacto por M\u00e9xico.<\/p>\n","protected":false},"excerpt":{"rendered":"<p>Por su voluntad pol\u00edtica y por pensar en la gente antes que en intereses pol\u00edticos y partidistas, el gobernador del Estado de M\u00e9xico, Eruviel \u00c1vila Villegas, hizo un reconocimiento al presidente Enrique Pe\u00f1a Nieto y a los partidos Revolucionario Institucional (PRI), de la Revoluci\u00f3n Democr\u00e1tica (PRD) y Acci\u00f3n Nacional (PAN).<\/p>\n","protected":false},"author":3,"featured_media":0,"comment_status":"open","ping_status":"open","sticky":false,"template":"","format":"standard","meta":{"_monsterinsights_skip_tracking":false,"_monsterinsights_sitenote_active":false,"_monsterinsights_sitenote_note":"","_monsterinsights_sitenote_category":0,"footnotes":""},"categories":[5],"tags":[18,5828,43675,91,211,362],"class_list":["post-113432","post","type-post","status-publish","format-standard","hentry","category-estado-de-mexico","tag-enrique-pena-nieto","tag-eruviel-avila-villegas","tag-estado-de-mexico","tag-pan","tag-prd","tag-pri"],"_links":{"self":[{"href":"https:\/\/www.diarioimagen.net\/index.php?rest_route=\/wp\/v2\/posts\/113432","targetHints":{"allow":["GET"]}}],"collection":[{"href":"https:\/\/www.diarioimagen.net\/index.php?rest_route=\/wp\/v2\/posts"}],"about":[{"href":"https:\/\/www.diarioimagen.net\/index.php?rest_route=\/wp\/v2\/types\/post"}],"author":[{"embeddable":true,"href":"https:\/\/www.diarioimagen.net\/index.php?rest_route=\/wp\/v2\/users\/3"}],"replies":[{"embeddable":true,"href":"https:\/\/www.diarioimagen.net\/index.php?rest_route=%2Fwp%2Fv2%2Fcomments&post=113432"}],"version-history":[{"count":0,"href":"https:\/\/www.diarioimagen.net\/index.php?rest_route=\/wp\/v2\/posts\/113432\/revisions"}],"wp:attachment":[{"href":"https:\/\/www.diarioimagen.net\/index.php?rest_route=%2Fwp%2Fv2%2Fmedia&parent=113432"}],"wp:term":[{"taxonomy":"category","embeddable":true,"href":"https:\/\/www.diarioimagen.net\/index.php?rest_route=%2Fwp%2Fv2%2Fcategories&post=113432"},{"taxonomy":"post_tag","embeddable":true,"href":"https:\/\/www.diarioimagen.net\/index.php?rest_route=%2Fwp%2Fv2%2Ftags&post=113432"}],"curies":[{"name":"wp","href":"https:\/\/api.w.org\/{rel}","templated":true}]}}