{"id":113488,"date":"2012-12-03T00:08:56","date_gmt":"2012-12-03T06:08:56","guid":{"rendered":"http:\/\/www.diarioimagen.net\/?p=113488"},"modified":"2012-12-03T03:58:49","modified_gmt":"2012-12-03T09:58:49","slug":"azucena-olivares-firma-convenio-con-suteym","status":"publish","type":"post","link":"https:\/\/www.diarioimagen.net\/?p=113488","title":{"rendered":"Azucena Olivares firma convenio con SUTEyM"},"content":{"rendered":"<ul>\n<li><strong><em>Cumple con sindicalizados<\/em><\/strong><\/li>\n<\/ul>\n<div id=\"attachment_113546\" style=\"width: 250px\" class=\"wp-caption alignleft\"><a class=\"highslide\" onclick=\"return vz.expand(this)\" href=\"http:\/\/www.diarioimagen.net\/wp-content\/uploads\/2012\/12\/NAUCALPAN-1993.jpg\"><img loading=\"lazy\" decoding=\"async\" aria-describedby=\"caption-attachment-113546\" class=\"size-medium wp-image-113546\" title=\"NAUCALPAN-1993\" src=\"http:\/\/www.diarioimagen.net\/wp-content\/uploads\/2012\/12\/NAUCALPAN-1993-240x135.jpg\" alt=\"\" width=\"240\" height=\"135\" \/><\/a><p id=\"caption-attachment-113546\" class=\"wp-caption-text\">La alcaldesa de Naucalpan, Azucena Olivares, subray\u00f3 que se encuentra al corriente con sus obligaciones.<\/p><\/div>\n<p><strong>Naucalpan, Estado de M\u00e9xico<\/strong>.- La presidenta municipa, Azucena Olivares, firm\u00f3 un convenio con el secretario del Sindicato \u00danico de Trabajadores al Servicio del Estado y Municipios (SUTEyM) secci\u00f3n Naucalpan y tras la signa de este documento el gobierno municipal se encuentra al corriente con las obligaciones laborales que tiene con los todos los empleados.<\/p>\n<p>Al firmar dicho convenio en el que se contempla que se cumplir\u00e1n con las prestaciones de los trabajadores sindicalizados, Azucena Olivares enfatiz\u00f3 que con la suma de voluntades de las autoridades municipales y el comit\u00e9 sindical se logr\u00f3 finalmente firmar este documento.<\/p>\n<p>En este evento estuvieron presentes el secretario del SUTEyM en Naucalpan, Ren\u00e9 Palomares, as\u00ed como el presidente del DIF municipal, Guillermo Gonz\u00e1lez Mart\u00ednez; el secretario del Ayuntamiento, Vladimir Ju\u00e1rez; el tesorero de esta localidad, Roberto Soto, as\u00ed como el coordinador de la zona de Naucalpan de la Subsecretar\u00eda General de Gobierno estatal, Faustino Rojas y el diputado David Parra.<\/p>\n<p>La alcaldesa recalc\u00f3 que debido a la situaci\u00f3n econ\u00f3mica que se vive en todo el pa\u00eds se realiz\u00f3 un gran esfuerzo para cumplir con las prestaciones de los trabajadores sindicalizados.<\/p>\n<p>Con la firma de este convenio, el ayuntamiento se compromete a entregar en los pr\u00f3ximos d\u00edas la cantidad de 12 millones de pesos al sindicato, as\u00ed como a dejar documentadas el resto de las prestaciones laborales de sus agremiados.<\/p>\n","protected":false},"excerpt":{"rendered":"<p>La presidenta municipa, Azucena Olivares, firm\u00f3 un convenio con el secretario del Sindicato \u00danico de Trabajadores al Servicio del Estado y Municipios (SUTEyM) secci\u00f3n Naucalpan y tras la signa de este documento el gobierno municipal se encuentra al corriente con las obligaciones laborales que tiene con los todos los empleados.<\/p>\n","protected":false},"author":3,"featured_media":0,"comment_status":"open","ping_status":"open","sticky":false,"template":"","format":"standard","meta":{"_monsterinsights_skip_tracking":false,"_monsterinsights_sitenote_active":false,"_monsterinsights_sitenote_note":"","_monsterinsights_sitenote_category":0,"footnotes":""},"categories":[5],"tags":[10654,43675,970,2572],"class_list":["post-113488","post","type-post","status-publish","format-standard","hentry","category-estado-de-mexico","tag-azucena-olivares-villagomez","tag-estado-de-mexico","tag-naucalpan","tag-suteym"],"_links":{"self":[{"href":"https:\/\/www.diarioimagen.net\/index.php?rest_route=\/wp\/v2\/posts\/113488","targetHints":{"allow":["GET"]}}],"collection":[{"href":"https:\/\/www.diarioimagen.net\/index.php?rest_route=\/wp\/v2\/posts"}],"about":[{"href":"https:\/\/www.diarioimagen.net\/index.php?rest_route=\/wp\/v2\/types\/post"}],"author":[{"embeddable":true,"href":"https:\/\/www.diarioimagen.net\/index.php?rest_route=\/wp\/v2\/users\/3"}],"replies":[{"embeddable":true,"href":"https:\/\/www.diarioimagen.net\/index.php?rest_route=%2Fwp%2Fv2%2Fcomments&post=113488"}],"version-history":[{"count":0,"href":"https:\/\/www.diarioimagen.net\/index.php?rest_route=\/wp\/v2\/posts\/113488\/revisions"}],"wp:attachment":[{"href":"https:\/\/www.diarioimagen.net\/index.php?rest_route=%2Fwp%2Fv2%2Fmedia&parent=113488"}],"wp:term":[{"taxonomy":"category","embeddable":true,"href":"https:\/\/www.diarioimagen.net\/index.php?rest_route=%2Fwp%2Fv2%2Fcategories&post=113488"},{"taxonomy":"post_tag","embeddable":true,"href":"https:\/\/www.diarioimagen.net\/index.php?rest_route=%2Fwp%2Fv2%2Ftags&post=113488"}],"curies":[{"name":"wp","href":"https:\/\/api.w.org\/{rel}","templated":true}]}}