{"id":113579,"date":"2012-12-03T00:04:45","date_gmt":"2012-12-03T06:04:45","guid":{"rendered":"http:\/\/www.diarioimagen.net\/?p=113579"},"modified":"2012-12-04T04:54:32","modified_gmt":"2012-12-04T10:54:32","slug":"comienza-con-trece-decisiones-su-gobierno","status":"publish","type":"post","link":"https:\/\/www.diarioimagen.net\/?p=113579","title":{"rendered":"Comienza con trece decisiones su gobierno"},"content":{"rendered":"<ul>\n<li><strong><em>Detalladas en Palacio Nacional<\/em><\/strong><\/li>\n<\/ul>\n<div id=\"attachment_113583\" style=\"width: 250px\" class=\"wp-caption alignleft\"><a class=\"highslide\" onclick=\"return vz.expand(this)\" href=\"http:\/\/www.diarioimagen.net\/wp-content\/uploads\/2012\/12\/epn-protesta-1993.jpg\"><img loading=\"lazy\" decoding=\"async\" aria-describedby=\"caption-attachment-113583\" class=\"size-medium wp-image-113583\" title=\"epn-protesta-1993\" src=\"http:\/\/www.diarioimagen.net\/wp-content\/uploads\/2012\/12\/epn-protesta-1993-240x135.jpg\" alt=\"\" width=\"240\" height=\"135\" \/><\/a><p id=\"caption-attachment-113583\" class=\"wp-caption-text\">Enrique Pe\u00f1a Nieto, al rendir protesta ante el Congreso de la Uni\u00f3n como Presidente de la Rep\u00fablica.<\/p><\/div>\n<p>El presidente Enrique Pe\u00f1a Nieto dio a conocer en Palacio Nacional sus primeras 13 acciones de gobierno con las que buscar\u00e1 la pacificaci\u00f3n del pa\u00eds e impulsar el desarrollo econ\u00f3mico y social.<\/p>\n<p>&nbsp;<\/p>\n<p align=\"center\"><strong>LAS PRIMERAS DECISIONES<\/strong><\/p>\n<p>1 Creaci\u00f3n del programa nacional de prevenci\u00f3n del delito.<\/p>\n<p>2 Instruye a la Consejer\u00eda Jur\u00eddica para que se desista de la controversia constitucional sobre la Ley General de V\u00edctimas.<\/p>\n<p>3 Env\u00edo de una iniciativa de reforma constitucional que permita contar con un solo C\u00f3digo Penal y otro de Procedimientos Penales.<\/p>\n<p>4 Poner en marcha en los pr\u00f3ximos 60 d\u00edas la cruzada nacional contra el hambre, para apoyar a los mexicanos que viven en pobreza y pobreza extrema.<\/p>\n<p>5 Crear el programa de seguro de vida para jefas de familia, que tambi\u00e9n incluir\u00e1 a aquellos ni\u00f1os que pudieran quedar hu\u00e9rfanos de madre, para que tengan garantizada su educaci\u00f3n.<\/p>\n<p>6 Ampliar el Programa Federal 70 y m\u00e1s para atender a personas a partir de los 65 a\u00f1os, para lo que solicitar\u00e1 una partida presupuestal especial.<\/p>\n<p>7 Presentaci\u00f3n de una iniciativa para reformar el art\u00edculo tercero constitucional que contemple la creaci\u00f3n del sistema nacional de evaluaci\u00f3n educativa y la realizaci\u00f3n de un censo de escuelas, maestros y alumnos con reglas claras.<\/p>\n<p>8 Acelerar la propuesta del programa nacional de infraestructura y transporte 2012-2018, que incluir\u00e1 proyectos cuya finalidad ser\u00e1 incrementar la infraestructura carretera, ferroviaria y de puertos del pa\u00eds.<\/p>\n<p>9 Arrancar la construcci\u00f3n de tres rutas de tren: M\u00e9xico-Quer\u00e9taro, M\u00e9xico-Toluca, Transpeninsular Yucat\u00e1n-Quintana Roo. Iniciar las obras de la L\u00ednea 3 del Metro de Monterrey y otras para satisfacer la demanda de transporte de Chalco a La Paz, en el Estado de M\u00e9xico. Tambi\u00e9n se prev\u00e9 ampliar el tren el\u00e9ctrico de la Zona Metropolitana de Guadalajara<\/p>\n<p>10 Enviar una iniciativa para reconocer en la Constituci\u00f3n el derecho de acceso a la banda ancha y un conjunto de reformas para generar mayor competencia en telefon\u00eda, servicios de datos, TV y radio.<\/p>\n<p>11 Presentar al Congreso la iniciativa de ley nacional de responsabilidad hacendaria y deuda p\u00fablica con el fin de reglamentar y poner en orden el endeudamiento de los gobiernos estatales.<\/p>\n<p>12 Considerar en el paquete econ\u00f3mico 2013 un d\u00e9ficit presupuestal de cero.<\/p>\n<p>13 Desarrollar un gobierno austero como parte de una nueva actitud con responsabilidad moral.<\/p>\n","protected":false},"excerpt":{"rendered":"<p>El presidente Enrique Pe\u00f1a Nieto dio a conocer en Palacio Nacional sus primeras 13 acciones de gobierno con las que buscar\u00e1 la pacificaci\u00f3n del pa\u00eds e impulsar el desarrollo econ\u00f3mico y social: 1 Creaci\u00f3n del programa nacional de prevenci\u00f3n del delito; 2 Instruye a la Consejer\u00eda Jur\u00eddica para que se desista de la controversia constitucional sobre la Ley General de V\u00edctimas.<\/p>\n","protected":false},"author":3,"featured_media":0,"comment_status":"open","ping_status":"open","sticky":false,"template":"","format":"standard","meta":{"_monsterinsights_skip_tracking":false,"_monsterinsights_sitenote_active":false,"_monsterinsights_sitenote_note":"","_monsterinsights_sitenote_category":0,"footnotes":""},"categories":[17,3],"tags":[18,7196,44,373],"class_list":["post-113579","post","type-post","status-publish","format-standard","hentry","category-especiales","category-nacional","tag-enrique-pena-nieto","tag-gobierno","tag-mexico","tag-palacio-nacional"],"_links":{"self":[{"href":"https:\/\/www.diarioimagen.net\/index.php?rest_route=\/wp\/v2\/posts\/113579","targetHints":{"allow":["GET"]}}],"collection":[{"href":"https:\/\/www.diarioimagen.net\/index.php?rest_route=\/wp\/v2\/posts"}],"about":[{"href":"https:\/\/www.diarioimagen.net\/index.php?rest_route=\/wp\/v2\/types\/post"}],"author":[{"embeddable":true,"href":"https:\/\/www.diarioimagen.net\/index.php?rest_route=\/wp\/v2\/users\/3"}],"replies":[{"embeddable":true,"href":"https:\/\/www.diarioimagen.net\/index.php?rest_route=%2Fwp%2Fv2%2Fcomments&post=113579"}],"version-history":[{"count":0,"href":"https:\/\/www.diarioimagen.net\/index.php?rest_route=\/wp\/v2\/posts\/113579\/revisions"}],"wp:attachment":[{"href":"https:\/\/www.diarioimagen.net\/index.php?rest_route=%2Fwp%2Fv2%2Fmedia&parent=113579"}],"wp:term":[{"taxonomy":"category","embeddable":true,"href":"https:\/\/www.diarioimagen.net\/index.php?rest_route=%2Fwp%2Fv2%2Fcategories&post=113579"},{"taxonomy":"post_tag","embeddable":true,"href":"https:\/\/www.diarioimagen.net\/index.php?rest_route=%2Fwp%2Fv2%2Ftags&post=113579"}],"curies":[{"name":"wp","href":"https:\/\/api.w.org\/{rel}","templated":true}]}}