{"id":113617,"date":"2012-12-04T00:05:12","date_gmt":"2012-12-04T06:05:12","guid":{"rendered":"http:\/\/www.diarioimagen.net\/?p=113617"},"modified":"2012-12-05T01:25:38","modified_gmt":"2012-12-05T07:25:38","slug":"guante-blanco","status":"publish","type":"post","link":"https:\/\/www.diarioimagen.net\/?p=113617","title":{"rendered":"Guante blanco"},"content":{"rendered":"<h2>\u00cdndice pol\u00edtico<\/h2>\n<h5>Francisco Rodr\u00edguez<\/h5>\n<p><span><br \/>\nToda una lecci\u00f3n pol\u00edtica la que brindan por estos d\u00edas los pupilos de <em>La Maestra<\/em>. A trav\u00e9s del Partido Nueva Alianza han puesto a circular su posici\u00f3n frente a las 13 decisiones del gobierno de Enrique Pe\u00f1a Nieto, que \u00e9l mismo anunciara en su discurso inaugural como Presidente de M\u00e9xico.<\/span><\/p>\n<p>Dir\u00e1 usted que esa posici\u00f3n es acaso antag\u00f3nica, dados los \u00faltimos acontecimientos que en apariencia generalizada son adversos al entorno de la profesora Elba Esther Gordillo, pero no es as\u00ed.<\/p>\n<p>Con guante blanco, Nueva Alianza festeja que un nuevo ciclo sexenal en la vida de nuestro pa\u00eds se inicie con concomitancias entre los postulados y demandas de ese organismo pol\u00edtico y los anuncios del pol\u00edtico mexiquense. Textual: \u201cNos congratulamos con las propuestas que el Presidente de la Rep\u00fablica pronuncia a los males que han estado afligiendo al desarrollo pleno de nuestra patria, ya que existen muchas coincidencias con las propuestas, que nuestro candidato Gabriel Quadri mencion\u00f3 durante su campa\u00f1a electoral y que desde hace a\u00f1os han sido columna vertebral de nuestra instituci\u00f3n\u201d.<\/p>\n<p>M\u00e1s a\u00fan, Nueva Alianza manifiesta su benepl\u00e1cito por las 13 propuestas, entre ellas, claro, las que m\u00e1s aplausos merecieron en la ceremonia sabatina, la de la educaci\u00f3n.<\/p>\n<p>\u201cSon muchas las coincidencias. La profesionalizaci\u00f3n de la educaci\u00f3n, el impulso al desarrollo de infraestructura, la integraci\u00f3n digital, la competencia en las telecomunicaciones, la ampliaci\u00f3n de la cobertura de seguridad social, el uso eficiente de los recursos p\u00fablicos y la reorientaci\u00f3n de la pol\u00edtica de seguridad hacia un enfoque preventivo, han sido y son, temas prioritarios para nuestro partido.<\/p>\n<p>\u201cEn el indispensable tema educativo originamos propuestas para el desarrollo de la carrera magisterial y alta especializaci\u00f3n, que inclu\u00eda un nuevo mecanismo de reclutamiento mediante ex\u00e1menes de oposici\u00f3n para profesores, directores e inspectores, a fin de evitar las plazas vitalicias y hereditarias\u201d.<\/p>\n<p style=\"text-align: center;\"><strong>L\u00c1PICES, NO BALAS<\/strong><\/p>\n<p>Breve, pero enf\u00e1tico, el posicionamiento de Nueva Alianza contin\u00faa: \u201cDesde nuestro origen, y especialmente en este 2012, propusimos establecer una pol\u00edtica de salarios para profesores y directores enfocada a desempe\u00f1o. Asimismo, alzamos la voz para hacer notar la necesidad de un censo de escuelas, maestros y alumnos.<\/p>\n<p>\u201cDurante estos \u00faltimos seis a\u00f1os, en el tema de seguridad, Nueva Alianza ha sido un constante promotor de la educaci\u00f3n como herramienta vital en el combate a la violencia. Bajo el concepto de \u2018Revoluci\u00f3n Blanca\u2019, hemos aludido a la necesidad de que transformemos la realidad con el poder de los l\u00e1pices y no de las balas para la prevenci\u00f3n del delito.<\/p>\n<p>\u201cEn cuanto a la integraci\u00f3n digital, impulsamos una visi\u00f3n que incluye al internet como un nuevo bien p\u00fablico que permite cerrar brechas e igualar oportunidades. Por ello, propusimos inversi\u00f3n en infraestructura para brindar internet de banda ancha a precios accesibles y acceso gratuito en todas las escuelas p\u00fablicas y espacios p\u00fablicos prioritarios, as\u00ed como la creaci\u00f3n de una entidad espec\u00edfica para promover el derecho a internet y su uso en la educaci\u00f3n y en la simplificaci\u00f3n de tr\u00e1mites de gobierno\u201d.<\/p>\n<p>Hay coincidencias entre las propuestas de Nueva Alianza y el anuncio presidencial en torno a casi todos los temas, pero en especial en el de la educaci\u00f3n. Coincidencias, pues.<\/p>\n<p>Y por tal coincidir\u00e1 usted con este escribidor. El guante blanco es, la mayor parte de las ocasiones, la mejor de las armas que una dama puede emplear, \u00bfo no?<\/p>\n<p><strong><em>\u00cdndice Flam\u00edgero<\/em><\/strong>: \u201cRevivieron\u201d pol\u00edticamente Jos\u00e9 Murat Casab y Santiago Creel Miranda, quienes ocuparon sitiales de honor anteayer en el Alc\u00e1zar de Chapultepec. + + + Por lo pronto, Jes\u00fas Zambrano s\u00ed evidenci\u00f3 que al seno de la Revoluci\u00f3n Democr\u00e1tica no las trae todas consigo. Dec\u00edan que por AMLO. Pero \u00e9ste ya no est\u00e1 ah\u00ed, y\u2026<\/p>\n<p><em><a href=\"http:\/\/www.indicepolitico.com\/\" target=\"_blank\"><em>www.indicepolitico.com<\/em><\/a><br \/>\n<\/em><em><a href=\"mailto:pacorodriguez@journalist.com\" target=\"_blank\">pacorodriguez@journalist.com<\/a><\/em><\/p>\n","protected":false},"excerpt":{"rendered":"<p><span style=\"color: #005497;\"><strong>Francisco Rodr\u00edguez<\/strong><\/span><\/p>\n","protected":false},"author":3,"featured_media":0,"comment_status":"open","ping_status":"open","sticky":false,"template":"","format":"standard","meta":{"_monsterinsights_skip_tracking":false,"_monsterinsights_sitenote_active":false,"_monsterinsights_sitenote_note":"","_monsterinsights_sitenote_category":0,"footnotes":""},"categories":[549],"tags":[2545,43689,550,913,2050,43674],"class_list":["post-113617","post","type-post","status-publish","format-standard","hentry","category-francisco-rodriguez","tag-amlo","tag-francisco-rodriguez","tag-indice-politico","tag-la-maestra","tag-nueva-alianza","tag-opinion"],"_links":{"self":[{"href":"https:\/\/www.diarioimagen.net\/index.php?rest_route=\/wp\/v2\/posts\/113617","targetHints":{"allow":["GET"]}}],"collection":[{"href":"https:\/\/www.diarioimagen.net\/index.php?rest_route=\/wp\/v2\/posts"}],"about":[{"href":"https:\/\/www.diarioimagen.net\/index.php?rest_route=\/wp\/v2\/types\/post"}],"author":[{"embeddable":true,"href":"https:\/\/www.diarioimagen.net\/index.php?rest_route=\/wp\/v2\/users\/3"}],"replies":[{"embeddable":true,"href":"https:\/\/www.diarioimagen.net\/index.php?rest_route=%2Fwp%2Fv2%2Fcomments&post=113617"}],"version-history":[{"count":0,"href":"https:\/\/www.diarioimagen.net\/index.php?rest_route=\/wp\/v2\/posts\/113617\/revisions"}],"wp:attachment":[{"href":"https:\/\/www.diarioimagen.net\/index.php?rest_route=%2Fwp%2Fv2%2Fmedia&parent=113617"}],"wp:term":[{"taxonomy":"category","embeddable":true,"href":"https:\/\/www.diarioimagen.net\/index.php?rest_route=%2Fwp%2Fv2%2Fcategories&post=113617"},{"taxonomy":"post_tag","embeddable":true,"href":"https:\/\/www.diarioimagen.net\/index.php?rest_route=%2Fwp%2Fv2%2Ftags&post=113617"}],"curies":[{"name":"wp","href":"https:\/\/api.w.org\/{rel}","templated":true}]}}