{"id":113669,"date":"2012-12-04T00:08:54","date_gmt":"2012-12-04T06:08:54","guid":{"rendered":"http:\/\/www.diarioimagen.net\/?p=113669"},"modified":"2012-12-04T03:39:39","modified_gmt":"2012-12-04T09:39:39","slug":"difem-entrega-sillas-de-ruedas-en-tlalnepantla","status":"publish","type":"post","link":"https:\/\/www.diarioimagen.net\/?p=113669","title":{"rendered":"DIFEM entrega sillas de ruedas en Tlalnepantla"},"content":{"rendered":"<ul>\n<li><strong><em>Al conmemorar el D\u00eda Internacional de las Personas con Discapacidad, tambi\u00e9n se otorgaron unas canastas alimentarias<\/em><\/strong><\/li>\n<\/ul>\n<div id=\"attachment_113720\" style=\"width: 250px\" class=\"wp-caption alignleft\"><a class=\"highslide\" onclick=\"return vz.expand(this)\" href=\"http:\/\/www.diarioimagen.net\/wp-content\/uploads\/2012\/12\/difem-1994.jpg\"><img loading=\"lazy\" decoding=\"async\" aria-describedby=\"caption-attachment-113720\" class=\"size-medium wp-image-113720\" title=\"difem-1994\" src=\"http:\/\/www.diarioimagen.net\/wp-content\/uploads\/2012\/12\/difem-1994-240x135.jpg\" alt=\"\" width=\"240\" height=\"135\" \/><\/a><p id=\"caption-attachment-113720\" class=\"wp-caption-text\">Elizabeth Vilchis P\u00e9rez, secretaria de Desarrollo Social del gobierno estatal, y Lucila Orive Guti\u00e9rrez, directora general del DIF Estado de M\u00e9xico, entregaron ayudas funcionales por un monto de 321 mil 897 pesos.<\/p><\/div>\n<p><strong>Tlalnepantla, Estado de M\u00e9xico<\/strong>.- En el marco de la celebraci\u00f3n del D\u00eda Internacional de las Personas con Discapacidad, Elizabeth Vilchis P\u00e9rez, secretaria de Desarrollo Social y Lucila Orive Guti\u00e9rrez, directora general del Sistema para el Desarrollo Integral de la Familia del Estado de M\u00e9xico (DIFEM), entregaron sillas de ruedas el\u00e9ctricas, de traslado y para la pr\u00e1ctica del baloncesto, por un monto de 321 mil 897 pesos, as\u00ed como canastas alimentarias del programa Por una Infancia en Grande.<\/p>\n<p>Elizabeth Vilchis afirm\u00f3 que a\u00fan persiste la discriminaci\u00f3n f\u00edsica y social en contra de este sector de la poblaci\u00f3n que ve obstaculizada su incorporaci\u00f3n a la sociedad, contexto en el que la Asamblea General de las Naciones Unidas proclam\u00f3 esta celebraci\u00f3n que impulsa a gobiernos y sociedad a intensificar los esfuerzos en la materia, adoptando medidas eficaces y sostenidas para integrar a estas personas al desarrollo econ\u00f3mico, pol\u00edtico y social.<\/p>\n<p>Asegur\u00f3 que la atenci\u00f3n de la discapacidad es un tema de respeto a los derechos humanos, el cual afortunadamente ha ocupado cada vez m\u00e1s espacios en la agenda de los gobiernos. En este contexto, la administraci\u00f3n estatal reitera su plena disposici\u00f3n para poner en marcha pol\u00edticas y programas con impacto relevante en la vida de este grupo poblacional, promoviendo una mayor conciencia sobre el tema, subray\u00f3.<\/p>\n<p>Tambi\u00e9n reconoci\u00f3 los esfuerzos de empresas, instituciones de asistencia privada y de la ciudadan\u00eda en general, para impulsar los derechos y el bienestar de quienes tienen alguna discapacidad, por lo que hizo un p\u00fablico reconocimiento al compromiso social de la Fundaci\u00f3n TELMEX, por su importante aportaci\u00f3n para financiar el 50 por ciento del costo de los apoyos funcionales, con lo que el DIFEM atender\u00e1 la demanda actual.<\/p>\n<p>La secretaria de Desarrollo Social dijo que en el pa\u00eds hay 5.7 millones de personas con discapacidad que representan cinco por ciento de la poblaci\u00f3n del pa\u00eds, de acuerdo con el Censo del Instituto Nacional de Estad\u00edstica y Geograf\u00eda del 2012, siendo la discapacidad m\u00e1s frecuente la que se genera por alguna enfermedad, seguida de la que se presenta por avanzada edad y la adquirida por herencia; en tanto que la educaci\u00f3n, el trabajo y el acceso a la salud, son los derechos m\u00e1s vulnerados de este sector de la poblaci\u00f3n.<\/p>\n<p>Lucila Orive Guti\u00e9rrez, expuso que la desigualdad y la pobreza\u00a0 son barreras de exclusi\u00f3n social, sin embargo, las personas con discapacidad son muestra del ejemplo de valor y capacidad de superaci\u00f3n.<\/p>\n<p>Refiri\u00f3 que en la entidad existen 689 mil 156 personas con este problem\u00e1tica, quienes representan 4.5 por ciento de la poblaci\u00f3n estatal, y en los pr\u00f3ximos a\u00f1os la atenci\u00f3n que requieran ser\u00e1 mayor debido al incremento de la vejez, las enfermedades cr\u00f3nicas y los trastornos de salud mental.<\/p>\n","protected":false},"excerpt":{"rendered":"<p>En el marco de la celebraci\u00f3n del D\u00eda Internacional de las Personas con Discapacidad, Elizabeth Vilchis P\u00e9rez, secretaria de Desarrollo Social y Lucila Orive Guti\u00e9rrez, directora general del Sistema para el Desarrollo Integral de la Familia del Estado de M\u00e9xico (DIFEM), entregaron sillas de ruedas el\u00e9ctricas, de traslado y para la pr\u00e1ctica del baloncesto, por un monto de 321 mil 897 pesos, as\u00ed como canastas alimentarias del programa Por una Infancia en Grande.<\/p>\n","protected":false},"author":3,"featured_media":0,"comment_status":"open","ping_status":"open","sticky":false,"template":"","format":"standard","meta":{"_monsterinsights_skip_tracking":false,"_monsterinsights_sitenote_active":false,"_monsterinsights_sitenote_note":"","_monsterinsights_sitenote_category":0,"footnotes":""},"categories":[5],"tags":[394,11841,43675,25530,169],"class_list":["post-113669","post","type-post","status-publish","format-standard","hentry","category-estado-de-mexico","tag-difem","tag-elizabeth-vilchis-perez","tag-estado-de-mexico","tag-personas-con-discapacidad","tag-tlalnepantla"],"_links":{"self":[{"href":"https:\/\/www.diarioimagen.net\/index.php?rest_route=\/wp\/v2\/posts\/113669","targetHints":{"allow":["GET"]}}],"collection":[{"href":"https:\/\/www.diarioimagen.net\/index.php?rest_route=\/wp\/v2\/posts"}],"about":[{"href":"https:\/\/www.diarioimagen.net\/index.php?rest_route=\/wp\/v2\/types\/post"}],"author":[{"embeddable":true,"href":"https:\/\/www.diarioimagen.net\/index.php?rest_route=\/wp\/v2\/users\/3"}],"replies":[{"embeddable":true,"href":"https:\/\/www.diarioimagen.net\/index.php?rest_route=%2Fwp%2Fv2%2Fcomments&post=113669"}],"version-history":[{"count":0,"href":"https:\/\/www.diarioimagen.net\/index.php?rest_route=\/wp\/v2\/posts\/113669\/revisions"}],"wp:attachment":[{"href":"https:\/\/www.diarioimagen.net\/index.php?rest_route=%2Fwp%2Fv2%2Fmedia&parent=113669"}],"wp:term":[{"taxonomy":"category","embeddable":true,"href":"https:\/\/www.diarioimagen.net\/index.php?rest_route=%2Fwp%2Fv2%2Fcategories&post=113669"},{"taxonomy":"post_tag","embeddable":true,"href":"https:\/\/www.diarioimagen.net\/index.php?rest_route=%2Fwp%2Fv2%2Ftags&post=113669"}],"curies":[{"name":"wp","href":"https:\/\/api.w.org\/{rel}","templated":true}]}}