{"id":113795,"date":"2012-12-05T00:04:17","date_gmt":"2012-12-05T06:04:17","guid":{"rendered":"http:\/\/www.diarioimagen.net\/?p=113795"},"modified":"2012-12-06T04:24:29","modified_gmt":"2012-12-06T10:24:29","slug":"mancera-presenta-a-cinco-integrantes-de-su-equipo","status":"publish","type":"post","link":"https:\/\/www.diarioimagen.net\/?p=113795","title":{"rendered":"Mancera presenta a cinco integrantes de su equipo"},"content":{"rendered":"<ul>\n<li><strong><em>Hoy toma posesi\u00f3n del GDF<\/em><\/strong><\/li>\n<\/ul>\n<div id=\"attachment_113850\" style=\"width: 250px\" class=\"wp-caption alignleft\"><a class=\"highslide\" onclick=\"return vz.expand(this)\" href=\"http:\/\/www.diarioimagen.net\/wp-content\/uploads\/2012\/12\/MANCERA-1995.jpg\"><img loading=\"lazy\" decoding=\"async\" aria-describedby=\"caption-attachment-113850\" class=\"size-medium wp-image-113850\" title=\"MANCERA-1995\" src=\"http:\/\/www.diarioimagen.net\/wp-content\/uploads\/2012\/12\/MANCERA-1995-240x135.jpg\" alt=\"\" width=\"240\" height=\"135\" \/><\/a><p id=\"caption-attachment-113850\" class=\"wp-caption-text\">Miguel \u00c1ngel Mancera hoy rinde protesta como jefe de gobierno.<\/p><\/div>\n<p>Miguel \u00c1ngel Mancera dio a conocer ayer los nombres de cinco personas que integrar\u00e1n su gabinete, entre ellos el jefe de su oficina, su secretario particular y el coordinador general de Comunicaci\u00f3n Social.<\/p>\n<p>De esta manera, El\u00edas Miguel Moreno Brizuela pasa a ocupar la jefatura de la oficina del jefe de gobierno capitalino; Luis Ernesto Serna Ch\u00e1vez estar\u00e1 en la Secretar\u00eda Particular; Fernando Mac\u00edas Cu\u00e9 es su coordinador de Comunicaci\u00f3n Social; y como asesores quedan Julio C\u00e9sar Serna Ch\u00e1vez y Guillermo Orozco Loreto.<\/p>\n<p>Fernando Mac\u00edas Cu\u00e9\u00a0naci\u00f3 en la ciudad de M\u00e9xico el 18 de enero de 1960 y se ha desempe\u00f1ado en diversas dependencias como coordinador de Comunicaci\u00f3n Social, entre ellas la ALDF, Semarnap, Fonatur, Diconsa, Liconsa y Fonaes y SNTE.<\/p>\n<p>Guillermo Orozco Loreto\u00a0naci\u00f3 en Guadalajara, Jalisco el 4 de septiembre de 1954. Estudi\u00f3 la Licenciatura en Econom\u00eda de la Universidad de Guadalajara.<\/p>\n<p>El\u00edas Miguel Moreno Brizuela\u00a0naci\u00f3 en la ciudad de M\u00e9xico, el 23 de septiembre de 1957. Estudi\u00f3 la carrera de m\u00e9dico cirujano en la Universidad Veracruzana con especialidad en cardiolog\u00eda y subespecialidad en rehabilitaci\u00f3n cardiaca por el Instituto Nacional de Cardiolog\u00eda Ignacio Ch\u00e1vez.<\/p>\n<p>Julio C\u00e9sar Serna Ch\u00e1vez\u00a0naci\u00f3 en la ciudad de Zacatecas el 27 de enero de 1961. Estudi\u00f3 la licenciatura en Administraci\u00f3n de Empresas en la Universidad Iberoamericana y actualmente cursa la maestr\u00eda en Administraci\u00f3n P\u00fablica en el INAP.<\/p>\n<p>Luis Ernesto Serna Ch\u00e1vez\u00a0naci\u00f3\u00a0el 7 de febrero de 1970 en Durango, Durango. Inici\u00f3\u00a0su trayectoria en el Servicio\u00a0P\u00fablico en\u00a01989 en el Instituto Nacional de Estadistica y Geograf\u00eda (INEGI). \u00a0Posteriormente en la Secretar\u00eda de Gobernaci\u00f3n, el Instituto de Seguridad y Servicios Sociales de los Trabajadores del Estado (ISSSTE) \u00a0y en la Presidencia de la Republica en la oficina de atenci\u00f3n a personas con discapacidad.<\/p>\n","protected":false},"excerpt":{"rendered":"<p>Miguel \u00c1ngel Mancera dio a conocer ayer los nombres de cinco personas que integrar\u00e1n su gabinete, entre ellos el jefe de su oficina, su secretario particular y el coordinador general de Comunicaci\u00f3n Social. De esta manera, El\u00edas Miguel Moreno Brizuela pasa a ocupar la jefatura de la oficina del jefe de gobierno capitalino; Luis Ernesto Serna Ch\u00e1vez estar\u00e1 en la Secretar\u00eda Particular; Fernando Mac\u00edas Cu\u00e9 es su coordinador de Comunicaci\u00f3n Social; y como asesores quedan Julio C\u00e9sar Serna Ch\u00e1vez y Guillermo Orozco Loreto.<\/p>\n","protected":false},"author":3,"featured_media":0,"comment_status":"open","ping_status":"open","sticky":false,"template":"","format":"standard","meta":{"_monsterinsights_skip_tracking":false,"_monsterinsights_sitenote_active":false,"_monsterinsights_sitenote_note":"","_monsterinsights_sitenote_category":0,"footnotes":""},"categories":[17,6],"tags":[210,204,5692,2821,43,5314,2044],"class_list":["post-113795","post","type-post","status-publish","format-standard","hentry","category-especiales","category-cd-de-mexico","tag-aldf","tag-ciudad-de-mexico","tag-comunicacion-social","tag-guadalajara","tag-jalisco","tag-miguel-angel-mancera-espinosa","tag-snte"],"_links":{"self":[{"href":"https:\/\/www.diarioimagen.net\/index.php?rest_route=\/wp\/v2\/posts\/113795","targetHints":{"allow":["GET"]}}],"collection":[{"href":"https:\/\/www.diarioimagen.net\/index.php?rest_route=\/wp\/v2\/posts"}],"about":[{"href":"https:\/\/www.diarioimagen.net\/index.php?rest_route=\/wp\/v2\/types\/post"}],"author":[{"embeddable":true,"href":"https:\/\/www.diarioimagen.net\/index.php?rest_route=\/wp\/v2\/users\/3"}],"replies":[{"embeddable":true,"href":"https:\/\/www.diarioimagen.net\/index.php?rest_route=%2Fwp%2Fv2%2Fcomments&post=113795"}],"version-history":[{"count":0,"href":"https:\/\/www.diarioimagen.net\/index.php?rest_route=\/wp\/v2\/posts\/113795\/revisions"}],"wp:attachment":[{"href":"https:\/\/www.diarioimagen.net\/index.php?rest_route=%2Fwp%2Fv2%2Fmedia&parent=113795"}],"wp:term":[{"taxonomy":"category","embeddable":true,"href":"https:\/\/www.diarioimagen.net\/index.php?rest_route=%2Fwp%2Fv2%2Fcategories&post=113795"},{"taxonomy":"post_tag","embeddable":true,"href":"https:\/\/www.diarioimagen.net\/index.php?rest_route=%2Fwp%2Fv2%2Ftags&post=113795"}],"curies":[{"name":"wp","href":"https:\/\/api.w.org\/{rel}","templated":true}]}}