{"id":113856,"date":"2012-12-05T00:06:05","date_gmt":"2012-12-05T06:06:05","guid":{"rendered":"http:\/\/www.diarioimagen.net\/?p=113856"},"modified":"2012-12-05T03:57:27","modified_gmt":"2012-12-05T09:57:27","slug":"designa-epn-a-titulares-de-cfe-pemex-conagua-issste-e-imss","status":"publish","type":"post","link":"https:\/\/www.diarioimagen.net\/?p=113856","title":{"rendered":"Designa EPN a titulares de CFE, Pemex, Conagua, ISSSTE e IMSS"},"content":{"rendered":"<ul>\n<li><strong><em>Les tom\u00f3 la protesta de ley<\/em><\/strong><\/li>\n<\/ul>\n<h6>Roberto Vizca\u00edno<\/h6>\n<div id=\"attachment_113890\" style=\"width: 250px\" class=\"wp-caption alignleft\"><a class=\"highslide\" onclick=\"return vz.expand(this)\" href=\"http:\/\/www.diarioimagen.net\/wp-content\/uploads\/2012\/12\/lerdo-1995.jpg\"><img loading=\"lazy\" decoding=\"async\" aria-describedby=\"caption-attachment-113890\" class=\"size-medium wp-image-113890\" title=\"lerdo-1995\" src=\"http:\/\/www.diarioimagen.net\/wp-content\/uploads\/2012\/12\/lerdo-1995-240x135.jpg\" alt=\"\" width=\"240\" height=\"135\" \/><\/a><p id=\"caption-attachment-113890\" class=\"wp-caption-text\">Sebasti\u00e1n Lerdo de Tejada\u00a0asume la direcci\u00f3n general del ISSSTE.<\/p><\/div>\n<p>El presidente Enrique Pe\u00f1a Nieto les tom\u00f3 ayer en Los Pinos la protesta a Emilio Lozoya Austin, Francisco Rojas Guti\u00e9rrez, David Korenfeld Federman, Sebasti\u00e1n Lerdo de Tejada y Jos\u00e9 Antonio Gonz\u00e1lez Anaya como nuevos titulares de Pemex, CFE, Conagua, ISSSTE e IMSS.<\/p>\n<p>Los cinco cargos, que son ocupados en su mayor\u00eda por personajes muy cercanos y de todas las confianzas del nuevo Presidente de la Rep\u00fablica; dos son mexiquenses y pr\u00e1cticamente todos representan a los pol\u00edticos m\u00e1s preparados acad\u00e9micamente y con mayor experiencia en el sector p\u00fablico y sus edades predominantes son menores de los 45 a\u00f1os.<\/p>\n<p>De entre todos los nuevos cargos de las paraestatales centrales del gobierno mexicano, sobresale sin duda el maestro Emilio Lozoya Austin, un joven de apenas 37 a\u00f1os \u2013cumplir\u00e1 38 el pr\u00f3ximo domingo-, con grados en la UNAM, el ITAM y en Harvard (hijo de Emilio Lozoya Thalman, uno de los amigos m\u00e1s cercanos de Carlos Salinas) y quien es considerado por el Foro Econ\u00f3mico Mundial de Davos como uno de los j\u00f3venes l\u00edderes m\u00e1s prometedores a nivel global.<\/p>\n<p>Sin ninguna duda es el director de Pemex m\u00e1s joven que haya ocupado ese asiento en la m\u00e1s importante paraestatal de M\u00e9xico.<\/p>\n<p align=\"center\"><strong>ROJAS<\/strong><\/p>\n<p>El nuevo director de la Comisi\u00f3n Federal de Electricidad, el mexiquense Francisco Rojas fue director de Pemex, con 68 a\u00f1os a cuestas, es el de m\u00e1s edad dentro del grupo, pero tambi\u00e9n el de mayor experiencia pol\u00edtica y administrativa. Su m\u00e1s reciente cargo fue el de coordinador de la bancada de los diputados federales del PRI.<\/p>\n<p align=\"center\"><strong>KORENFELD<\/strong><\/p>\n<p>Miembro prominente de la comunidad jud\u00eda, el doctor David Korenfeld Federman, hoy director de la Comisi\u00f3n Nacional del Agua, es uno de los m\u00e1s cercanos a Pe\u00f1a Nieto y form\u00f3 parte del grupo conocido como \u201cLos Golden Boys\u201d durante la administraci\u00f3n de Arturo Montiel en el Estado de M\u00e9xico.<\/p>\n<p>Sus esfuerzos por mejorar el sector hidr\u00e1ulico de M\u00e9xico le vali\u00f3 que en junio de 2010 fuera reconocido por la American Water Works Association con el premio George Warren Fuller. La AWWA es una sociedad internacional, educacional, fundada en 1881 que se integra con m\u00e1s de 60 mil miembros en el mundo.<\/p>\n<p align=\"center\"><strong>LERDO<\/strong><\/p>\n<p>Con 46 a\u00f1os de edad y una larga carrera pol\u00edtica dentro de la cual fue recientemente representante del PRI en el IFE, Sebasti\u00e1n Lerdo de Tejada, asume la direcci\u00f3n general del Instituto de Seguridad y Servicios Sociales de los Trabajadores del Estado.<\/p>\n<p align=\"center\"><strong>GONZ\u00c1LEZ ANAYA<\/strong><\/p>\n<p>El doctor en econom\u00eda por la Universidad de Harvard, Jos\u00e9 Antonio Gonz\u00e1lez Anaya, llega a la direcci\u00f3n del Instituto Mexicano del Seguro Social luego de haber sido coordinador de asesores de Agust\u00edn Carstens en la secretar\u00eda de Hacienda y de trabajar en el\u00a0 Banco Mundial y como investigador y profesor para el Centro de An\u00e1lisis para el Desarrollo de la Universidad de Stanford.<\/p>\n<p>En el gobierno de Felipe Calder\u00f3n fue subsecretario de Ingresos y particip\u00f3 en las reformas que se realizaron al Instituto de Seguridad y Servicios Sociales de los Trabajadores del Estado. Durante 1991 trabaj\u00f3 en la Oficina de la Presidencia bajo la direcci\u00f3n de Jos\u00e9 C\u00f3rdoba Montoya, durante el sexenio de Carlos Salinas de Gortari.<\/p>\n","protected":false},"excerpt":{"rendered":"<p><span style=\"color: #005497;\"><strong>Roberto Vizca\u00edno<\/strong><\/span><br \/>\n<br \/>\nEl presidente Enrique Pe\u00f1a Nieto les tom\u00f3 ayer en Los Pinos la protesta a Emilio Lozoya Austin, Francisco Rojas Guti\u00e9rrez, David Korenfeld Federman, Sebasti\u00e1n Lerdo de Tejada y Jos\u00e9 Antonio Gonz\u00e1lez Anaya como nuevos titulares de Pemex, CFE, Conagua, ISSSTE e IMSS.<\/p>\n","protected":false},"author":3,"featured_media":0,"comment_status":"open","ping_status":"open","sticky":false,"template":"","format":"standard","meta":{"_monsterinsights_skip_tracking":false,"_monsterinsights_sitenote_active":false,"_monsterinsights_sitenote_note":"","_monsterinsights_sitenote_category":0,"footnotes":""},"categories":[3],"tags":[139,531,4006,7071,18,5732,257,952,43673,292,8397],"class_list":["post-113856","post","type-post","status-publish","format-standard","hentry","category-nacional","tag-cfe","tag-conagua","tag-david-korenfeld-federman","tag-emilio-lozoya-austin","tag-enrique-pena-nieto","tag-francisco-rojas-gutierrez","tag-imss","tag-issste","tag-nacional","tag-pemex","tag-sebastian-lerdo-de-tejada"],"_links":{"self":[{"href":"https:\/\/www.diarioimagen.net\/index.php?rest_route=\/wp\/v2\/posts\/113856","targetHints":{"allow":["GET"]}}],"collection":[{"href":"https:\/\/www.diarioimagen.net\/index.php?rest_route=\/wp\/v2\/posts"}],"about":[{"href":"https:\/\/www.diarioimagen.net\/index.php?rest_route=\/wp\/v2\/types\/post"}],"author":[{"embeddable":true,"href":"https:\/\/www.diarioimagen.net\/index.php?rest_route=\/wp\/v2\/users\/3"}],"replies":[{"embeddable":true,"href":"https:\/\/www.diarioimagen.net\/index.php?rest_route=%2Fwp%2Fv2%2Fcomments&post=113856"}],"version-history":[{"count":0,"href":"https:\/\/www.diarioimagen.net\/index.php?rest_route=\/wp\/v2\/posts\/113856\/revisions"}],"wp:attachment":[{"href":"https:\/\/www.diarioimagen.net\/index.php?rest_route=%2Fwp%2Fv2%2Fmedia&parent=113856"}],"wp:term":[{"taxonomy":"category","embeddable":true,"href":"https:\/\/www.diarioimagen.net\/index.php?rest_route=%2Fwp%2Fv2%2Fcategories&post=113856"},{"taxonomy":"post_tag","embeddable":true,"href":"https:\/\/www.diarioimagen.net\/index.php?rest_route=%2Fwp%2Fv2%2Ftags&post=113856"}],"curies":[{"name":"wp","href":"https:\/\/api.w.org\/{rel}","templated":true}]}}