{"id":113928,"date":"2012-12-06T00:05:08","date_gmt":"2012-12-06T06:05:08","guid":{"rendered":"http:\/\/www.diarioimagen.net\/?p=113928"},"modified":"2012-12-07T01:40:17","modified_gmt":"2012-12-07T07:40:17","slug":"decidamos-juntos","status":"publish","type":"post","link":"https:\/\/www.diarioimagen.net\/?p=113928","title":{"rendered":"\u201cDecidamos juntos\u201d"},"content":{"rendered":"<h2>\u00cdndice pol\u00edtico<\/h2>\n<h5>Francisco Rodr\u00edguez<\/h5>\n<p><span><br \/>\nTodo indica, por fortuna, que el egocentrismo, la arrogancia y la soberbia quedaron atr\u00e1s, muy atr\u00e1s, en el manejo pol\u00edtico y administrativo de la ciudad m\u00e1s importante del pa\u00eds.<\/span><\/p>\n<p>Dej\u00f3 Marcelo Ebrard Casaubon la jefatura del gobierno del Distrito Federal y asumi\u00f3 Miguel \u00c1ngel Mancera Espinosa quien trae consigo una agradable y fresca propuesta incluyente.<\/p>\n<p>Se desesperaba Ebrard porque sus altos vuelos acad\u00e9micos no eran aterrizados por aquellos a quienes despectivamente siempre ha mirado hacia abajo.<\/p>\n<p>\u201c\u00bfMe entienden?, \u00bfDe verdad me entienden?\u201d, preguntaba invariablemente a los reporteros en sus muy frecuentes conferencias de prensa, incluso en las entrevistas \u201cbanqueteras\u201d.<\/p>\n<p>Es inteligente, s\u00ed, pero demasiado \u201csobrado\u201d. Y eso lo pierde.<\/p>\n<p>No fueron de \u00e9l, de su propiedad, por ejemplo, las muchas obras que, cierto, se erigieron en su sexenio. No es \u201csu\u201d Hemiciclo. Tampoco \u201csu\u201d Alameda. Las obras viales, de transporte y muchas m\u00e1s son producto de los dineros \u2013y de la deuda\u2014 de los capitalinos.<\/p>\n<p>Pero eso ya acab\u00f3. Dif\u00edcil que, pese a sus deseos personales, don Marcelo retorne a las grandes ligas.<\/p>\n<p>Volvi\u00f3 a perderlo su egocentrismo cuando anunci\u00f3 no s\u00f3lo que buscar\u00eda ser presidente en el 2018, peor, cuando dijo que ir\u00eda por la dirigencia del PRD, lo que seguro no agrad\u00f3 a la corriente dominante dentro del sol azteca, la de los llamados \u201cChuchos\u201d, que seguro exclamaron el cl\u00e1sico y mexican\u00edsimo \u00a1s\u00ed, Chucha, c\u00f3mo no!<\/p>\n<p>Mancera Espinosa, sencillo \u2013pese a estar respaldado por verdaderos t\u00edtulos universitarios\u2014, nada presuntuoso, llega al cargo pol\u00edtico m\u00e1s importante de la capital nacional con un respaldo popular que no tiene antecedentes.<\/p>\n<p>Tambi\u00e9n con el prestigio de haber sido art\u00edfice, junto al ahora \u201cpri\u00edsta\u201d Manuel Mondrag\u00f3n, de la seguridad que hasta hace poco se viv\u00eda en el DF, en lamentable comparaci\u00f3n con otros puntos de la geograf\u00eda mexicana.<\/p>\n<p>Llega el se\u00f1or Mancera, asimismo, con un mensaje de inclusi\u00f3n que se anuncia desde el nuevo lema del gobierno que encabeza: \u201cDecidamos Juntos\u201d.<\/p>\n<p>Y eso implica, creo yo, escuchar a todos \u2013incluidos a los afectados de la denominada S\u00faper V\u00eda\u2014, hacer caso a las opiniones de todos.<\/p>\n<p align=\"center\">\u00a0<strong>EL EQUIPO LO ENGRANDECE<\/strong><\/p>\n<p>Mucho se habl\u00f3, en las v\u00edsperas de su toma de posesi\u00f3n, de las tremendas presiones a las que fue sometido el se\u00f1or Mancera para que los diferentes grupos, tribus e incluso su antecesor le formaran el gabinete. Por tal fue que el anuncio del equipo se guard\u00f3 hasta el \u00faltimo momento.<\/p>\n<p>Pol\u00edtico, de mano izquierda, Mancera satisfizo en cierta medida las demandas de sus peticionarios. Le dio cargo a un recomendado de Ebrard, el secretario de Gobierno, H\u00e9ctor Serrano. A uno de los \u201cChuchos\u201d, Carlos Navarrete, en la Secretar\u00eda del Trabajo. Miguel Torruco, propuesta de AMLO para Turismo en la Federaci\u00f3n, lo ser\u00e1 ahora en la capital de la Rep\u00fablica. Y otro, incluso, a los calderonistas, en la persona de Salom\u00f3n Chertorivsky, quien de la Secretar\u00eda de Salud federal ha ascendido a la local de Desarrollo Econ\u00f3mico.<\/p>\n<p>Y para el \u00faltimo momento su anuncio espectacular: El ingeniero Cuauht\u00e9moc C\u00e1rdenas Sol\u00f3rzano, como coordinador de Asuntos Internacionales, cargo que hasta hace unas horas ten\u00eda una de las ex esposas de Marcelo Ebrard\u2026 quien manej\u00f3 el erario, como si fuera propio.<\/p>\n<p>Un gabinete plural y, claro, tambi\u00e9n incluyente. \u00bfAcaso un gabinete como el de Benito Ju\u00e1rez que tantas veces fue mencionado por Andr\u00e9s Manuel L\u00f3pez Obrador en su reciente campa\u00f1a presidencial?<\/p>\n<p>Tal vez no por todas las figuras, pero s\u00ed por las dos reglas de oro: Lealtad y nadie que no fuese liberal, pod\u00eda figurar en el gabinete juarista. La muy noble y leal Ciudad de M\u00e9xico es liberal. La m\u00e1s liberal del pa\u00eds.<\/p>\n<p>Mancera tambi\u00e9n parece serlo. Nueva y buena Administraci\u00f3n la que inicia ahora.<\/p>\n<p>Y es ahora, precisamente, que dejamos atr\u00e1s el egocentrismo, la arrogancia y la soberbia que caracterizaron al anterior inquilino del Palacio del Ayuntamiento.<\/p>\n<p><strong>\u00a1Enhorabuena!<\/strong><\/p>\n<p><strong><em>\u00cdndice Flam\u00edgero:<\/em><\/strong> Va de broma: Que, de \u00faltimo momento y al igual que lo hiciera Felipe Calder\u00f3n, Marcelo Ebrard quer\u00eda enviar una iniciativa para cambiarle el nombre a la ciudad. Su deseo: que en adelante se llamara \u201cMarcelona\u201d. No le permitieron que siquiera lo plasmara en iniciativa. + + + Una colega muy respetada y muy querida, Rosa Icela Rodr\u00edguez, ocupar\u00e1 la Secretar\u00eda de Desarrollo Social del DF. + + + Tambi\u00e9n reapareci\u00f3, como asesor principal\u00edsimo del se\u00f1or Mancera, el \u00faltimo delegado pri\u00edsta en Cuauht\u00e9moc, Guillermo Orozco Loreto.<\/p>\n<p><em><a href=\"http:\/\/www.indicepolitico.com\/\" target=\"_blank\"><em>www.indicepolitico.com<\/em><\/a><br \/>\n<\/em><em><a href=\"mailto:pacorodriguez@journalist.com\" target=\"_blank\">pacorodriguez@journalist.com<\/a><\/em><\/p>\n","protected":false},"excerpt":{"rendered":"<p><span style=\"color: #005497;\"><strong>Francisco Rodr\u00edguez<\/strong><\/span><\/p>\n","protected":false},"author":3,"featured_media":0,"comment_status":"open","ping_status":"open","sticky":false,"template":"","format":"standard","meta":{"_monsterinsights_skip_tracking":false,"_monsterinsights_sitenote_active":false,"_monsterinsights_sitenote_note":"","_monsterinsights_sitenote_category":0,"footnotes":""},"categories":[549],"tags":[39,43689,550,5314],"class_list":["post-113928","post","type-post","status-publish","format-standard","hentry","category-francisco-rodriguez","tag-distrito-federal","tag-francisco-rodriguez","tag-indice-politico","tag-miguel-angel-mancera-espinosa"],"_links":{"self":[{"href":"https:\/\/www.diarioimagen.net\/index.php?rest_route=\/wp\/v2\/posts\/113928","targetHints":{"allow":["GET"]}}],"collection":[{"href":"https:\/\/www.diarioimagen.net\/index.php?rest_route=\/wp\/v2\/posts"}],"about":[{"href":"https:\/\/www.diarioimagen.net\/index.php?rest_route=\/wp\/v2\/types\/post"}],"author":[{"embeddable":true,"href":"https:\/\/www.diarioimagen.net\/index.php?rest_route=\/wp\/v2\/users\/3"}],"replies":[{"embeddable":true,"href":"https:\/\/www.diarioimagen.net\/index.php?rest_route=%2Fwp%2Fv2%2Fcomments&post=113928"}],"version-history":[{"count":0,"href":"https:\/\/www.diarioimagen.net\/index.php?rest_route=\/wp\/v2\/posts\/113928\/revisions"}],"wp:attachment":[{"href":"https:\/\/www.diarioimagen.net\/index.php?rest_route=%2Fwp%2Fv2%2Fmedia&parent=113928"}],"wp:term":[{"taxonomy":"category","embeddable":true,"href":"https:\/\/www.diarioimagen.net\/index.php?rest_route=%2Fwp%2Fv2%2Fcategories&post=113928"},{"taxonomy":"post_tag","embeddable":true,"href":"https:\/\/www.diarioimagen.net\/index.php?rest_route=%2Fwp%2Fv2%2Ftags&post=113928"}],"curies":[{"name":"wp","href":"https:\/\/api.w.org\/{rel}","templated":true}]}}