{"id":113939,"date":"2012-12-06T00:02:22","date_gmt":"2012-12-06T06:02:22","guid":{"rendered":"http:\/\/www.diarioimagen.net\/?p=113939"},"modified":"2012-12-07T01:52:31","modified_gmt":"2012-12-07T07:52:31","slug":"muy-mal-en-justicia","status":"publish","type":"post","link":"https:\/\/www.diarioimagen.net\/?p=113939","title":{"rendered":"Muy mal en justicia"},"content":{"rendered":"<h2>Punto por punto<\/h2>\n<h5>Augusto Corro<\/h5>\n<p><span><br \/>\nLa impartici\u00f3n de justicia en nuestro pa\u00eds se encuentra en la calle, como se dice coloquialmente. Leamos lo que se opina de nuestro pa\u00eds: \u201cLos sistemas de justicia criminal y civil de M\u00e9xico, as\u00ed como la capacidad del Estado para proporcionar orden y seguridad a sus habitantes, est\u00e1n entre los peores del mundo\u201d.<\/span><\/p>\n<p>Lo anterior se desprende del Indice sobre Aplicaci\u00f3n de la Ley 2012, publicado el 28 de noviembre por el Proyecto Mundial de Justicia.\u00a0 Se\u00f1ala, adem\u00e1s, que M\u00e9xico se encuentra en el lugar 91 de 97 pa\u00edses investigados, debajo de naciones en peores condiciones econ\u00f3micas como Tanzania, Senegal, Sri Lanka, Etiop\u00eda, etc.<\/p>\n<p>En\u00a0 general, no es nuevo para nosotros saber que la procuraci\u00f3n e impartici\u00f3n de justicia son letra muerta.\u00a0 De los miles de personas acusadas de delitos graves, es decir asesinatos, la mayor\u00eda goza de una libertad total. Hay sectores de la poblaci\u00f3n m\u00e1s vulnerables a las agresiones de los enemigos de la sociedad. Por ejemplo, los defensores de los derechos humanos y los periodistas.\u00a0 Antier, el reportero Milton Andr\u00e9s Mart\u00ednez fue agredido por la escolta del procurador de Coahuila,\u00a0 Homero Ramos Gloria.<\/p>\n<p>Decenas de activistas perdieron la vida en los \u00faltimos 6 a\u00f1os. En las mismas condiciones se encuentran los comunicadores. En general, la sociedad padece las flaquezas de los procuradores e impartidores de justicia.\u00a0 Obvio, que la corrupci\u00f3n juega un papel importante. En ella participan aquellos que est\u00e1n relacionados con la impartici\u00f3n de justicia: polic\u00edas, representantes del ministerio p\u00fablico, jueces, etc.<\/p>\n<p>En infinidad de casos, como se vio \u00faltimamente, los jueces no pueden aplicar la ley a plenitud, porque las averiguaciones previas son deficientes. Van plagadas de errores, de fallas, es decir, no se presentan bien integradas.<\/p>\n<p>La cadena de errores no tiene fin y propicia que los delincuentes, tal es el caso de los narcotraficantes, quienes por dichas irregularidades alcanzan a salir libres protegidos con fianzas\u00a0 que cualquiera puede pagar.\u00a0 En el mencionado informe se hace notar que la corrupci\u00f3n es un problema serio en todas las ramas del gobierno; \u201cy causa preocupaci\u00f3n el fracaso para perseguir a funcionarios corruptos\u201d. Hasta el sexenio pasado, los gobernadores y los bur\u00f3cratas de buen nivel no tuvieron empacho en disponer del erario.<\/p>\n<p>En los estados, los gobernadores disfrazaron sus rater\u00edas con la denominada acumulaci\u00f3n de la deuda p\u00fablica. Se despacharon con\u00a0 la cuchara grande y dejaron vac\u00edas las arcas p\u00fablicas.\u00a0 Sab\u00edan que no ser\u00edan llamados a rendir cuentas.<\/p>\n<p>La lista de mandatarios estatales que, al parecer, ya no fueron alcanzados por el brazo de la justicia son: Amalia Garc\u00eda, Ulises Ruiz Ortiz;\u00a0 mi gober precioso, Mario Mar\u00edn,\u00a0 Leonel Godoy y Marco Antonio Adame.\u00a0 Todos ellos son egresados de diferentes partidos pol\u00edticos. No importa la organizaci\u00f3n que representan, pues en el fondo son iguales.\u00a0 Tienen las u\u00f1as largas.\u00a0 A grandes rasgos, as\u00ed se encuentra la justicia en nuestro pa\u00eds.<\/p>\n<p>Para continuar con el tema de la justicia, el diputado del PRI con licencia, Jes\u00fas Murillo Karam fue ratificado por el Senado como titular de la Procuradur\u00eda General de la Rep\u00fablica (PGR). Como es del conocimiento de todos los mexicanos, la PGR sirvi\u00f3 como instrumento pol\u00edtico de los presidentes de la Rep\u00fablica, para cobrarse algunas afrentas o venganzas. El nuevo procurador general tendr\u00e1 que trabajar,\u00a0 incansablemente, para devolverle a la mencionada dependencia una imagen positiva, su valor real y su buen prestigio ante la sociedad.\u00a0 El propio Murillo Karam dijo que la PGR \u201cest\u00e1 desmantelada y requiere de una fortalecimiento para mejorar su imagen\u201d. Una vez ungido como abogado de la naci\u00f3n, el hidalguense asegur\u00f3 que actuar\u00e1 con firmeza implacable en la integraci\u00f3n de las averiguaciones previas para perseguir a la delincuencia.<\/p>\n<p>Prometi\u00f3, adem\u00e1s, que no utilizar\u00e1 a la PGR como un instrumento de car\u00e1cter pol\u00edtico.\u00a0 Tendr\u00e1 que pasar un tiempo considerable para que en M\u00e9xico se vuelva a vivir con paz y justicia. Quienes participan en la procuraci\u00f3n e impartici\u00f3n de justicia, tarde o temprano entender\u00e1n que tenemos leyes suficientes, que deben ser aplicadas correctamente, para propiciar un clima de armon\u00eda en una sociedad cansada de agresiones y atropellos de polic\u00edas, representantes del Ministerio P\u00fablico y jueces.\u00a0 Nunca es tarde para utilizar la barredora contra los delincuentes disfrazados de funcionarios p\u00fablicos.<\/p>\n<p><em><a href=\"mailto:aco2742@hotmail.com\" target=\"_blank\">aco2742@hotmail.com<\/a><\/em><\/p>\n","protected":false},"excerpt":{"rendered":"<p><span style=\"color: #005497;\"><strong>Augusto Corro<\/strong><\/span><\/p>\n","protected":false},"author":3,"featured_media":0,"comment_status":"open","ping_status":"open","sticky":false,"template":"","format":"standard","meta":{"_monsterinsights_skip_tracking":false,"_monsterinsights_sitenote_active":false,"_monsterinsights_sitenote_note":"","_monsterinsights_sitenote_category":0,"footnotes":""},"categories":[157],"tags":[43686,43674,232,362,11515],"class_list":["post-113939","post","type-post","status-publish","format-standard","hentry","category-augusto-corro","tag-augusto-corro","tag-opinion","tag-pgr","tag-pri","tag-punto-por-punto"],"_links":{"self":[{"href":"https:\/\/www.diarioimagen.net\/index.php?rest_route=\/wp\/v2\/posts\/113939","targetHints":{"allow":["GET"]}}],"collection":[{"href":"https:\/\/www.diarioimagen.net\/index.php?rest_route=\/wp\/v2\/posts"}],"about":[{"href":"https:\/\/www.diarioimagen.net\/index.php?rest_route=\/wp\/v2\/types\/post"}],"author":[{"embeddable":true,"href":"https:\/\/www.diarioimagen.net\/index.php?rest_route=\/wp\/v2\/users\/3"}],"replies":[{"embeddable":true,"href":"https:\/\/www.diarioimagen.net\/index.php?rest_route=%2Fwp%2Fv2%2Fcomments&post=113939"}],"version-history":[{"count":0,"href":"https:\/\/www.diarioimagen.net\/index.php?rest_route=\/wp\/v2\/posts\/113939\/revisions"}],"wp:attachment":[{"href":"https:\/\/www.diarioimagen.net\/index.php?rest_route=%2Fwp%2Fv2%2Fmedia&parent=113939"}],"wp:term":[{"taxonomy":"category","embeddable":true,"href":"https:\/\/www.diarioimagen.net\/index.php?rest_route=%2Fwp%2Fv2%2Fcategories&post=113939"},{"taxonomy":"post_tag","embeddable":true,"href":"https:\/\/www.diarioimagen.net\/index.php?rest_route=%2Fwp%2Fv2%2Ftags&post=113939"}],"curies":[{"name":"wp","href":"https:\/\/api.w.org\/{rel}","templated":true}]}}