{"id":113963,"date":"2012-12-06T00:04:49","date_gmt":"2012-12-06T06:04:49","guid":{"rendered":"http:\/\/www.diarioimagen.net\/?p=113963"},"modified":"2012-12-07T03:39:36","modified_gmt":"2012-12-07T09:39:36","slug":"por-nuevo-leon-la-primera-gira-de-trabajo-del-presidente","status":"publish","type":"post","link":"https:\/\/www.diarioimagen.net\/?p=113963","title":{"rendered":"Por Nuevo Le\u00f3n, la primera gira de trabajo del Presidente"},"content":{"rendered":"<ul>\n<li><strong><em>En su periplo por el estado norte\u00f1o, el mandatario anunciar\u00e1 acciones del gobierno federal a favor de los nuevoleoneses<\/em><\/strong><\/li>\n<\/ul>\n<div id=\"attachment_114015\" style=\"width: 250px\" class=\"wp-caption alignleft\"><a class=\"highslide\" onclick=\"return vz.expand(this)\" href=\"http:\/\/www.diarioimagen.net\/wp-content\/uploads\/2012\/12\/epn-1996.jpg\"><img loading=\"lazy\" decoding=\"async\" aria-describedby=\"caption-attachment-114015\" class=\"size-medium wp-image-114015\" title=\"epn-1996\" src=\"http:\/\/www.diarioimagen.net\/wp-content\/uploads\/2012\/12\/epn-1996-240x135.jpg\" alt=\"\" width=\"240\" height=\"135\" \/><\/a><p id=\"caption-attachment-114015\" class=\"wp-caption-text\">El presidente Enrique Pe\u00f1a Nieto desplegar\u00e1 hoy su primera gira al interior del pa\u00eds; viajar\u00e1 a Nuevo Le\u00f3n<\/p><\/div>\n<p>En lo que ser\u00e1 su primera gira por el pa\u00eds, el presidente Enrique Pe\u00f1a Nieto se alista a viajar hoy jueves al estado de Nuevo Le\u00f3n.<\/p>\n<p>El Ejecutivo federal visitar\u00e1 la capital Monterrey y los municipios de Apodaca y Santa Catarina, con el fin de anunciar acciones de su gobierno en favor de los nuevoleoneses.<\/p>\n<p>En la que ser\u00e1 su primera gira por el pa\u00eds como mandatario, anunciar\u00e1 oficialmente el inicio de las obras de la l\u00ednea 3 del Metro de Monterrey, cuyo plan adelant\u00f3 en su toma de posesi\u00f3n, y har\u00e1 un recorrido por algunos puntos del proyecto que tambi\u00e9n beneficiar\u00e1 a los habitantes de Apodaca.<\/p>\n<p>Se prev\u00e9 que tambi\u00e9n dar\u00e1 a conocer la inversi\u00f3n federal para el proyecto Monterrey VI, con el fin de llevar agua del r\u00edo P\u00e1nuco a la capital de Nuevo Le\u00f3n y su zona metropolitana para as\u00ed garantizar el abasto del l\u00edquido para los pr\u00f3ximos 50 a\u00f1os.<\/p>\n","protected":false},"excerpt":{"rendered":"<p>En lo que ser\u00e1 su primera gira por el pa\u00eds, el presidente Enrique Pe\u00f1a Nieto se alista a viajar hoy jueves al estado de Nuevo Le\u00f3n. El Ejecutivo federal visitar\u00e1 la capital Monterrey y los municipios de Apodaca y Santa Catarina, con el fin de anunciar acciones de su gobierno en favor de los nuevoleoneses.<\/p>\n","protected":false},"author":3,"featured_media":0,"comment_status":"open","ping_status":"open","sticky":false,"template":"","format":"standard","meta":{"_monsterinsights_skip_tracking":false,"_monsterinsights_sitenote_active":false,"_monsterinsights_sitenote_note":"","_monsterinsights_sitenote_category":0,"footnotes":""},"categories":[17,3],"tags":[18,4867,2015,43673,45,3382],"class_list":["post-113963","post","type-post","status-publish","format-standard","hentry","category-especiales","category-nacional","tag-enrique-pena-nieto","tag-gira","tag-monterrey","tag-nacional","tag-nuevo-leon","tag-presidente"],"_links":{"self":[{"href":"https:\/\/www.diarioimagen.net\/index.php?rest_route=\/wp\/v2\/posts\/113963","targetHints":{"allow":["GET"]}}],"collection":[{"href":"https:\/\/www.diarioimagen.net\/index.php?rest_route=\/wp\/v2\/posts"}],"about":[{"href":"https:\/\/www.diarioimagen.net\/index.php?rest_route=\/wp\/v2\/types\/post"}],"author":[{"embeddable":true,"href":"https:\/\/www.diarioimagen.net\/index.php?rest_route=\/wp\/v2\/users\/3"}],"replies":[{"embeddable":true,"href":"https:\/\/www.diarioimagen.net\/index.php?rest_route=%2Fwp%2Fv2%2Fcomments&post=113963"}],"version-history":[{"count":0,"href":"https:\/\/www.diarioimagen.net\/index.php?rest_route=\/wp\/v2\/posts\/113963\/revisions"}],"wp:attachment":[{"href":"https:\/\/www.diarioimagen.net\/index.php?rest_route=%2Fwp%2Fv2%2Fmedia&parent=113963"}],"wp:term":[{"taxonomy":"category","embeddable":true,"href":"https:\/\/www.diarioimagen.net\/index.php?rest_route=%2Fwp%2Fv2%2Fcategories&post=113963"},{"taxonomy":"post_tag","embeddable":true,"href":"https:\/\/www.diarioimagen.net\/index.php?rest_route=%2Fwp%2Fv2%2Ftags&post=113963"}],"curies":[{"name":"wp","href":"https:\/\/api.w.org\/{rel}","templated":true}]}}