{"id":113982,"date":"2012-12-06T00:01:58","date_gmt":"2012-12-06T06:01:58","guid":{"rendered":"http:\/\/www.diarioimagen.net\/?p=113982"},"modified":"2012-12-07T03:39:17","modified_gmt":"2012-12-07T09:39:17","slug":"danna-paola-enamora-al-lunario","status":"publish","type":"post","link":"https:\/\/www.diarioimagen.net\/?p=113982","title":{"rendered":"Danna Paola enamora al Lunario"},"content":{"rendered":"<ul>\n<li><strong><em>La joven cantante demostr\u00f3 que puede convertirse en la nueva estrella del pop<\/em><\/strong><\/li>\n<\/ul>\n<h6>Arturo Arellano<\/h6>\n<div id=\"attachment_114024\" style=\"width: 250px\" class=\"wp-caption alignleft\"><a class=\"highslide\" onclick=\"return vz.expand(this)\" href=\"http:\/\/www.diarioimagen.net\/wp-content\/uploads\/2012\/12\/danna-paola-1996.jpg\"><img loading=\"lazy\" decoding=\"async\" aria-describedby=\"caption-attachment-114024\" class=\"size-medium wp-image-114024\" title=\"danna-paola-1996\" src=\"http:\/\/www.diarioimagen.net\/wp-content\/uploads\/2012\/12\/danna-paola-1996-240x135.jpg\" alt=\"\" width=\"240\" height=\"135\" \/><\/a><p id=\"caption-attachment-114024\" class=\"wp-caption-text\">Con Eleazar G\u00f3mez cant\u00f3 a dueto <em><strong>Regalo<\/strong><\/em>, situaci\u00f3n que despert\u00f3 el grito de \u201cbeso, beso\u201d, entre los asistentes, pero \u00e9ste no se dio.<\/p><\/div>\n<p>La magia desbord\u00f3 de la mirada y talento de Danna Paola, quien deleit\u00f3 a sus seguidores durante el concierto que ofreci\u00f3 el martes en el Lunario del Auditorio Nacional, como parte de su gira que continuar\u00e1 en el 2013, cuando recorrer\u00e1 gran parte del pa\u00eds.<\/p>\n<p>Todo comenz\u00f3 cuando en una pantalla comenzaron a proyectarse im\u00e1genes de una joven radiante y hermosa llamada Danna Paola, quien adem\u00e1s ha participado en distintas telenovelas, con las cuales ha obtenido un enorme \u00e9xito,\u00a0 pero \u00e9sta era la noche de la transformaci\u00f3n, pues terminada la proyecci\u00f3n se retir\u00f3 la pantalla revelando la presencia en el escenario de una ni\u00f1a con mayor madurez, tanto f\u00edsica como vocal, situaci\u00f3n de la cual nos percatamos tras una hermosa interpretaci\u00f3n del tema <em>Ruleta<\/em>.<\/p>\n<p>As\u00ed comenz\u00f3 la que ser\u00eda, seg\u00fan palabras de la misma Danna, \u201cla mejor noche de mi vida\u201d y por supuesto tambi\u00e9n la de los fans que se dieron cita en el recinto.<\/p>\n<p>La cantante que luc\u00eda bella, vistiendo una blusa en color rosa, pantalones entallados de colores varios y un peinado que recordaba mucho la moda ochentera, se dio a la tarea de volver locos a todos los presentes con sus canciones y baile con los cuales fue capaz de llenar todo el escenario, entre otros temas pudimos escuchar <em>C\u00farame, Nunca, Cero gravedad<\/em>, para despu\u00e9s dar paso a un cambio de vestuario, en el que se cambi\u00f3 por una blusa negra y pantalones ajustados en plata.<\/p>\n<p>Danna se dio tiempo de cantar una canci\u00f3n que se hiciera \u00e9xito durante la telenovela <em>Atr\u00e9vete a so\u00f1ar,<\/em> en la voz de Violeta Isfel,<em> Gasolina<\/em>, con la cual m\u00e1s de uno no aguant\u00f3 la emoci\u00f3n y se lanzaron miles de piropos para la cantante de apenas 17 a\u00f1os.<\/p>\n<p>Acto seguido coment\u00f3 \u201cEl siguiente tema es de mis favoritos del disco\u201d, dando entrada a <em>Nuestro amor<\/em>, el cual fue seguido de <em>M\u00e1s que amigos<\/em>, con el que agradeci\u00f3 la presencia de sus fans, parientes y amigos, entre los que destac\u00f3 la presencia de In\u00e9s S\u00e1inz, Zoraida G\u00f3mez, C\u00e9sar Bono y Ren\u00e9 Strickler, quienes disfrutaron del show m\u00e1s como fans que como amigos, ya que se les not\u00f3 cantando muy animados durante todo el evento.<\/p>\n<p>Ya entrados en la etapa final del concierto, Danna Paola interpret\u00f3 <em>Todo fue un show<\/em>, <em>Agridulce, Mundo de caramelo<\/em> y <em>No puedo olvidarlo<\/em>, anticipando la llegada de un invitado muy especial, el joven Eleazar G\u00f3mez con quien cant\u00f3 a dueto el tema <em>Regalo<\/em>, situaci\u00f3n que despert\u00f3 el grito de \u201cbeso, beso\u201d, entre los asistentes, pero \u00e9ste no se dio.<\/p>\n<p>Finalmente una emocionada y evidentemente feliz Danna Paola, cant\u00f3 <em>Labios de cereza<\/em> y <em>Fiesta<\/em>, con lo cual cerr\u00f3 su mundo de caramelo moment\u00e1neamente.<\/p>\n","protected":false},"excerpt":{"rendered":"<p>La magia desbord\u00f3 de la mirada y talento de Danna Paola, quien deleit\u00f3 a sus seguidores durante el concierto que ofreci\u00f3 el martes en el Lunario del Auditorio Nacional, como parte de su gira que continuar\u00e1 en el 2013, cuando recorrer\u00e1 gran parte del pa\u00eds.<\/p>\n","protected":false},"author":3,"featured_media":0,"comment_status":"open","ping_status":"open","sticky":false,"template":"","format":"standard","meta":{"_monsterinsights_skip_tracking":false,"_monsterinsights_sitenote_active":false,"_monsterinsights_sitenote_note":"","_monsterinsights_sitenote_category":0,"footnotes":""},"categories":[17,12],"tags":[19031,3789,43682,3703],"class_list":["post-113982","post","type-post","status-publish","format-standard","hentry","category-especiales","category-espectaculos","tag-arturo-arellano","tag-danna-paola","tag-espectaculos","tag-lunario"],"_links":{"self":[{"href":"https:\/\/www.diarioimagen.net\/index.php?rest_route=\/wp\/v2\/posts\/113982","targetHints":{"allow":["GET"]}}],"collection":[{"href":"https:\/\/www.diarioimagen.net\/index.php?rest_route=\/wp\/v2\/posts"}],"about":[{"href":"https:\/\/www.diarioimagen.net\/index.php?rest_route=\/wp\/v2\/types\/post"}],"author":[{"embeddable":true,"href":"https:\/\/www.diarioimagen.net\/index.php?rest_route=\/wp\/v2\/users\/3"}],"replies":[{"embeddable":true,"href":"https:\/\/www.diarioimagen.net\/index.php?rest_route=%2Fwp%2Fv2%2Fcomments&post=113982"}],"version-history":[{"count":0,"href":"https:\/\/www.diarioimagen.net\/index.php?rest_route=\/wp\/v2\/posts\/113982\/revisions"}],"wp:attachment":[{"href":"https:\/\/www.diarioimagen.net\/index.php?rest_route=%2Fwp%2Fv2%2Fmedia&parent=113982"}],"wp:term":[{"taxonomy":"category","embeddable":true,"href":"https:\/\/www.diarioimagen.net\/index.php?rest_route=%2Fwp%2Fv2%2Fcategories&post=113982"},{"taxonomy":"post_tag","embeddable":true,"href":"https:\/\/www.diarioimagen.net\/index.php?rest_route=%2Fwp%2Fv2%2Ftags&post=113982"}],"curies":[{"name":"wp","href":"https:\/\/api.w.org\/{rel}","templated":true}]}}