{"id":114187,"date":"2012-12-07T00:06:21","date_gmt":"2012-12-07T06:06:21","guid":{"rendered":"http:\/\/www.diarioimagen.net\/?p=114187"},"modified":"2012-12-07T03:38:34","modified_gmt":"2012-12-07T09:38:34","slug":"profeco-llama-a-evitar-los-gastos-superfluos","status":"publish","type":"post","link":"https:\/\/www.diarioimagen.net\/?p=114187","title":{"rendered":"Profeco llama a evitar los gastos superfluos"},"content":{"rendered":"<ul>\n<li><em><strong>Por un a\u00f1o nuevo sin deudas<\/strong><\/em><\/li>\n<\/ul>\n<p>&nbsp;<\/p>\n<div id=\"attachment_114189\" style=\"width: 250px\" class=\"wp-caption alignleft\"><a class=\"highslide\" onclick=\"return vz.expand(this)\" href=\"http:\/\/www.diarioimagen.net\/wp-content\/uploads\/2012\/12\/profeco-1997.jpg\"><img loading=\"lazy\" decoding=\"async\" aria-describedby=\"caption-attachment-114189\" class=\"size-medium wp-image-114189\" title=\"profeco-1997\" src=\"http:\/\/www.diarioimagen.net\/wp-content\/uploads\/2012\/12\/profeco-1997-240x135.jpg\" alt=\"\" width=\"240\" height=\"135\" \/><\/a><p id=\"caption-attachment-114189\" class=\"wp-caption-text\">La Profeco hizo un llamado a los consumidores a no hacer gastos suntuosos con su aguinaldo y reservarlo para el pago de deudas.<\/p><\/div>\n<p>La Procuradur\u00eda Federal del Consumidor (Profeco) recomend\u00f3 a los consumidores utilizar el aguinaldo para enfrentar gastos previstos en este fin de a\u00f1o, sin caer en excesos, y as\u00ed llegar a enero sin deudas.<\/p>\n<p>Destac\u00f3 que una opci\u00f3n \u00fatil es emplear el aguinaldo para liquidar o abonar a alg\u00fan cr\u00e9dito pendiente que se adquiri\u00f3 a lo largo del a\u00f1o.<\/p>\n<p>El finiquito del cr\u00e9dito permite no s\u00f3lo ahorrar posibles cobros de intereses, sino tambi\u00e9n tener la tranquilidad de saldar deudas y empezar el a\u00f1o con \u201cun borr\u00f3n y cuenta nueva\u201d en las finanzas personales, expuso en un comunicado.<\/p>\n<p>Junto con estas recomendaciones, el organismo record\u00f3 a los consumidores que durante esta \u00e9poca es importante planificar y prever los gastos mediante la identificaci\u00f3n y jerarquizaci\u00f3n de necesidades.<\/p>\n<p>Como parte de las acciones emprendidas para promover un consumo responsable e informado en la poblaci\u00f3n, el organismo public\u00f3 en la edici\u00f3n de diciembre de la Revista del Consumidor consejos para darle un uso inteligente al aguinaldo.<\/p>\n<p>En este sentido, sugiri\u00f3 a los consumidores calcular y definir el dinero que gastar\u00e1n, as\u00ed como llevar un registro de todo el capital empleado para ejercerlo de manera responsable.<\/p>\n<p>La Profeco los exhort\u00f3 a que durante estas fechas en que acuden a comprar bienes como juguetes, ropa e insumos para las cenas de Navidad y A\u00f1o Nuevo, lo hagan en comercios establecidos.<\/p>\n<p>Tambi\u00e9n los invit\u00f3 a comparar precios previamente para tomar mejores decisiones de compra, adem\u00e1s de planear para realizar sus adquisiciones con calma y no caer en \u201ccompras de p\u00e1nico\u201d.<\/p>\n<p>El aguinaldo puede emplearse para cubrir las necesidades que se tienen en el hogar, familia y de manera personal. Si bien, por ley, el aguinaldo debe ser equivalente a por lo menos 15 d\u00edas de salario, puede no parecer demasiado dinero.<\/p>\n","protected":false},"excerpt":{"rendered":"<p>La Procuradur\u00eda Federal del Consumidor (Profeco) recomend\u00f3 a los consumidores utilizar el aguinaldo para enfrentar<\/p>\n","protected":false},"author":1,"featured_media":0,"comment_status":"open","ping_status":"open","sticky":false,"template":"","format":"standard","meta":{"_monsterinsights_skip_tracking":false,"_monsterinsights_sitenote_active":false,"_monsterinsights_sitenote_note":"","_monsterinsights_sitenote_category":0,"footnotes":""},"categories":[3],"tags":[43673,356],"class_list":["post-114187","post","type-post","status-publish","format-standard","hentry","category-nacional","tag-nacional","tag-profeco"],"_links":{"self":[{"href":"https:\/\/www.diarioimagen.net\/index.php?rest_route=\/wp\/v2\/posts\/114187","targetHints":{"allow":["GET"]}}],"collection":[{"href":"https:\/\/www.diarioimagen.net\/index.php?rest_route=\/wp\/v2\/posts"}],"about":[{"href":"https:\/\/www.diarioimagen.net\/index.php?rest_route=\/wp\/v2\/types\/post"}],"author":[{"embeddable":true,"href":"https:\/\/www.diarioimagen.net\/index.php?rest_route=\/wp\/v2\/users\/1"}],"replies":[{"embeddable":true,"href":"https:\/\/www.diarioimagen.net\/index.php?rest_route=%2Fwp%2Fv2%2Fcomments&post=114187"}],"version-history":[{"count":0,"href":"https:\/\/www.diarioimagen.net\/index.php?rest_route=\/wp\/v2\/posts\/114187\/revisions"}],"wp:attachment":[{"href":"https:\/\/www.diarioimagen.net\/index.php?rest_route=%2Fwp%2Fv2%2Fmedia&parent=114187"}],"wp:term":[{"taxonomy":"category","embeddable":true,"href":"https:\/\/www.diarioimagen.net\/index.php?rest_route=%2Fwp%2Fv2%2Fcategories&post=114187"},{"taxonomy":"post_tag","embeddable":true,"href":"https:\/\/www.diarioimagen.net\/index.php?rest_route=%2Fwp%2Fv2%2Ftags&post=114187"}],"curies":[{"name":"wp","href":"https:\/\/api.w.org\/{rel}","templated":true}]}}