{"id":114238,"date":"2012-12-07T15:57:06","date_gmt":"2012-12-07T21:57:06","guid":{"rendered":"http:\/\/www.diarioimagen.net\/?p=114238"},"modified":"2012-12-10T03:40:03","modified_gmt":"2012-12-10T09:40:03","slug":"recibe-la-camara-de-diputados-el-proyecto-de-presupuesto-de-egresos-y-la-iniciativa-de-ley-de-ingresos-para-el-ejercicio-fiscal-2013","status":"publish","type":"post","link":"https:\/\/www.diarioimagen.net\/?p=114238","title":{"rendered":"Recibe la C\u00e1mara de Diputados el Proyecto de Presupuesto de Egresos y la Iniciativa de Ley de Ingresos para el ejercicio fiscal 2013"},"content":{"rendered":"<ul>\n<li><em><strong>La propuesta de presupuesto federal la recibi\u00f3 el vicepresidente de la Mesa Directiva, Francisco Arroyo Vieyra<\/strong><\/em><\/li>\n<li><em><strong>El documento est\u00e1 formulado para soportar los 5 ejes anunciados por EPN el 1\u00ba de diciembre: Luis Videgaray<\/strong><\/em><\/li>\n<\/ul>\n<p><strong>\u00a0<\/strong><\/p>\n<div id=\"attachment_114240\" style=\"width: 250px\" class=\"wp-caption alignleft\"><a class=\"highslide\" onclick=\"return vz.expand(this)\" href=\"http:\/\/www.diarioimagen.net\/wp-content\/uploads\/2012\/12\/videgaray-07.jpg\"><img loading=\"lazy\" decoding=\"async\" aria-describedby=\"caption-attachment-114240\" class=\"size-medium wp-image-114240\" title=\"videgaray-07\" src=\"http:\/\/www.diarioimagen.net\/wp-content\/uploads\/2012\/12\/videgaray-07-240x135.jpg\" alt=\"\" width=\"240\" height=\"135\" \/><\/a><p id=\"caption-attachment-114240\" class=\"wp-caption-text\">El secretario de Hacienda, Luis Videgaray Caso, entreg\u00f3 al vicepresidente de la Mesa Directiva de la C\u00e1mara de Diputados, Francisco Arroyo Vieyra, el Paquete Econ\u00f3mico 2013.<\/p><\/div>\n<p>El vicepresidente de la Mesa Directiva de la C\u00e1mara de Diputados, Francisco Agust\u00edn Arroyo Vieyra, recibi\u00f3 del titular de la Secretar\u00eda de Hacienda y Cr\u00e9dito P\u00fablico, Luis Videgaray Caso, el paquete econ\u00f3mico para el ejercicio fiscal 2013.<\/p>\n<p>Con nueve d\u00edas de anticipaci\u00f3n a lo establecido en el art\u00edculo 74 de la Constituci\u00f3n Pol\u00edtica, los diputados recibieron el paquete que incluye: los Criterios Generales de Pol\u00edtica Econ\u00f3mica, la Iniciativa de Ley de Ingresos para el ejercicio 2013 y el Proyecto de Presupuesto de Egresos.<\/p>\n<p>Arroyo Vieyra expres\u00f3 que con este acto sobrio y republicano se dan por cumplimentadas las obligaciones que devienen del art\u00edculo 74 constitucional.<\/p>\n<p>Resalt\u00f3 que el paquete econ\u00f3mico representa un trabajo delicado de varios meses de los equipos de transici\u00f3n.<\/p>\n<p>\u201cSabemos que la responsabilidad del Gobierno federal para presentarnos un paquete adecuado, responsable y con las obligaciones fiscales de los ciudadanos, y con la repartici\u00f3n del dinero p\u00fablico para el fomento al desarrollo y el financiamiento de las actividades m\u00e1s delicadas del Estado, estar\u00e1n a la consideraci\u00f3n en los pr\u00f3ximos d\u00edas por las comisiones de Hacienda y la de Presupuesto\u201d, agreg\u00f3.<\/p>\n<p>Dijo que por acuerdo de la Mesa Directiva de la C\u00e1mara de Diputados, firm\u00f3 los oficios para que de inmediato se turnara a comisiones el paquete econ\u00f3mico. En el caso de Ingresos, a la de Hacienda y Cr\u00e9dito P\u00fablico, y el presupuesto, a la de Presupuesto y Cuenta P\u00fablica.<\/p>\n<p>Afirm\u00f3 que con este acto se empieza a desahogar un calendario de actividades sobrio y responsable para analizar las propuestas del Ejecutivo.<\/p>\n<p>En tanto, el secretario de Hacienda, Luis Videgaray Caso, destac\u00f3 que el paquete econ\u00f3mico se entrega dentro del plazo constitucional y con nueve d\u00edas de anticipaci\u00f3n, para que la C\u00e1mara de Diputados y el Senado de la Rep\u00fablica puedan conocer los proyectos, discutirlos y aprobarlos en tiempo y forma.<\/p>\n<p>Detall\u00f3 que los documentos est\u00e1n formulados para soportar los cinco grandes ejes que el titular del Ejecutivo propuso el 1\u00ba de diciembre: construir un M\u00e9xico en paz, incluyente, con educaci\u00f3n de calidad para todos, pr\u00f3spero y que asuma su responsabilidad en el mundo como un actor global.<\/p>\n<p>Para ello, subray\u00f3, el soporte de las finanzas p\u00fablicas es esencial para cumplir con estos objetivos. El paquete refleja el cumplimiento de las instrucciones que el Presidente de la Rep\u00fablica dio a su gabinete, enfatiz\u00f3.<\/p>\n<p>De esta manera, resalt\u00f3, el paquete econ\u00f3mico propone al Congreso de la Uni\u00f3n un ejercicio fiscal sin d\u00e9ficit presupuestario, es decir, \u201cse plantea que en el a\u00f1o 2013 las finanzas p\u00fablicas no sean deficitarias, y que no sea el endeudamiento p\u00fablico el motor del crecimiento econ\u00f3mico y que no se incrementen los pasivos gubernamentales\u201d.<\/p>\n<p>\u201cEs una decisi\u00f3n eficiente para garantizar la solidez de la competitividad y de la creaci\u00f3n de empleos en la econom\u00eda mexicana\u201d, abund\u00f3 el titular de la SHCP.<\/p>\n<p>Videgaray Caso inform\u00f3 que para 2013 se proyecta que el Producto Interno Bruto tenga un crecimiento real de 3.5 por ciento; una inflaci\u00f3n de 3 por ciento; tasa de inter\u00e9s en CETES a 28 d\u00edas, en 4.6 por ciento, y en tipo de cambio de 12.90 pesos por d\u00f3lar.<\/p>\n<p>Se estima un precio de la mezcla mexicana de petr\u00f3leo de exportaci\u00f3n en 84.9 d\u00f3lares por barril, y \u00a0producci\u00f3n y exportaci\u00f3n de crudo en 2.6 y 1.2 millones de barriles diarios, respectivamente.<\/p>\n<p>De igual modo, Videgaray Caso precis\u00f3 que el presupuesto de 3.9 billones de pesos, incluye, por primera vez, el Programa de Seguro de Vida para Jefas de Familia; adem\u00e1s, propone ampliar la partida del programa de pensi\u00f3n para adultos mayores y reducir la edad m\u00ednima de 70 a 65 a\u00f1os.<\/p>\n<p>Puntualiz\u00f3 que se ha dialogado con los gobiernos de los estados para que en los apartados de infraestructura tambi\u00e9n se contemple la propuesta de las entidades federativas y el\u00a0 Distrito Federal.<\/p>\n<p>Se incluye un programa transversal para la Prevenci\u00f3n del Delito, el cual habr\u00e1 de alinear recursos en diversas dependencias para que act\u00faen en las zonas que necesitan una acci\u00f3n decisiva del Estado para prevenir el delito en las zonas m\u00e1s afectadas por la inseguridad y violencia.<\/p>\n<p>Este programa, agreg\u00f3, considera el inicio para la Cruzada Nacional Contra el Hambre. En otros rubros, incluye la provisi\u00f3n m\u00e1s alta a programas que se enfocan a la igualdad entre mujeres y hombres, como el de estancias infantiles para apoyar a las madres trabajadoras, el cual tiene un crecimiento del 18.6 por ciento.<\/p>\n<p>Tambi\u00e9n habr\u00e1 incrementos importantes en ciencia y tecnolog\u00eda: En educaci\u00f3n, se apoyar\u00e1 a las escuelas de tiempo completo e implementar\u00e1 el inicio de computadoras port\u00e1tiles para los alumnos de 5\u00ba y 6\u00ba de primaria en escuelas p\u00fablicas.<\/p>\n<p>En materia de endeudamiento, agreg\u00f3, el techo que se propone en la Ley de Ingresos para el Distrito Federal es de cinco mil millones de pesos.<\/p>\n<p>El presidente de la Comisi\u00f3n de Hacienda y Cr\u00e9dito P\u00fablico, diputado Jos\u00e9 Isabel Trejo Reyes (PAN), expres\u00f3 que dicha instancia ya fue declarada en sesi\u00f3n permanente para que los trabajos se den de conformidad con los tiempos. \u201cEstamos preparados con un m\u00e9todo definido y en condiciones de hacer nuestro trabajo de manera inmediata\u201d.<\/p>\n<p>Mencion\u00f3 que los t\u00e9rminos en los que viene la Ley de Ingresos, \u201ces una decisi\u00f3n acertada. Tenga la seguridad de que la Comisi\u00f3n cumplir\u00e1 sus funciones de manera profesional y de conformidad con los tiempos\u201d, le dijo al secretario de Hacienda.<\/p>\n<p>A su vez, la presidenta de la Comisi\u00f3n de Presupuesto y Cuenta P\u00fablica, diputada Nuvia Magdalena Mayorga Delgado (PRI), se congratul\u00f3 por tener el paquete econ\u00f3mico d\u00edas antes de lo que marca el art\u00edculo 74 de la Constituci\u00f3n.<\/p>\n<p>\u201cHaremos todo para poder cumplir en tiempo y forma a los mexicanos para que el d\u00eda 1\u00ba de enero cuenten con un presupuesto correspondiente al ejercicio fiscal 2013, y as\u00ed responder a los rubros m\u00e1s importantes que demanda la ciudadan\u00eda, como son el campo, salud, educaci\u00f3n, seguridad y equidad de g\u00e9nero\u201d, agreg\u00f3.<\/p>\n<p>En la ceremonia de entrega-recepci\u00f3n estuvieron presentes la vicepresidenta de la Mesa Directiva de la C\u00e1mara de Diputados, Aleida Alavez Ruiz (PRD); legisladores de las comisiones de Hacienda y Cr\u00e9dito P\u00fablico, y de Presupuesto y Cuenta P\u00fablica, as\u00ed como funcionarios de la SHCP y de la Secretar\u00eda de Gobernaci\u00f3n. El evento se celebr\u00f3 en el Sal\u00f3n Protocolo del edificio \u201cC\u201d, del Palacio Legislativo de San L\u00e1zaro.<\/p>\n","protected":false},"excerpt":{"rendered":"<p>El vicepresidente de la Mesa Directiva de la C\u00e1mara de Diputados, Francisco Agust\u00edn Arroyo Vieyra, recibi\u00f3 del titular de la Secretar\u00eda de Hacienda y Cr\u00e9dito P\u00fablico, Luis Videgaray Caso, el paquete econ\u00f3mico para el ejercicio fiscal 2013.<\/p>\n","protected":false},"author":1,"featured_media":0,"comment_status":"open","ping_status":"open","sticky":false,"template":"","format":"standard","meta":{"_monsterinsights_skip_tracking":false,"_monsterinsights_sitenote_active":false,"_monsterinsights_sitenote_note":"","_monsterinsights_sitenote_category":0,"footnotes":""},"categories":[17],"tags":[98,43673],"class_list":["post-114238","post","type-post","status-publish","format-standard","hentry","category-especiales","tag-camara-de-diputados","tag-nacional"],"_links":{"self":[{"href":"https:\/\/www.diarioimagen.net\/index.php?rest_route=\/wp\/v2\/posts\/114238","targetHints":{"allow":["GET"]}}],"collection":[{"href":"https:\/\/www.diarioimagen.net\/index.php?rest_route=\/wp\/v2\/posts"}],"about":[{"href":"https:\/\/www.diarioimagen.net\/index.php?rest_route=\/wp\/v2\/types\/post"}],"author":[{"embeddable":true,"href":"https:\/\/www.diarioimagen.net\/index.php?rest_route=\/wp\/v2\/users\/1"}],"replies":[{"embeddable":true,"href":"https:\/\/www.diarioimagen.net\/index.php?rest_route=%2Fwp%2Fv2%2Fcomments&post=114238"}],"version-history":[{"count":0,"href":"https:\/\/www.diarioimagen.net\/index.php?rest_route=\/wp\/v2\/posts\/114238\/revisions"}],"wp:attachment":[{"href":"https:\/\/www.diarioimagen.net\/index.php?rest_route=%2Fwp%2Fv2%2Fmedia&parent=114238"}],"wp:term":[{"taxonomy":"category","embeddable":true,"href":"https:\/\/www.diarioimagen.net\/index.php?rest_route=%2Fwp%2Fv2%2Fcategories&post=114238"},{"taxonomy":"post_tag","embeddable":true,"href":"https:\/\/www.diarioimagen.net\/index.php?rest_route=%2Fwp%2Fv2%2Ftags&post=114238"}],"curies":[{"name":"wp","href":"https:\/\/api.w.org\/{rel}","templated":true}]}}