{"id":114358,"date":"2012-12-10T00:07:50","date_gmt":"2012-12-10T06:07:50","guid":{"rendered":"http:\/\/www.diarioimagen.net\/?p=114358"},"modified":"2012-12-10T03:49:03","modified_gmt":"2012-12-10T09:49:03","slug":"el-paquete-2013-fortalece-finanzas-publicas-hacienda","status":"publish","type":"post","link":"https:\/\/www.diarioimagen.net\/?p=114358","title":{"rendered":"El paquete 2013 fortalece finanzas p\u00fablicas: Hacienda"},"content":{"rendered":"<ul>\n<li><strong><em>Otorga certeza en un momento en que prevalece un grado elevado de incertidumbre y riesgos en el entorno econ\u00f3mico internacional, afirma<\/em><\/strong><\/li>\n<\/ul>\n<div id=\"attachment_114411\" style=\"width: 250px\" class=\"wp-caption alignleft\"><a class=\"highslide\" onclick=\"return vz.expand(this)\" href=\"http:\/\/www.diarioimagen.net\/wp-content\/uploads\/2012\/12\/VIDEGARAY-1998.jpg\"><img loading=\"lazy\" decoding=\"async\" aria-describedby=\"caption-attachment-114411\" class=\"size-medium wp-image-114411\" title=\"VIDEGARAY-1998\" src=\"http:\/\/www.diarioimagen.net\/wp-content\/uploads\/2012\/12\/VIDEGARAY-1998-240x135.jpg\" alt=\"\" width=\"240\" height=\"135\" \/><\/a><p id=\"caption-attachment-114411\" class=\"wp-caption-text\">Luis Videgaray, secretario de Hacienda y Cr\u00e9dito P\u00fablico.<\/p><\/div>\n<p>Con las medidas y propuestas incluidas en el paquete econ\u00f3mico para 2013 se apuntala la fortaleza y la sostenibilidad de las finanzas p\u00fablicas, afirm\u00f3 la Secretar\u00eda de Hacienda y Cr\u00e9dito P\u00fablico (SHCP).<\/p>\n<p>En el Informe Semanal de su Vocer\u00eda, la dependencia destaca que este paquete, sometido a consideraci\u00f3n del Congreso de la Uni\u00f3n, otorga certeza a la econom\u00eda mexicana en un momento en que prevalecen un grado elevado de incertidumbre y riesgos en el entorno econ\u00f3mico internacional.<\/p>\n<p>\u201cLa estabilidad econ\u00f3mica que se ha logrado en el pa\u00eds es el punto de partida para la construcci\u00f3n de una pol\u00edtica econ\u00f3mica que beneficie el bolsillo de las familias mexicanas\u201d, expone la dependencia federal.<\/p>\n<p>De acuerdo con el reporte, la Propuesta de Programa Econ\u00f3mico 2013 entregado al Congreso de la Uni\u00f3n, el pasado 7 de diciembre, engloba y canaliza los recursos para avanzar en la implementaci\u00f3n de las 13 medidas anunciadas el pasado 1 de diciembre por el presidente Enrique Pe\u00f1a Nieto.<\/p>\n<p>Para el conjunto de iniciativas suscritas por el gobierno federal y los dirigentes de las principales fuerzas pol\u00edticas del pa\u00eds en el Pacto por M\u00e9xico, el 2 de diciembre pasado, a trav\u00e9s principalmente de cinco ejes de gobierno.<\/p>\n<p>Esto cinco grandes ejes planteados desde el inicio de la nueva administraci\u00f3n se ven reflejados y canalizados en la Propuesta de Programa Econ\u00f3mico 2013.<\/p>\n<p>En el primero de estos ejes, denominado \u201cLograr un M\u00e9xico en paz\u201d, el objetivo es alinear todos los programas presupuestarios que incidan en una pol\u00edtica de prevenci\u00f3n del delito para que se constituya como una prioridad nacional.<\/p>\n<p>Bajo este enfoque, informa, en el Proyecto de Presupuesto de Egresos 2013 (PPE 2013) se identifican recursos por 115.6 mil millones de pesos, monto superior en 7.1 por ciento al aprobado en 2012, que involucran erogaciones de diversas dependencias en acciones para combatir adicciones, rescatar espacios p\u00fablicos y promover proyectos productivos.<\/p>\n<p>Para el segundo eje \u201cLograr un M\u00e9xico incluyente\u201d, prev\u00e9 una asignaci\u00f3n de un bill\u00f3n 758.3 mil millones de pesos para las funciones de desarrollo social, nivel superior en 2.3 por ciento en t\u00e9rminos reales respecto al aprobado para 2012.<\/p>\n<p>Asimismo, el Programa Oportunidades continuar\u00e1 y contar\u00e1 con un presupuesto de 66.1 mil millones de pesos, refiere la SHCP en la nota informativa titulada \u201cEl paquete econ\u00f3mico engloba los ejes de la nueva administraci\u00f3n\u201d.<\/p>\n<p>Menciona que se impulsar\u00e1 el desarrollo de los pueblos ind\u00edgenas en la agenda nacional y en las finanzas p\u00fablicas y, para ello, el PPE 2013 prev\u00e9 destinar recursos del orden de 64.3 mil millones de pesos. El gasto en salud propuesto asciende a un monto de 443.2 mil millones de pesos, que representa un incremento en t\u00e9rminos reales de 3.4 por ciento respecto al aprobado en 2012.<\/p>\n","protected":false},"excerpt":{"rendered":"<p>Con las medidas y propuestas incluidas en el paquete econ\u00f3mico para 2013 se apuntala la fortaleza y la sostenibilidad de las finanzas p\u00fablicas, afirm\u00f3 la Secretar\u00eda de Hacienda y Cr\u00e9dito P\u00fablico (SHCP).<\/p>\n","protected":false},"author":3,"featured_media":0,"comment_status":"open","ping_status":"open","sticky":false,"template":"","format":"standard","meta":{"_monsterinsights_skip_tracking":false,"_monsterinsights_sitenote_active":false,"_monsterinsights_sitenote_note":"","_monsterinsights_sitenote_category":0,"footnotes":""},"categories":[3],"tags":[2255,18,7517,1102],"class_list":["post-114358","post","type-post","status-publish","format-standard","hentry","category-nacional","tag-congreso-de-la-union","tag-enrique-pena-nieto","tag-luis-videgaray-caso","tag-shcp"],"_links":{"self":[{"href":"https:\/\/www.diarioimagen.net\/index.php?rest_route=\/wp\/v2\/posts\/114358","targetHints":{"allow":["GET"]}}],"collection":[{"href":"https:\/\/www.diarioimagen.net\/index.php?rest_route=\/wp\/v2\/posts"}],"about":[{"href":"https:\/\/www.diarioimagen.net\/index.php?rest_route=\/wp\/v2\/types\/post"}],"author":[{"embeddable":true,"href":"https:\/\/www.diarioimagen.net\/index.php?rest_route=\/wp\/v2\/users\/3"}],"replies":[{"embeddable":true,"href":"https:\/\/www.diarioimagen.net\/index.php?rest_route=%2Fwp%2Fv2%2Fcomments&post=114358"}],"version-history":[{"count":0,"href":"https:\/\/www.diarioimagen.net\/index.php?rest_route=\/wp\/v2\/posts\/114358\/revisions"}],"wp:attachment":[{"href":"https:\/\/www.diarioimagen.net\/index.php?rest_route=%2Fwp%2Fv2%2Fmedia&parent=114358"}],"wp:term":[{"taxonomy":"category","embeddable":true,"href":"https:\/\/www.diarioimagen.net\/index.php?rest_route=%2Fwp%2Fv2%2Fcategories&post=114358"},{"taxonomy":"post_tag","embeddable":true,"href":"https:\/\/www.diarioimagen.net\/index.php?rest_route=%2Fwp%2Fv2%2Ftags&post=114358"}],"curies":[{"name":"wp","href":"https:\/\/api.w.org\/{rel}","templated":true}]}}