{"id":114527,"date":"2012-12-11T00:03:27","date_gmt":"2012-12-11T06:03:27","guid":{"rendered":"http:\/\/www.diarioimagen.net\/?p=114527"},"modified":"2012-12-15T05:02:06","modified_gmt":"2012-12-15T11:02:06","slug":"alejandro-solalinde-recibe-el-premio-derechos-humanos","status":"publish","type":"post","link":"https:\/\/www.diarioimagen.net\/?p=114527","title":{"rendered":"Alejandro Solalinde recibe el premio Derechos Humanos"},"content":{"rendered":"<ul>\n<li><strong><em>Este es el momento de escuchar el grito de quienes sufren y dar un vuelco a la estructura de gobernar, dijo en su discurso<\/em><\/strong><\/li>\n<\/ul>\n<div id=\"attachment_114570\" style=\"width: 250px\" class=\"wp-caption alignleft\"><a class=\"highslide\" onclick=\"return vz.expand(this)\" href=\"http:\/\/www.diarioimagen.net\/wp-content\/uploads\/2012\/12\/solalinde-1999.jpg\"><img loading=\"lazy\" decoding=\"async\" aria-describedby=\"caption-attachment-114570\" class=\"size-medium wp-image-114570\" title=\"solalinde-1999\" src=\"http:\/\/www.diarioimagen.net\/wp-content\/uploads\/2012\/12\/solalinde-1999-240x135.jpg\" alt=\"\" width=\"240\" height=\"135\" \/><\/a><p id=\"caption-attachment-114570\" class=\"wp-caption-text\">El sacerdote marista fue reconocido por su ayuda a los migrantes.<\/p><\/div>\n<p>El padre Alejandro Solalinde recibi\u00f3 de manos del presidente Enrique Pe\u00f1a Nieto, el premio de Derechos Humanos 2012, en un acto en Los Pinos, donde el galardonado sostuvo que M\u00e9xico est\u00e1 pasando por un momento \u201cmuy dif\u00edcil\u201d.<\/p>\n<p>En la ceremonia, Solalinde Guerra dijo que este es el momento de escuchar el grito de quienes est\u00e1n sufriendo y conmin\u00f3 a dar un vuelco a la estructura de gobernar.<\/p>\n<p>En un tono conciliador, el presb\u00edtero dijo que es necesario que en este tiempo se dejen atr\u00e1s las visiones de partidos o de grupo, y unir las sinergias para ayudar a M\u00e9xico a salir adelante en materia de protecci\u00f3n de los derechos humanos.<\/p>\n<p>\u201cM\u00e9xico est\u00e1 mal y esto hay que decirlo\u201d, expres\u00f3 Solalinde en un acto en el ombudsman nacional, Ra\u00edl Plascencia Villanueva, insisti\u00f3 en la importancia de reforzar las acciones que erradiquen de ra\u00edz las pr\u00e1cticas violatorias a los derechos humanos como son, dijo, las desapariciones forzadas.<\/p>\n<p>El presidente Enrique Pe\u00f1a Nieto dijo que este es un gobierno que escuchar\u00e1 a la gente y que pondr\u00e1 especial \u00e9nfasis en la protecci\u00f3n y salvaguarda de los Derechos Humanos.<\/p>\n<p>Solalinde llam\u00f3 a dejar parcialidades, visi\u00f3n de partidos, iglesias y grupos aislados para unirse y crear sinergias para ayudar a M\u00e9xico.<\/p>\n<p>\u201cYa no se vale trabajar y vivir m\u00e1s para un solo partido, para una sola facci\u00f3n. Necesitamos unirnos, crear sinergias para ayudarle a M\u00e9xico\u201d, advirti\u00f3 ante el presidente Enrique Pe\u00f1a Nieto.<\/p>\n<p>A su parecer, \u201cM\u00e9xico est\u00e1 mal, hay que decirlo. Y ya la forma tradicional, las estructuras tradicionales que ten\u00edamos ya no alcanzan, ya no\u201d.<\/p>\n<p>Por ello, consider\u00f3 que M\u00e9xico necesita reestructurar todo a trav\u00e9s de los derechos humanos y dar un vuelco en la estructura de gobernar.<\/p>\n<p>\u201cYo pienso que hemos tenido un estilo de gobernar que debe quedar en el pasado. Que debemos, ciertamente, tener como un eje transversal los derechos humanos para todas y para todos, no nada m\u00e1s de un sector\u201d, sugiri\u00f3.<\/p>\n<p>Pidi\u00f3 a las autoridades escuchar a las personas que est\u00e1n abajo y estar cerca de la gente.<\/p>\n","protected":false},"excerpt":{"rendered":"<p>El padre Alejandro Solalinde recibi\u00f3 de manos del presidente Enrique Pe\u00f1a Nieto, el premio de Derechos Humanos 2012, en un acto en Los Pinos, donde el galardonado sostuvo que M\u00e9xico est\u00e1 pasando por un momento \u201cmuy dif\u00edcil\u201d. En la ceremonia, Solalinde Guerra dijo que este es el momento de escuchar el grito de quienes est\u00e1n sufriendo y conmin\u00f3 a dar un vuelco a la estructura de gobernar.<\/p>\n","protected":false},"author":3,"featured_media":0,"comment_status":"open","ping_status":"open","sticky":false,"template":"","format":"standard","meta":{"_monsterinsights_skip_tracking":false,"_monsterinsights_sitenote_active":false,"_monsterinsights_sitenote_note":"","_monsterinsights_sitenote_category":0,"footnotes":""},"categories":[17,3],"tags":[25599,4340,1546,43673],"class_list":["post-114527","post","type-post","status-publish","format-standard","hentry","category-especiales","category-nacional","tag-alejandro-solalinde","tag-derechos-humanos","tag-los-pinos","tag-nacional"],"_links":{"self":[{"href":"https:\/\/www.diarioimagen.net\/index.php?rest_route=\/wp\/v2\/posts\/114527","targetHints":{"allow":["GET"]}}],"collection":[{"href":"https:\/\/www.diarioimagen.net\/index.php?rest_route=\/wp\/v2\/posts"}],"about":[{"href":"https:\/\/www.diarioimagen.net\/index.php?rest_route=\/wp\/v2\/types\/post"}],"author":[{"embeddable":true,"href":"https:\/\/www.diarioimagen.net\/index.php?rest_route=\/wp\/v2\/users\/3"}],"replies":[{"embeddable":true,"href":"https:\/\/www.diarioimagen.net\/index.php?rest_route=%2Fwp%2Fv2%2Fcomments&post=114527"}],"version-history":[{"count":0,"href":"https:\/\/www.diarioimagen.net\/index.php?rest_route=\/wp\/v2\/posts\/114527\/revisions"}],"wp:attachment":[{"href":"https:\/\/www.diarioimagen.net\/index.php?rest_route=%2Fwp%2Fv2%2Fmedia&parent=114527"}],"wp:term":[{"taxonomy":"category","embeddable":true,"href":"https:\/\/www.diarioimagen.net\/index.php?rest_route=%2Fwp%2Fv2%2Fcategories&post=114527"},{"taxonomy":"post_tag","embeddable":true,"href":"https:\/\/www.diarioimagen.net\/index.php?rest_route=%2Fwp%2Fv2%2Ftags&post=114527"}],"curies":[{"name":"wp","href":"https:\/\/api.w.org\/{rel}","templated":true}]}}