{"id":114575,"date":"2012-12-11T00:02:41","date_gmt":"2012-12-11T06:02:41","guid":{"rendered":"http:\/\/www.diarioimagen.net\/?p=114575"},"modified":"2012-12-15T05:01:51","modified_gmt":"2012-12-15T11:01:52","slug":"noquear-a-pacquiao-asusto-a-marquez","status":"publish","type":"post","link":"https:\/\/www.diarioimagen.net\/?p=114575","title":{"rendered":"Noquear a Pacquiao asust\u00f3 a M\u00e1rquez"},"content":{"rendered":"<div id=\"attachment_114576\" style=\"width: 250px\" class=\"wp-caption alignleft\"><a class=\"highslide\" onclick=\"return vz.expand(this)\" href=\"http:\/\/www.diarioimagen.net\/wp-content\/uploads\/2012\/12\/marquez-1999.jpg\"><img loading=\"lazy\" decoding=\"async\" aria-describedby=\"caption-attachment-114576\" class=\"size-medium wp-image-114576\" title=\"marquez-1999\" src=\"http:\/\/www.diarioimagen.net\/wp-content\/uploads\/2012\/12\/marquez-1999-240x135.jpg\" alt=\"\" width=\"240\" height=\"135\" \/><\/a><p id=\"caption-attachment-114576\" class=\"wp-caption-text\">El victimario del filipino tambi\u00e9n se asust\u00f3 al ver en el suelo desconcertado a su rival, con quien sostuvo cuatro peleas.<\/p><\/div>\n<p>El mexicano Juan Manuel M\u00e1rquez dijo ayer que le preocup\u00f3 ver que el filipino Manny Pacquiao no se levantaba tras mandarlo a la lona en el sexto asalto con un golpe \u201cespeluznante\u201d el s\u00e1bado pasado en Las Vegas, Nevada.<\/p>\n<p>\u201cCuando me entero que reacciona, para m\u00ed, fue tranquilidad porque pude haber sido yo\u201d, apunt\u00f3 M\u00e1rquez en una entrevista y se\u00f1al\u00f3 que esperar\u00e1 un tiempo antes de tomar una decisi\u00f3n sobre su retirada de los cuadril\u00e1teros.<\/p>\n<p>M\u00e1rquez, de 39 a\u00f1os, dijo que luego de su victoria del s\u00e1bado ser\u00eda \u201cc\u00f3modo\u201d retirarse pero todav\u00eda se siente bien f\u00edsica y mentalmente por lo que hablara con su familia y su equipo antes de tomar una decisi\u00f3n.<\/p>\n<p>\u201cEstoy peleando a esta edad, 39 a\u00f1os, porque quiero finiquitar esta carrera. No quiero regresar, decir me retiro\u201d, apunt\u00f3 M\u00e1rquez en la entrevista.<\/p>\n<p>Sobre la pelea con Pacquiao, la cuarta entre ambos desde el 2009, M\u00e1rquez destac\u00f3 la emoci\u00f3n por la victoria en el sexto asalto por K.O, pero tambi\u00e9n la incertidumbre y preocupaci\u00f3n por la integridad del adversario.<\/p>\n","protected":false},"excerpt":{"rendered":"<p>El mexicano Juan Manuel M\u00e1rquez dijo ayer que le preocup\u00f3 ver que el filipino Manny Pacquiao no se levantaba tras mandarlo a la lona en el sexto asalto con un golpe \u201cespeluznante\u201d el s\u00e1bado pasado en Las Vegas, Nevada.<\/p>\n","protected":false},"author":1,"featured_media":0,"comment_status":"open","ping_status":"open","sticky":false,"template":"","format":"standard","meta":{"_monsterinsights_skip_tracking":false,"_monsterinsights_sitenote_active":false,"_monsterinsights_sitenote_note":"","_monsterinsights_sitenote_category":0,"footnotes":""},"categories":[17,10],"tags":[43680,11892],"class_list":["post-114575","post","type-post","status-publish","format-standard","hentry","category-especiales","category-deportes","tag-deportes","tag-juan-manuel-marquez"],"_links":{"self":[{"href":"https:\/\/www.diarioimagen.net\/index.php?rest_route=\/wp\/v2\/posts\/114575","targetHints":{"allow":["GET"]}}],"collection":[{"href":"https:\/\/www.diarioimagen.net\/index.php?rest_route=\/wp\/v2\/posts"}],"about":[{"href":"https:\/\/www.diarioimagen.net\/index.php?rest_route=\/wp\/v2\/types\/post"}],"author":[{"embeddable":true,"href":"https:\/\/www.diarioimagen.net\/index.php?rest_route=\/wp\/v2\/users\/1"}],"replies":[{"embeddable":true,"href":"https:\/\/www.diarioimagen.net\/index.php?rest_route=%2Fwp%2Fv2%2Fcomments&post=114575"}],"version-history":[{"count":0,"href":"https:\/\/www.diarioimagen.net\/index.php?rest_route=\/wp\/v2\/posts\/114575\/revisions"}],"wp:attachment":[{"href":"https:\/\/www.diarioimagen.net\/index.php?rest_route=%2Fwp%2Fv2%2Fmedia&parent=114575"}],"wp:term":[{"taxonomy":"category","embeddable":true,"href":"https:\/\/www.diarioimagen.net\/index.php?rest_route=%2Fwp%2Fv2%2Fcategories&post=114575"},{"taxonomy":"post_tag","embeddable":true,"href":"https:\/\/www.diarioimagen.net\/index.php?rest_route=%2Fwp%2Fv2%2Ftags&post=114575"}],"curies":[{"name":"wp","href":"https:\/\/api.w.org\/{rel}","templated":true}]}}