{"id":114731,"date":"2012-12-13T00:04:46","date_gmt":"2012-12-13T06:04:46","guid":{"rendered":"http:\/\/www.diarioimagen.net\/?p=114731"},"modified":"2012-12-13T06:38:45","modified_gmt":"2012-12-13T12:38:45","slug":"crimen-organizado-atras-del-motin-en-tutelar-de-pachuca","status":"publish","type":"post","link":"https:\/\/www.diarioimagen.net\/?p=114731","title":{"rendered":"Crimen organizado, atr\u00e1s del mot\u00edn en tutelar de Pachuca"},"content":{"rendered":"<ul>\n<li><strong><em>Lo controlan sin dejar heridos<\/em><\/strong><\/li>\n<\/ul>\n<div id=\"attachment_114777\" style=\"width: 250px\" class=\"wp-caption alignleft\"><a href=\"http:\/\/www.diarioimagen.net\/wp-content\/uploads\/2012\/12\/seguridad-2001.jpg\"><img loading=\"lazy\" decoding=\"async\" aria-describedby=\"caption-attachment-114777\" class=\"size-medium wp-image-114777\" alt=\"En el seno del Consejo Tutelar para Menores del estado de Hidalgo se produjo un mot\u00edn que fue controlado.\" src=\"http:\/\/www.diarioimagen.net\/wp-content\/uploads\/2012\/12\/seguridad-2001-240x160.jpg\" width=\"240\" height=\"160\" \/><\/a><p id=\"caption-attachment-114777\" class=\"wp-caption-text\">En el seno del Consejo Tutelar para Menores del estado de Hidalgo se produjo un mot\u00edn que fue controlado.<\/p><\/div>\n<p><strong>Pachuca, Hidalgo<\/strong>.- La Secretar\u00eda de Seguridad P\u00fablica estatal aclar\u00f3 que en el mot\u00edn de ayer en el Consejo Tutelar para Menores Infractores participaron al menos 35 j\u00f3venes, la mayor\u00eda condenados por nexos con el crimen organizado.<\/p>\n<p>\u201cDerivado de los acontecimientos registrados en la ma\u00f1ana de ayer mi\u00e9rcoles en el Consejo Tutelar para Menores Infractores de Pachuca,\u00a0 la Secretar\u00eda de Seguridad P\u00fablica informa que un grupo de 35 j\u00f3venes se amotin\u00f3 en las azoteas del lugar\u201d.<\/p>\n<p>Adem\u00e1s, indic\u00f3 la dependencia en un comunicado, \u201cla mayor\u00eda de los involucrados purgan condena por estar ligados al crimen organizado\u201d, y agreg\u00f3 que polic\u00edas estatales tomaron el control sin que se registraran lesionados ni fuga de internos.<\/p>\n<p>La polic\u00eda estatal aclar\u00f3 que \u201cno hubo ri\u00f1a\u201d y que durante un primer cateo no se localizaron drogas ni armas, aunque s\u00ed se registraron da\u00f1os menores, vidrios rotos y colchones quemados.<\/p>\n<p>Un joven de 17 a\u00f1os result\u00f3 con lesiones menores, ya que, seg\u00fan la dependenica \u201ccorri\u00f3, resbal\u00f3 y cay\u00f3 sobre cristales\u201d, por lo que recibi\u00f3 atenci\u00f3n m\u00e9dica de inmediato.<\/p>\n<p>Puntualiz\u00f3 que se iniciaron las investigaciones pertinentes para deslindar responsabilidades.<\/p>\n<p>Esta versi\u00f3n oficial contrasta con la de la Procuradur\u00eda General de Justicia del Estado de Hidalgo, que inform\u00f3 que se trat\u00f3 de una ri\u00f1a, en la que participaron alrededor de 20 menores infractores<\/p>\n<p>&nbsp;<\/p>\n","protected":false},"excerpt":{"rendered":"<p> La Secretar\u00eda de Seguridad P\u00fablica estatal aclar\u00f3 que en el mot\u00edn de ayer en el Consejo Tutelar para Menores Infractores participaron al menos 35 j\u00f3venes, la mayor\u00eda condenados por nexos con el crimen organizado.<\/p>\n","protected":false},"author":3,"featured_media":0,"comment_status":"open","ping_status":"open","sticky":false,"template":"","format":"standard","meta":{"_monsterinsights_skip_tracking":false,"_monsterinsights_sitenote_active":false,"_monsterinsights_sitenote_note":"","_monsterinsights_sitenote_category":0,"footnotes":""},"categories":[7],"tags":[4184,42,2393,2644,43677],"class_list":["post-114731","post","type-post","status-publish","format-standard","hentry","category-seguridad","tag-crimen-organizado","tag-hidalgo","tag-pachuca","tag-secretaria-de-seguridad-publica","tag-seguridad"],"_links":{"self":[{"href":"https:\/\/www.diarioimagen.net\/index.php?rest_route=\/wp\/v2\/posts\/114731","targetHints":{"allow":["GET"]}}],"collection":[{"href":"https:\/\/www.diarioimagen.net\/index.php?rest_route=\/wp\/v2\/posts"}],"about":[{"href":"https:\/\/www.diarioimagen.net\/index.php?rest_route=\/wp\/v2\/types\/post"}],"author":[{"embeddable":true,"href":"https:\/\/www.diarioimagen.net\/index.php?rest_route=\/wp\/v2\/users\/3"}],"replies":[{"embeddable":true,"href":"https:\/\/www.diarioimagen.net\/index.php?rest_route=%2Fwp%2Fv2%2Fcomments&post=114731"}],"version-history":[{"count":0,"href":"https:\/\/www.diarioimagen.net\/index.php?rest_route=\/wp\/v2\/posts\/114731\/revisions"}],"wp:attachment":[{"href":"https:\/\/www.diarioimagen.net\/index.php?rest_route=%2Fwp%2Fv2%2Fmedia&parent=114731"}],"wp:term":[{"taxonomy":"category","embeddable":true,"href":"https:\/\/www.diarioimagen.net\/index.php?rest_route=%2Fwp%2Fv2%2Fcategories&post=114731"},{"taxonomy":"post_tag","embeddable":true,"href":"https:\/\/www.diarioimagen.net\/index.php?rest_route=%2Fwp%2Fv2%2Ftags&post=114731"}],"curies":[{"name":"wp","href":"https:\/\/api.w.org\/{rel}","templated":true}]}}