{"id":114866,"date":"2012-12-14T00:03:50","date_gmt":"2012-12-14T06:03:50","guid":{"rendered":"http:\/\/www.diarioimagen.net\/?p=114866"},"modified":"2012-12-17T02:36:55","modified_gmt":"2012-12-17T08:36:55","slug":"el-df-un-reto-del-pri","status":"publish","type":"post","link":"https:\/\/www.diarioimagen.net\/?p=114866","title":{"rendered":"El DF, un reto del PRI"},"content":{"rendered":"<h2>Punto por punto<\/h2>\n<h5>Augusto Corro<\/h5>\n<p><span><br \/>\nEl Partido Revolucionario Institucional (PRI) enfrenta un panorama retador, dijo su nuevo l\u00edder, C\u00e9sar Camacho Quiroz.<\/span><\/p>\n<p>Entre los retos m\u00e1s importantes se encuentra la recuperaci\u00f3n pol\u00edtica del Distrito Federal, dejado a la deriva por otros dirigentes pri\u00edstas.<\/p>\n<p>Ya van por lo menos tres sexenios que el tricolor pierde las elecciones capitalinas y en las delegaciones pol\u00edticas su presencia es m\u00ednima.<\/p>\n<p>A Camacho Quiroz le corresponder\u00e1 presionar a los l\u00edderes capitalinos para que revivan al partido tricolor en el que se realiza una lucha pol\u00edtica constante y sin tregua alguna.<\/p>\n<p>En las elecciones pasadas, no se not\u00f3 la presencia de los candidatos pri\u00edstas a cargos de representaci\u00f3n popular.<\/p>\n<p>Poca gente conoci\u00f3 a los aspirantes. No presentaron problema en la contienda electoral. El tricolor no existi\u00f3.<\/p>\n<p>Las desgastantes luchas internas fueron determinantes para presentar un frente s\u00f3lido con ganas de ganar las elecciones.<\/p>\n<p>La propia Beatriz Paredes, candidata al gobierno capitalino, parec\u00eda, al final de la campa\u00f1a, que ya no le interesaba el resultado de la competencia electoral.\u00a0 Los resultados no se hicieron esperar y por segunda ocasi\u00f3n fue derrotada. Esta vez perdi\u00f3 por una mayor cantidad de votos. Fue de mal a peor.<\/p>\n<p>El dirigente Camacho Quiroz tendr\u00e1 que analizar por qu\u00e9 desaparecieron los cuadros pol\u00edticos que eran el sost\u00e9n del PRI en el DF. \u00bfQu\u00e9 o qui\u00e9n los desapareci\u00f3 del mapa pol\u00edtico?<\/p>\n<p>El rescate del PRI capitalino no ser\u00e1 f\u00e1cil. \u00b4Todos los partidos pol\u00edticos multiplicar\u00e1n sus esfuerzos para no quedarse rezagados.<\/p>\n<p>El Partido Acci\u00f3n Nacional (PAN) buscar\u00e1 borrar esa negativa imagen que ofreci\u00f3 en los comicios de julio. Una imagen desdibujada de lo que fue en el pasado.\u00a0 Los panistas, igual que los pri\u00edstas, no fueron tomados en cuenta.<\/p>\n<p>La izquierda, como se\u00f1alamos arriba, tiene un tiempo considerable en el gobierno del DF. En los comicios recientes, Miguel \u00c1ngel Mancera obtuvo un triunfo holgado ante sus adversarios.\u00a0\u00a0 \u00bfVolver\u00e1 a obtener la izquierda una victoria tan aplastante?<\/p>\n<p>No olvidar que en las organizaciones que conforman la citada izquierda no marchan bien. Por un lado, Andr\u00e9s Manuel L\u00f3pez Obrador busca convertir al Movimiento de Regeneraci\u00f3n Nacional (Morena), en un partido pol\u00edtico.<\/p>\n<p>En el PRD la salida del tabasque\u00f1o provoc\u00f3 que sus seguidores abandonaran las filas del partido del sol azteca.<\/p>\n<p>A esa divisi\u00f3n, se le sumar\u00e1n las repercusiones\u00a0 de lo que har\u00e1 Marcelo Ebrard Casaubon en su empe\u00f1o por ser candidato presidencial por la izquierda en el 2018. Es decir, m\u00e1s divisiones.<\/p>\n<p>La incursi\u00f3n de Miguel \u00c1ngel Mancera en la pol\u00edtica tambi\u00e9n ser\u00e1 muy importante y su desempe\u00f1o en la administraci\u00f3n capitalina definir\u00e1 sus aspiraciones a participar como aspirante, tambi\u00e9n de la izquierda, a la Presidencia de la Rep\u00fablica en el 2018.<\/p>\n<p>Ante ese panorama en la izquierda, Camacho Quiroz tiene la oportunidad de\u00a0 consolidar un PRI capitalino que responda a las necesidades de una sociedad en busca de mayor seguridad, m\u00e1s empleo, mejor educaci\u00f3n, combate real a la carest\u00eda, menos impuestos, etc\u00e9tera.<\/p>\n<p>Como un pol\u00edtico experimentado que es, el nuevo l\u00edder tricolor tendr\u00e1 que ir al fondo de las cosas con el prop\u00f3sito de que el PRI capitalino recupere el poder. Este es, sin lugar a dudas,\u00a0 uno de los retos principales de Camacho Quiroz, para esto, deber\u00e1 empezar a limpiar la casa.<\/p>\n<p style=\"text-align: right;\"><em><b>Feliz fin de semana.<\/b><\/em><\/p>\n<p><em><a href=\"mailto:aco2742@hotmail.com\" target=\"_blank\">aco2742@hotmail.com<\/a><\/em><\/p>\n","protected":false},"excerpt":{"rendered":"<p><span style=\"color: #005497;\"><strong>Augusto Corro<\/strong><\/span><\/p>\n","protected":false},"author":3,"featured_media":0,"comment_status":"open","ping_status":"open","sticky":false,"template":"","format":"standard","meta":{"_monsterinsights_skip_tracking":false,"_monsterinsights_sitenote_active":false,"_monsterinsights_sitenote_note":"","_monsterinsights_sitenote_category":0,"footnotes":""},"categories":[157],"tags":[43686,3184,25627,43674,362,11515],"class_list":["post-114866","post","type-post","status-publish","format-standard","hentry","category-augusto-corro","tag-augusto-corro","tag-cesar-camacho-quiroz","tag-distrtito-federal","tag-opinion","tag-pri","tag-punto-por-punto"],"_links":{"self":[{"href":"https:\/\/www.diarioimagen.net\/index.php?rest_route=\/wp\/v2\/posts\/114866","targetHints":{"allow":["GET"]}}],"collection":[{"href":"https:\/\/www.diarioimagen.net\/index.php?rest_route=\/wp\/v2\/posts"}],"about":[{"href":"https:\/\/www.diarioimagen.net\/index.php?rest_route=\/wp\/v2\/types\/post"}],"author":[{"embeddable":true,"href":"https:\/\/www.diarioimagen.net\/index.php?rest_route=\/wp\/v2\/users\/3"}],"replies":[{"embeddable":true,"href":"https:\/\/www.diarioimagen.net\/index.php?rest_route=%2Fwp%2Fv2%2Fcomments&post=114866"}],"version-history":[{"count":0,"href":"https:\/\/www.diarioimagen.net\/index.php?rest_route=\/wp\/v2\/posts\/114866\/revisions"}],"wp:attachment":[{"href":"https:\/\/www.diarioimagen.net\/index.php?rest_route=%2Fwp%2Fv2%2Fmedia&parent=114866"}],"wp:term":[{"taxonomy":"category","embeddable":true,"href":"https:\/\/www.diarioimagen.net\/index.php?rest_route=%2Fwp%2Fv2%2Fcategories&post=114866"},{"taxonomy":"post_tag","embeddable":true,"href":"https:\/\/www.diarioimagen.net\/index.php?rest_route=%2Fwp%2Fv2%2Ftags&post=114866"}],"curies":[{"name":"wp","href":"https:\/\/api.w.org\/{rel}","templated":true}]}}